{"id":2602,"date":"2012-10-16T09:30:09","date_gmt":"2012-10-16T09:30:09","guid":{"rendered":"http:\/\/blog.causeur.fr\/antidote\/?p=2602"},"modified":"2021-04-26T16:10:42","modified_gmt":"2021-04-26T14:10:42","slug":"cannabis-engueulade-maitrisee-pour-peillon","status":"publish","type":"post","link":"https:\/\/blog.causeur.fr\/antidote\/cannabis-engueulade-maitrisee-pour-peillon-2602","title":{"rendered":"Cannabis : \u00ab\u00a0Engueulade ma\u00eetris\u00e9e\u00a0\u00bb pour Peillon"},"content":{"rendered":"<p><a href=\"http:\/\/blog.causeur.fr\/antidote\/files\/2012\/10\/martinet.jpg\"><img loading=\"lazy\" decoding=\"async\" class=\"alignleft size-full wp-image-2604\" src=\"http:\/\/blog.causeur.fr\/antidote\/files\/2012\/10\/martinet.jpg\" alt=\"\" width=\"250\" height=\"181\" \/><\/a>D&rsquo;apr\u00e8s <a href=\"http:\/\/www.europe1.fr\/Politique\/Cannabis-Hollande-a-appele-Peillon-1275633\/\" target=\"_blank\" rel=\"noopener\">le site d&rsquo;Europe 1<\/a>, Vincent Peillon, qui r\u00e9clamait dimanche l&rsquo;ouverture d&rsquo;un d\u00e9bat sur la d\u00e9p\u00e9nalisation de l&rsquo;usage du cannabis, aurait re\u00e7u lundi un appel t\u00e9l\u00e9phonique de la part du Pr\u00e9sident Hollande et subi, selon la confidence d&rsquo;un conseiller du Ch\u00e2teau, une \u00ab\u00a0engueulade ma\u00eetris\u00e9e\u00a0\u00bb. Cet adjectif me laisse songeur. Est-ce \u00e0 dire qu&rsquo;un chef d&rsquo;Etat normal ne traite plus, comme aux heures les plus sombres de notre histoire sarkozyste, ses ministres de connard ou d&rsquo;enfoir\u00e9 ? Qu&rsquo;il se contente de les qualifier de foutriquet, de triple-buse ou de bachibouzouk ? Il faut dire que le ministre de l&rsquo;\u00e9ducation nationale avait besoin de ce recadrage. Faire une telle annonce le lendemain de la mise en examen d&rsquo;une \u00e9lue de la majorit\u00e9, pour blanchiment d&rsquo;argent de la drogue, ce n&rsquo;est pas forc\u00e9ment faire preuve d&rsquo;un sens de l&rsquo;opportunit\u00e9 politique hors du commun. Dans ces conditions, d&rsquo;aucuns regretteraient presque de ne pouvoir appliquer au locataire de la rue de Grenelle quelques ch\u00e2timents corporels. Tel n&rsquo;est plus le cas, heureusement, de nos jours. Inspirons-nous de cette volont\u00e9 de ma\u00eetriser les engueulades ! Tiens, moi, je vais essayer avec les gosses.<\/p>\n<p>&nbsp;<\/p>\n","protected":false},"excerpt":{"rendered":"<p>D&rsquo;apr\u00e8s le site d&rsquo;Europe 1, Vincent Peillon, qui r\u00e9clamait dimanche l&rsquo;ouverture d&rsquo;un d\u00e9bat sur la d\u00e9p\u00e9nalisation de l&rsquo;usage du cannabis, aurait re\u00e7u lundi un appel t\u00e9l\u00e9phonique de la part du Pr\u00e9sident Hollande et subi, selon la confidence d&rsquo;un conseiller du Ch\u00e2teau, une \u00ab\u00a0engueulade ma\u00eetris\u00e9e\u00a0\u00bb. Cet adjectif me laisse songeur. Est-ce \u00e0 dire qu&rsquo;un chef d&rsquo;Etat [&hellip;]<\/p>\n","protected":false},"author":10,"featured_media":0,"comment_status":"open","ping_status":"open","sticky":false,"template":"","format":"standard","meta":{"footnotes":""},"categories":[4],"tags":[],"class_list":{"0":"post-2602","1":"post","2":"type-post","3":"status-publish","4":"format-standard","6":"category-oxygene"},"_links":{"self":[{"href":"https:\/\/blog.causeur.fr\/antidote\/wp-json\/wp\/v2\/posts\/2602","targetHints":{"allow":["GET"]}}],"collection":[{"href":"https:\/\/blog.causeur.fr\/antidote\/wp-json\/wp\/v2\/posts"}],"about":[{"href":"https:\/\/blog.causeur.fr\/antidote\/wp-json\/wp\/v2\/types\/post"}],"author":[{"embeddable":true,"href":"https:\/\/blog.causeur.fr\/antidote\/wp-json\/wp\/v2\/users\/10"}],"replies":[{"embeddable":true,"href":"https:\/\/blog.causeur.fr\/antidote\/wp-json\/wp\/v2\/comments?post=2602"}],"version-history":[{"count":0,"href":"https:\/\/blog.causeur.fr\/antidote\/wp-json\/wp\/v2\/posts\/2602\/revisions"}],"wp:attachment":[{"href":"https:\/\/blog.causeur.fr\/antidote\/wp-json\/wp\/v2\/media?parent=2602"}],"wp:term":[{"taxonomy":"category","embeddable":true,"href":"https:\/\/blog.causeur.fr\/antidote\/wp-json\/wp\/v2\/categories?post=2602"},{"taxonomy":"post_tag","embeddable":true,"href":"https:\/\/blog.causeur.fr\/antidote\/wp-json\/wp\/v2\/tags?post=2602"}],"curies":[{"name":"wp","href":"https:\/\/api.w.org\/{rel}","templated":true}]}}