{"id":263,"date":"2009-05-02T07:00:50","date_gmt":"2009-05-02T06:00:50","guid":{"rendered":"http:\/\/carnet.causeur.fr\/antidote\/?p=263"},"modified":"2021-04-26T16:12:04","modified_gmt":"2021-04-26T14:12:04","slug":"revolution-villepin-doit-dabord-faire-la-sienne","status":"publish","type":"post","link":"https:\/\/blog.causeur.fr\/antidote\/revolution-villepin-doit-dabord-faire-la-sienne-263","title":{"rendered":"R\u00e9volution : Villepin doit d&#039;abord faire la sienne"},"content":{"rendered":"<p>Dominique de Villepin n&rsquo;a pas l\u00e9sin\u00e9. <a href=\"http:\/\/carnet.causeur.fr\/antidote\/comment-qualifier-la-naivete-de-dominique-de-villepin,0013\" target=\"_blank\" rel=\"noopener\">Maintenant qu&rsquo;il sait que Nicolas Sarkozy veut sa mort politique<\/a>[1. Il en aura mis du temps !], maintenant qu&rsquo;il semble compl\u00e8tement d\u00e9cid\u00e9 de ne plus \u00eatre la souris \u00e0 moiti\u00e9 morte entre les coussinets du matou Sarko, il a lanc\u00e9 deux pav\u00e9s dans la mare m\u00e9diatique la semaine derni\u00e8re en jugeant, d&rsquo;une part, pr\u00e9-r\u00e9volutionnaire la situation de notre pays et en annon\u00e7ant, d&rsquo;autre part, qu&rsquo;il n&rsquo;\u00e9cartait pas l&rsquo;id\u00e9e d&rsquo;une candidature \u00e0 l&rsquo;\u00e9lection pr\u00e9sidentielle de 2012[2. Ou avant si les \u00e9v\u00e8nements r\u00e9volutionnaires qu&rsquo;il pressent venaient \u00e0 bouleverser le calendrier]<\/p>\n<p>Pour \u00eatre candidat \u00e0 cette \u00e9lection, Dominique de Villepin a besoin de la conjonction de trois \u00e9l\u00e9ments. D&rsquo;abord, il a effectivement besoin d&rsquo;une situation intenable pour l&rsquo;actuel pr\u00e9sident de la R\u00e9publique, situation qui mettrait en avant son exp\u00e9rience, sa dimension internationale, sa sagesse, toutes qualit\u00e9s qu&rsquo;il pense cumuler et dont il est persuad\u00e9 que les Fran\u00e7ais les associent \u00e0 sa personnalit\u00e9. C&rsquo;est la raison de sa sortie sur la situation \u00ab\u00a0pr\u00e9-r\u00e9volutionnaire\u00a0\u00bb. Ensuite, il lui faut une cr\u00e9dibilit\u00e9 retrouv\u00e9e et, enfin, un espace politique.<\/p>\n<p>Actuellement, Dominique de Villepin n&rsquo;a gu\u00e8re trouv\u00e9 comme espace que l&rsquo;anti-sarkozysme. Convenons que le cr\u00e9neau est bien embouteill\u00e9. Identifi\u00e9 comme chiraquien et donc lib\u00e9ral davantage ti\u00e8de que Sarkozy, oui-ouiste sur la constitution europ\u00e9enne, il occupe peu ou prou l&rsquo;espace vampiris\u00e9 par Fran\u00e7ois Bayrou. C&rsquo;est d&rsquo;autant plus le cas que ce dernier s&rsquo;est derni\u00e8rement mu\u00e9 en d\u00e9fenseur de l&rsquo;h\u00e9ritage gaullien \u00e0 l&rsquo;occasion du d\u00e9bat sur le retour dans le commandement int\u00e9gr\u00e9 de l&rsquo;OTAN. Il va de soi qu&rsquo;il part avec plusieurs longueurs de retard sur le chef du MoDem. L&rsquo;espace est donc ailleurs. Et il a d\u00e9j\u00e0 manqu\u00e9 de le tutoyer pendant l&rsquo;hiver qui pr\u00e9c\u00e9dait l&rsquo;\u00e9lection pr\u00e9sidentielle de 2007. C&rsquo;est Emmanuel Todd qui fit cette confidence : Dominique de Villepin, alors premier ministre, le rencontra ainsi qu&rsquo;Hakim El Karoui, th\u00e9oricien du protectionnisme europ\u00e9en, pour explorer les voies d&rsquo;une candidature pr\u00e9sidentielle sur ce th\u00e8me. Chirac, d&rsquo;apr\u00e8s Todd, l&rsquo;aurait dissuad\u00e9. Or c&rsquo;est justement sur ce th\u00e8me qu&rsquo;a d\u00e9cid\u00e9 de faire campagne Nicolas Dupont-Aignan en pr\u00e9sentant ses listes DEBOUT LA REPUBLIQUE aux \u00e9lections europ\u00e9ennes. Il ne serait sans doute pas inutile pour Villepin de donner un coup de pouce salutaire \u00e0 NDA par un mot, une phrase, laissant entendre que l&rsquo;action de ce dernier ne le laisse pas indiff\u00e9rent. Cela aurait l&rsquo;avantage de mettre en lumi\u00e8re un parti -jeune- qui ne l&rsquo;est gu\u00e8re et les progr\u00e8s dans les sondages qui s&rsquo;ensuivraient pourraient lui \u00eatre cr\u00e9dit\u00e9s. Cet espace, gaullien plut\u00f4t que souverainiste, lui sied davantage. Et s&rsquo;il a du retard sur Bayrou, il a plut\u00f4t de l&rsquo;avance sur Dupont-Aignan. Cette mue ne peut toutefois r\u00e9ussir qu&rsquo;\u00e0 la condition de clarifier son engagement et donc de renforcer sa cr\u00e9dibilit\u00e9.<\/p>\n<p>Car Villepin a \u00e9t\u00e9 un chef de gouvernement qui a privatis\u00e9 les autoroutes, initi\u00e9 le Contrat Premier Emba\u00fbche et dont les principaux soutiens \u00e0 l&rsquo;Assembl\u00e9e Nationale sont Herv\u00e9 Mariton et Fran\u00e7ois Goulard, lib\u00e9raux bon teint. Afin de r\u00e9ussir sa mue, il doit regretter publiquement ces mesures et se d\u00e9faire de ces encombrants alli\u00e9s. Dans le cas contraire, il ne serait pas cr\u00e9dible. En a t-il la capacit\u00e9 ? Je n&rsquo;oublie pas qu&rsquo;il fut de ceux qui firent campagne pour le Oui au r\u00e9ferendum de 2005 avec des arguments du genre :<em>\u00ab\u00a0l&rsquo;anniversaire de la lib\u00e9ration des camps de la mort, pouvons-nous dire non \u00e0 l&rsquo;Europe\u00a0\u00bb ?<\/em> [4. Expression employ\u00e9e par DDV lui-m\u00eame dans l&rsquo;\u00e9mission d&rsquo;Arlette Chabod] Pitoyable ! Il doit aussi \u00e9couter. Ceux qui sont \u00e9lus et qui ont davantage d&rsquo;exp\u00e9rience du terrain que lui peuvent lui apporter beaucoup. La strat\u00e9gie politique n&rsquo;a jamais \u00e9t\u00e9 son fort. On se souvient qu&rsquo;il fut \u00e0 l&rsquo;origine de la dissolution de 1997. Et la fa\u00e7on dont il se complut \u00e0 \u00eatre le jouet de Nicolas Sarkozy l&rsquo;\u00e9t\u00e9 dernier ne plaide pas non plus en sa faveur. Sa cr\u00e9dibilit\u00e9 d\u00e9pend bien entendu aussi, et surtout, de son avenir judiciaire. L&rsquo;issue mais aussi la date de son futur proc\u00e8s conditionnent \u00e9videmment sa pr\u00e9sence \u00e0 la prochaine \u00e9lection pr\u00e9sidentielle et <em>a fortiori<\/em> un succ\u00e8s.<\/p>\n<p>Villepin n&rsquo;a donc pas toutes les cartes en main mais il en poss\u00e8de certaines. Saura t-il jouer les bonnes ?<\/p>\n","protected":false},"excerpt":{"rendered":"<p>Petite lecture dans le jeu politique de l&rsquo;ancien Premier Ministre<\/p>\n","protected":false},"author":10,"featured_media":0,"comment_status":"open","ping_status":"closed","sticky":false,"template":"","format":"standard","meta":{"footnotes":""},"categories":[4],"tags":[],"class_list":{"0":"post-263","1":"post","2":"type-post","3":"status-publish","4":"format-standard","6":"category-oxygene"},"_links":{"self":[{"href":"https:\/\/blog.causeur.fr\/antidote\/wp-json\/wp\/v2\/posts\/263","targetHints":{"allow":["GET"]}}],"collection":[{"href":"https:\/\/blog.causeur.fr\/antidote\/wp-json\/wp\/v2\/posts"}],"about":[{"href":"https:\/\/blog.causeur.fr\/antidote\/wp-json\/wp\/v2\/types\/post"}],"author":[{"embeddable":true,"href":"https:\/\/blog.causeur.fr\/antidote\/wp-json\/wp\/v2\/users\/10"}],"replies":[{"embeddable":true,"href":"https:\/\/blog.causeur.fr\/antidote\/wp-json\/wp\/v2\/comments?post=263"}],"version-history":[{"count":0,"href":"https:\/\/blog.causeur.fr\/antidote\/wp-json\/wp\/v2\/posts\/263\/revisions"}],"wp:attachment":[{"href":"https:\/\/blog.causeur.fr\/antidote\/wp-json\/wp\/v2\/media?parent=263"}],"wp:term":[{"taxonomy":"category","embeddable":true,"href":"https:\/\/blog.causeur.fr\/antidote\/wp-json\/wp\/v2\/categories?post=263"},{"taxonomy":"post_tag","embeddable":true,"href":"https:\/\/blog.causeur.fr\/antidote\/wp-json\/wp\/v2\/tags?post=263"}],"curies":[{"name":"wp","href":"https:\/\/api.w.org\/{rel}","templated":true}]}}