{"id":2639,"date":"2012-12-10T14:29:10","date_gmt":"2012-12-10T14:29:10","guid":{"rendered":"http:\/\/blog.causeur.fr\/antidote\/?p=2639"},"modified":"2021-04-26T16:10:41","modified_gmt":"2021-04-26T14:10:41","slug":"offense-au-chef-de-leta-a-la-miette-de-pain","status":"publish","type":"post","link":"https:\/\/blog.causeur.fr\/antidote\/offense-au-chef-de-leta-a-la-miette-de-pain-2639","title":{"rendered":"Offense au Chef de l&rsquo;Etat \u00e0 la miette de pain ?"},"content":{"rendered":"<p><a href=\"http:\/\/blog.causeur.fr\/antidote\/files\/2012\/12\/miettes-de-pain.jpg\"><img loading=\"lazy\" decoding=\"async\" class=\"alignleft size-full wp-image-2641\" src=\"http:\/\/blog.causeur.fr\/antidote\/files\/2012\/12\/miettes-de-pain.jpg\" alt=\"\" width=\"300\" height=\"225\" \/><\/a>C\u2019est France 3 Picardie <a href=\"http:\/\/picardie.france3.fr\/2012\/12\/07\/des-anciens-agriculteurs-sont-accuses-d-offense-au-chef-de-l-etat-pour-lui-avoir-envoye-des-lettres-avec-des-miettes-de-pain-160427.html\" target=\"_blank\" rel=\"noopener\">qui nous l\u2019apprend<\/a>, un agriculteur retrait\u00e9, Henri Carton, 73 ans, a re\u00e7u une convocation du commissaire de Laon. On avait cru dans un premier temps \u00a0\u00e0 une plainte du Pr\u00e9sident de la R\u00e9publique pour offense au Chef de l\u2019Etat. On s&rsquo;en \u00e9tonnait, ce genre de plainte devant demeurer enfouie dans les heures les plus sombres de la pr\u00e9sidence de Nicolas Sarkozy. Ce dernier avait assign\u00e9 un citoyen qui avait eu le mauvais go\u00fbt de brandir une pancarte \u00ab\u00a0Casse-toi pov\u2019con\u00a0\u00bb sur le passage pr\u00e9sidentiel. Henri Carton, lui, a suscit\u00e9 quelques centaines de lettres de retrait\u00e9s agricoles remplies de miettes de pain, afin de symboliser le niveau de leurs pensions. \u00a0Le parquet a \u00e9t\u00e9 saisi afin de savoir quels terroristes pouvaient bien attenter ainsi \u00e0 l&rsquo;honneur du Pr\u00e9sident. Par qui ? Les services de s\u00e9curit\u00e9 de l&rsquo;Elys\u00e9e ? Le secr\u00e9tariat g\u00e9n\u00e9ral ? Le Pr\u00e9sident lui-m\u00eame \u00e9tait-il au courant ? En tout \u00e9tat de cause, si Henri Carton explique que l&rsquo;offense \u00e0 chef d&rsquo;Etat a bien \u00e9t\u00e9 \u00e9voqu\u00e9e, le procureur de Laon nie que des poursuites aient pu \u00eatre envisag\u00e9es au Ch\u00e2teau. Et cela, en d\u00e9pit du fait que la c\u00e9l\u00e8bre anaphore du candidat Hollande ne comprenait pas la ligne suivante :\u00a0\u00ab Moi, Pr\u00e9sident, je ne d\u00e9poserai pas plainte contre les citoyens de mon pays\u00a0\u00bb. L\u2019honneur est sauf.<\/p>\n<p><strong>Mis \u00e0 jour Lundi 10\/12\/12 18h25<\/strong><\/p>\n<p>&nbsp;<\/p>\n","protected":false},"excerpt":{"rendered":"<p>C\u2019est France 3 Picardie qui nous l\u2019apprend, un agriculteur retrait\u00e9, Henri Carton, 73 ans, a re\u00e7u une convocation du commissaire de Laon. On avait cru dans un premier temps \u00a0\u00e0 une plainte du Pr\u00e9sident de la R\u00e9publique pour offense au Chef de l\u2019Etat. On s&rsquo;en \u00e9tonnait, ce genre de plainte devant demeurer enfouie dans les [&hellip;]<\/p>\n","protected":false},"author":10,"featured_media":0,"comment_status":"open","ping_status":"open","sticky":false,"template":"","format":"standard","meta":{"footnotes":""},"categories":[4],"tags":[],"class_list":{"0":"post-2639","1":"post","2":"type-post","3":"status-publish","4":"format-standard","6":"category-oxygene"},"_links":{"self":[{"href":"https:\/\/blog.causeur.fr\/antidote\/wp-json\/wp\/v2\/posts\/2639","targetHints":{"allow":["GET"]}}],"collection":[{"href":"https:\/\/blog.causeur.fr\/antidote\/wp-json\/wp\/v2\/posts"}],"about":[{"href":"https:\/\/blog.causeur.fr\/antidote\/wp-json\/wp\/v2\/types\/post"}],"author":[{"embeddable":true,"href":"https:\/\/blog.causeur.fr\/antidote\/wp-json\/wp\/v2\/users\/10"}],"replies":[{"embeddable":true,"href":"https:\/\/blog.causeur.fr\/antidote\/wp-json\/wp\/v2\/comments?post=2639"}],"version-history":[{"count":0,"href":"https:\/\/blog.causeur.fr\/antidote\/wp-json\/wp\/v2\/posts\/2639\/revisions"}],"wp:attachment":[{"href":"https:\/\/blog.causeur.fr\/antidote\/wp-json\/wp\/v2\/media?parent=2639"}],"wp:term":[{"taxonomy":"category","embeddable":true,"href":"https:\/\/blog.causeur.fr\/antidote\/wp-json\/wp\/v2\/categories?post=2639"},{"taxonomy":"post_tag","embeddable":true,"href":"https:\/\/blog.causeur.fr\/antidote\/wp-json\/wp\/v2\/tags?post=2639"}],"curies":[{"name":"wp","href":"https:\/\/api.w.org\/{rel}","templated":true}]}}