{"id":2642,"date":"2012-12-17T16:20:29","date_gmt":"2012-12-17T16:20:29","guid":{"rendered":"http:\/\/blog.causeur.fr\/antidote\/?p=2642"},"modified":"2021-04-26T16:10:41","modified_gmt":"2021-04-26T14:10:41","slug":"tous-en-belgique","status":"publish","type":"post","link":"https:\/\/blog.causeur.fr\/antidote\/tous-en-belgique-2642","title":{"rendered":"Tous en Belgique"},"content":{"rendered":"<h3>Des acteurs vedettes aux mamans lesbiennes, vive l\u2019Europe\u00a0!<\/h3>\n<p>&nbsp;<\/p>\n<p><a href=\"http:\/\/blog.causeur.fr\/antidote\/files\/2012\/12\/Belgique.gif\"><img loading=\"lazy\" decoding=\"async\" class=\"alignleft size-thumbnail wp-image-2643\" src=\"http:\/\/blog.causeur.fr\/antidote\/files\/2012\/12\/Belgique-150x150.gif\" alt=\"\" width=\"150\" height=\"150\" \/><\/a><\/p>\n<p><a href=\"http:\/\/www.causeur.fr\/gerard-depardieu-un-vrai-socialiste-francais,20431\" target=\"_blank\" rel=\"noopener\">Xavier Th\u00e9ry<\/a>\u00a0et\u00a0<a href=\"http:\/\/www.causeur.fr\/depardieu-contribuable-sans-frontieres,20434\" target=\"_blank\" rel=\"noopener\">Elisabeth L\u00e9vy<\/a>\u00a0ont bien raison de renvoyer la plupart des socialistes \u00e0 leurs contradictions. Lorsqu\u2019on a souhait\u00e9, dans le discours et dans les actes, la citoyennet\u00e9 europ\u00e9enne \u2013 sinon mondiale -, la libert\u00e9 de circulation des biens et des personnes, il est plut\u00f4t culott\u00e9 de reprocher \u00e0 G\u00e9rard Depardieu d\u2019en profiter. Mais l\u2019actualit\u00e9 est d\u00e9cid\u00e9ment taquine et on a pu observer hier, aussi bien dans la rue que sur les r\u00e9seaux sociaux, des contradictions pas moins consternantes.<!--more--><\/p>\n<p>&nbsp;<\/p>\n<p>Ainsi, les m\u00eames qui reprochaient \u00e0 l\u2019acteur fran\u00e7ais de profiter de la l\u00e9gislation belge ne voyaient visiblement aucun inconv\u00e9nient \u00e0 ce que des femmes aient pu faire de m\u00eame en mati\u00e8re bio\u00e9thique. Ainsi, aller habiter \u00e0 N\u00e9chin pour payer moins d\u2019imp\u00f4t, c\u2019est mal mais faire un aller-retour \u00e0 Li\u00e8ge pour b\u00e9n\u00e9ficier d\u2019une Procr\u00e9ation M\u00e9dicalement Assist\u00e9e, o\u00f9 l\u2019on pourra choisir la couleur des yeux et des cheveux du donneur, c\u2019est tr\u00e8s bien \u2013 comme nous l\u2019expliquait aujourd\u2019hui un reportage de RTL. S\u2019en tenant \u00e0 un \u00ab\u00a0principe de r\u00e9alit\u00e9\u00a0\u00bb dont ils nient la l\u00e9gitimit\u00e9 en mati\u00e8re fiscale, ils r\u00e9clament aujourd\u2019hui que la France adopte une l\u00e9gislation similaire \u00e0 celle de la Belgique en mati\u00e8re de PMA non sans qualifier d\u2019homophobes ceux qui s\u2019en inqui\u00e8tent plus ou moins bruyamment. Dans un m\u00eame souci de d\u00e9fendre la libert\u00e9 individuelle, Pierre Berg\u00e9 pousse le bouchon plus loin encore en demandant que la gestation pour autrui, en vigueur dans d\u2019autres pays puisse aussi \u00eatre autoris\u00e9e en France, attendu que \u201c<em>Louer son ventre pour faire un enfant ou louer ses bras pour travailler \u00e0 l\u2019usine, quelle diff\u00e9rence ?\u2026 \u201c.\u00a0<\/em>Le Grand March\u00e9, on le voit, fait des \u00e9mules, au moins en mati\u00e8re soci\u00e9tale.<\/p>\n<p>&nbsp;<\/p>\n<p>Mais ne comptez pas sur moi pour m\u2019arr\u00eater l\u00e0. Car, de l\u2019autre c\u00f4t\u00e9 aussi, on manque de coh\u00e9rence. Ainsi peut-on observer sur le flanc droit de l\u2019\u00e9chiquier politique, des personnes qui ne voient non seulement aucun inconv\u00e9nient \u00e0 ce que G\u00e9rard Depardieu use de sa libert\u00e9 individuelle de circulation, mais en imputent la responsabilit\u00e9 au nouveau gouvernement qui aurait trop charg\u00e9 la barque fiscale. Se pr\u00e9valant aussi d\u2019un \u00ab\u00a0principe de r\u00e9alit\u00e9\u00a0\u00bb, ils r\u00e9clament que notre l\u00e9gislation fiscale soit adapt\u00e9e dans le sens d\u2019une moins grande taxation ainsi qu\u2019elle existe dans d\u2019autres pays europ\u00e9ens. En revanche, pas question pour eux d\u2019autoriser la PMA en France comme elle l\u2019est en Belgique. Les femmes qui ont profit\u00e9 du Grand March\u00e9 europ\u00e9en, qu\u2019ils ont aussi, pour la plupart, ent\u00e9rin\u00e9 par leurs votes aux diff\u00e9rents trait\u00e9s, peuvent se retrouver, avec leurs enfants ainsi con\u00e7us, dans des situations difficiles, peu leur chaut, on ne va pas s\u2019aligner sur la Belgique pour si peu.<\/p>\n<p>&nbsp;<\/p>\n<p>Votre serviteur, vous l\u2019aurez compris, ne fait partie ni de la premi\u00e8re, ni de la seconde cat\u00e9gorie. Il a vot\u00e9 \u00e0 chaque fois qu\u2019il a pu contre le Grand March\u00e9. Il trouve l\u00e9gitime que le gouvernement de son pays, l\u00e9gitimement \u00e9lu, puisse faire adopter les l\u00e9gislations fiscales et bio\u00e9thiques qu\u2019il souhaite. Il consid\u00e8re que copier sur le pays voisin au nom d\u2019un \u00ab\u00a0principe de r\u00e9alit\u00e9\u00a0\u00bb \u00e0 g\u00e9om\u00e9trie variable constitue un aveu d\u2019impuissance d\u00e9mocratique. Et trouve profond\u00e9ment triste que certains de ses compatriotes se soustraient \u00e0 l\u2019expression de la volont\u00e9 g\u00e9n\u00e9rale de leur Nation, en mati\u00e8re fiscale comme en mati\u00e8re bio\u00e9thique.<\/p>\n<p>&nbsp;<\/p>\n","protected":false},"excerpt":{"rendered":"<p>Des acteurs vedettes aux mamans lesbiennes, vive l\u2019Europe\u00a0! &nbsp; Xavier Th\u00e9ry\u00a0et\u00a0Elisabeth L\u00e9vy\u00a0ont bien raison de renvoyer la plupart des socialistes \u00e0 leurs contradictions. Lorsqu\u2019on a souhait\u00e9, dans le discours et dans les actes, la citoyennet\u00e9 europ\u00e9enne \u2013 sinon mondiale -, la libert\u00e9 de circulation des biens et des personnes, il est plut\u00f4t culott\u00e9 de reprocher [&hellip;]<\/p>\n","protected":false},"author":10,"featured_media":0,"comment_status":"open","ping_status":"open","sticky":false,"template":"","format":"standard","meta":{"footnotes":""},"categories":[5],"tags":[],"class_list":{"0":"post-2642","1":"post","2":"type-post","3":"status-publish","4":"format-standard","6":"category-sulfate"},"_links":{"self":[{"href":"https:\/\/blog.causeur.fr\/antidote\/wp-json\/wp\/v2\/posts\/2642","targetHints":{"allow":["GET"]}}],"collection":[{"href":"https:\/\/blog.causeur.fr\/antidote\/wp-json\/wp\/v2\/posts"}],"about":[{"href":"https:\/\/blog.causeur.fr\/antidote\/wp-json\/wp\/v2\/types\/post"}],"author":[{"embeddable":true,"href":"https:\/\/blog.causeur.fr\/antidote\/wp-json\/wp\/v2\/users\/10"}],"replies":[{"embeddable":true,"href":"https:\/\/blog.causeur.fr\/antidote\/wp-json\/wp\/v2\/comments?post=2642"}],"version-history":[{"count":0,"href":"https:\/\/blog.causeur.fr\/antidote\/wp-json\/wp\/v2\/posts\/2642\/revisions"}],"wp:attachment":[{"href":"https:\/\/blog.causeur.fr\/antidote\/wp-json\/wp\/v2\/media?parent=2642"}],"wp:term":[{"taxonomy":"category","embeddable":true,"href":"https:\/\/blog.causeur.fr\/antidote\/wp-json\/wp\/v2\/categories?post=2642"},{"taxonomy":"post_tag","embeddable":true,"href":"https:\/\/blog.causeur.fr\/antidote\/wp-json\/wp\/v2\/tags?post=2642"}],"curies":[{"name":"wp","href":"https:\/\/api.w.org\/{rel}","templated":true}]}}