{"id":2672,"date":"2013-02-15T16:30:56","date_gmt":"2013-02-15T16:30:56","guid":{"rendered":"http:\/\/blog.causeur.fr\/antidote\/?p=2672"},"modified":"2021-04-26T16:10:41","modified_gmt":"2021-04-26T14:10:41","slug":"lettre-ouverte-a-valerie-pecresse","status":"publish","type":"post","link":"https:\/\/blog.causeur.fr\/antidote\/lettre-ouverte-a-valerie-pecresse-2672","title":{"rendered":"Lettre ouverte \u00e0 Val\u00e9rie P\u00e9cresse"},"content":{"rendered":"<h3>Quand on parle look, soyez plus cool !<\/h3>\n<p><a href=\"http:\/\/blog.causeur.fr\/antidote\/files\/2013\/02\/Valerie_Pecresse1.jpg\"><img loading=\"lazy\" decoding=\"async\" class=\"alignleft size-medium wp-image-2675\" src=\"http:\/\/blog.causeur.fr\/antidote\/files\/2013\/02\/Valerie_Pecresse1-225x300.jpg\" alt=\"\" width=\"225\" height=\"300\" srcset=\"https:\/\/blog.causeur.fr\/antidote\/wp-content\/uploads\/sites\/9\/2013\/02\/Valerie_Pecresse1-225x300.jpg 225w, https:\/\/blog.causeur.fr\/antidote\/wp-content\/uploads\/sites\/9\/2013\/02\/Valerie_Pecresse1-768x1024.jpg 768w, https:\/\/blog.causeur.fr\/antidote\/wp-content\/uploads\/sites\/9\/2013\/02\/Valerie_Pecresse1.jpg 1500w\" sizes=\"auto, (max-width: 225px) 100vw, 225px\" \/><\/a>Madame la ministre,<\/p>\n<p>&nbsp;<\/p>\n<p>Madame la ministre,<br \/>\nInvit\u00e9e de la matinale de Canal + hier, vous \u00a0avez\u00a0<a href=\"http:\/\/lelab.europe1.fr\/t\/valerie-pecresse-solidaire-de-yamina-benguigui-sur-son-bizutage-a-l-assemblee-7507\" target=\"_blank\" rel=\"noopener\">tenu un propos<\/a>qui, je dois vous le confier, m\u2019a \u00e9tonn\u00e9 de la part d\u2019une personne ayant exerc\u00e9 des fonctions minist\u00e9rielles fort importantes, tant il semblait manquer de discernement.<br \/>\nEn premier lieu, je vous avoue avoir trouv\u00e9 plut\u00f4t bienvenu votre solidarit\u00e9 avec Yamina Benguigui, victime d\u2019un bizutage la veille\u00a0dans l\u2019h\u00e9micycle pendant les questions au gouvernement. Vos coll\u00e8gues de l\u2019UMP ont singuli\u00e8rement manqu\u00e9 de classe et de retenue \u00e0 cette occasion, et je mets ces manifestations masculines sur le compte de la goujaterie voire de l\u2019immaturit\u00e9 qu\u2019on retrouve chez des hommes ayant pass\u00e9 la cinquantaine. Lorsque vous pr\u00e9cisez que ce\u00a0<em>\u00ab\u00a0bizutage est plus fort chez les femmes\u00a0\u00bb<\/em>, je vous crois bien volontiers puisque vous avez davantage que moi l\u2019exp\u00e9rience de l\u2019h\u00e9micycle.<br \/>\nEn revanche, et c\u2019est l\u2019objet de cette missive, je ne comprends pas votre accusation de machisme envers Roger Karoutchi. Ce dernier a en effet d\u00e9clar\u00e9 que votre coll\u00e8gue NKM avait\u00a0<em>\u00ab\u00a0le look pour Paris\u00a0\u00bb<\/em>.\u00a0<em>\u00ab\u00a0Pourquoi les femmes sont-elles jug\u00e9es sur leur look\u00a0? Peut-\u00eatre qu\u2019un jour, on sera jug\u00e9es sur nos comp\u00e9tences\u00a0\u00bb<\/em>, protestez-vous. Et l\u00e0, madame la ministre, les bras m\u2019en tombent. Vous n\u2019avez donc jamais entendu de tel propos sur le look de vos coll\u00e8gues masculins\u00a0? N\u2019a-t-on jamais dit d\u2019Arnaud Montebourg \u00e0 ses d\u00e9buts qu\u2019il avait le look aristo, au point de lui attribuer une particule superf\u00e9tatoire\u00a0? Ne dit-on pas de certains de vos coll\u00e8gues qu\u2019ils ont une allure de gendre id\u00e9al\u00a0? Avons-nous le droit de trouver le physique d\u2019une personnalit\u00e9 politique, f\u00e9minine ou masculine, \u00e0 notre go\u00fbt sans \u00eatre accus\u00e9 de machisme pour les uns, d\u2019\u00eatre une croqueuse d\u2019hommes pour les autres[1. J\u2019ai quelques amies qui craquent sur Vincent Peillon, et je dois vous confier que votre style ne me d\u00e9pla\u00eet point, surtout lorsque vous \u00e9vitez le jean, comme dimanche dernier.] ? Nous avons le droit \u00e0 la l\u00e9g\u00e8ret\u00e9, tout de m\u00eame. D\u2019ailleurs, cette observation ne vaut pas que pour la politique. David Beckham doit-il se plaindre de misandrie lorsque, sur les plateaux de t\u00e9l\u00e9vision, des dames n\u2019\u00e9voquent que sa plastique avantageuse au lieu de s\u2019extasier sur sa facult\u00e9 \u00e0 tirer de magnifiques coups francs\u00a0?<br \/>\nVous me direz que la Politique, c\u2019est s\u00e9rieux. Cela devrait l\u2019\u00eatre, en effet. Mais Roger Karoutchi est bien oblig\u00e9 de convenir que les projets de l\u2019UMP et du PS ne se diff\u00e9renciant qu\u2019\u00e0 la marge, le marketing et la communication \u00e0 outrance ont envahi le champ \u00e9lectoral depuis une trentaine d\u2019ann\u00e9es. Ne me dites pas que vous n\u2019aviez pas, dans les minist\u00e8res que vous avez occup\u00e9s, une ou plusieurs personnes charg\u00e9es de la gestion de \u00ab\u00a0l\u2019image\u00a0\u00bb de leur patronne, \u00a0un domaine n\u2019ayant pas grand-chose \u00e0 voir avec vos comp\u00e9tences. Je ne vous croirai pas[2. Ce <a href=\"http:\/\/l-arene-nue.blogspot.fr\/2011\/04\/blog-post.html\" target=\"_blank\" rel=\"noopener\">malicieux papier<\/a> de ma camarade Coralie Delaume ne me d\u00e9mentira pas.]\u00a0Votre coll\u00e8gue NKM ne d\u00e9roge pas non plus \u00e0 la r\u00e8gle. D\u2019ailleurs, les convictions et elle, c\u2019est une histoire tourment\u00e9e. Ne s\u2019est-elle pas abstenue mardi sur un sujet que majorit\u00e9 et opposition estimaient\u00a0<em>\u00ab\u00a0de civilisation\u00a0\u00bb<\/em>\u00a0? N\u2019a-t-elle pas \u00e9t\u00e9 la porte-parole d\u2019une campagne pourtant inspir\u00e9e par quelqu\u2019un qu\u2019elle jugeait \u00ab\u00a0maurrassien\u00a0\u00bb, ce qui ne valait pas compliment dans sa bouche\u00a0? Le fait est, effectivement, qu\u2019on imagine davantage NKM faire campagne dans les rues parisiennes que dans les campagnes creusoises. Comme on imaginait, \u00e0 tort, Arnaud Montebourg solliciter les suffrages de Passy plut\u00f4t que ceux de Louhans, ou qu\u2019on vous imagine vous-m\u00eame tr\u00e8s \u00e0 votre aise sur le march\u00e9 \u00e0 Versailles.<br \/>\nDavid Abiker\u00a0<a href=\"http:\/\/davidabiker.fr\/wordpress\/rhabiller-les-femen-pour-lhiver\/\" target=\"_blank\" rel=\"noopener\">\u00e9crivait l\u2019autre jour<\/a>\u00a0qu\u2019il y avait\u00a0<em>\u00ab\u00a0plus de f\u00e9minisme dans 60 minutes d\u2019ouverture d\u2019un bureau du planning familial que dans 50 happenings post-modernes des Femen\u00a0\u00bb<\/em>. J\u2019ajouterai qu\u2019il y en a davantage dans ledit bureau que dans une centaine de plaintes \u00ab\u00a0cul-cul-la-praline\u00a0\u00bb dont vous avez donn\u00e9 l\u2019exemple en tan\u00e7ant votre vieil ennemi Roger.<br \/>\nCordialement.<\/p>\n","protected":false},"excerpt":{"rendered":"<p>Quand on parle look, soyez plus cool ! Madame la ministre, &nbsp; Madame la ministre, Invit\u00e9e de la matinale de Canal + hier, vous \u00a0avez\u00a0tenu un proposqui, je dois vous le confier, m\u2019a \u00e9tonn\u00e9 de la part d\u2019une personne ayant exerc\u00e9 des fonctions minist\u00e9rielles fort importantes, tant il semblait manquer de discernement. En premier lieu, [&hellip;]<\/p>\n","protected":false},"author":10,"featured_media":0,"comment_status":"open","ping_status":"open","sticky":false,"template":"","format":"standard","meta":{"footnotes":""},"categories":[4],"tags":[],"class_list":{"0":"post-2672","1":"post","2":"type-post","3":"status-publish","4":"format-standard","6":"category-oxygene"},"_links":{"self":[{"href":"https:\/\/blog.causeur.fr\/antidote\/wp-json\/wp\/v2\/posts\/2672","targetHints":{"allow":["GET"]}}],"collection":[{"href":"https:\/\/blog.causeur.fr\/antidote\/wp-json\/wp\/v2\/posts"}],"about":[{"href":"https:\/\/blog.causeur.fr\/antidote\/wp-json\/wp\/v2\/types\/post"}],"author":[{"embeddable":true,"href":"https:\/\/blog.causeur.fr\/antidote\/wp-json\/wp\/v2\/users\/10"}],"replies":[{"embeddable":true,"href":"https:\/\/blog.causeur.fr\/antidote\/wp-json\/wp\/v2\/comments?post=2672"}],"version-history":[{"count":0,"href":"https:\/\/blog.causeur.fr\/antidote\/wp-json\/wp\/v2\/posts\/2672\/revisions"}],"wp:attachment":[{"href":"https:\/\/blog.causeur.fr\/antidote\/wp-json\/wp\/v2\/media?parent=2672"}],"wp:term":[{"taxonomy":"category","embeddable":true,"href":"https:\/\/blog.causeur.fr\/antidote\/wp-json\/wp\/v2\/categories?post=2672"},{"taxonomy":"post_tag","embeddable":true,"href":"https:\/\/blog.causeur.fr\/antidote\/wp-json\/wp\/v2\/tags?post=2672"}],"curies":[{"name":"wp","href":"https:\/\/api.w.org\/{rel}","templated":true}]}}