{"id":2697,"date":"2013-03-26T08:55:45","date_gmt":"2013-03-26T08:55:45","guid":{"rendered":"http:\/\/blog.causeur.fr\/antidote\/?p=2697"},"modified":"2021-04-26T16:10:41","modified_gmt":"2021-04-26T14:10:41","slug":"pecresse-sur-le-terrain","status":"publish","type":"post","link":"https:\/\/blog.causeur.fr\/antidote\/pecresse-sur-le-terrain-2697","title":{"rendered":"P\u00e9cresse sur le terrain"},"content":{"rendered":"<h4>Dans le Doubs, elle doute du front r\u00e9publicain<\/h4>\n<p>&nbsp;<\/p>\n<p><a href=\"http:\/\/blog.causeur.fr\/antidote\/files\/2013\/02\/Valerie_Pecresse1.jpg\"><img loading=\"lazy\" decoding=\"async\" class=\"alignleft size-medium wp-image-2675\" src=\"http:\/\/blog.causeur.fr\/antidote\/files\/2013\/02\/Valerie_Pecresse1-225x300.jpg\" alt=\"\" width=\"225\" height=\"300\" srcset=\"https:\/\/blog.causeur.fr\/antidote\/wp-content\/uploads\/sites\/9\/2013\/02\/Valerie_Pecresse1-225x300.jpg 225w, https:\/\/blog.causeur.fr\/antidote\/wp-content\/uploads\/sites\/9\/2013\/02\/Valerie_Pecresse1-768x1024.jpg 768w, https:\/\/blog.causeur.fr\/antidote\/wp-content\/uploads\/sites\/9\/2013\/02\/Valerie_Pecresse1.jpg 1500w\" sizes=\"auto, (max-width: 225px) 100vw, 225px\" \/><\/a><\/p>\n<p>Val\u00e9rie P\u00e9cresse \u00e9tait de passage samedi soir pr\u00e8s de Besan\u00e7on, en tant qu\u2019invit\u00e9e d\u2019honneur de la f\u00eate d\u00e9partementale de la f\u00e9d\u00e9ration UMP du Doubs. Juste avant d\u2019intervenir devant les militants, elle tenait un point-presse auquel j\u2019ai bien volontiers particip\u00e9, avec la lourde charge d\u2019y repr\u00e9senter Causeur. Au menu, deux th\u00e8mes et un fil rouge : la n\u00e9cessit\u00e9 de ressouder l\u2019UMP apr\u00e8s le psychodrame de l\u2019automne dernier, les \u00e9lections municipales et enfin, le gouvernement \u00ab\u00a0qui m\u00e8ne le pays dans le mur\u00a0\u00bb, selon l\u2019expression consacr\u00e9e par tous les secr\u00e9taires g\u00e9n\u00e9raux de partis d\u2019opposition depuis qu\u2019il existe des partis d\u2019opposition.<!--more--><br \/>\nRassurer les militants et travailler sur de bons statuts pour l\u2019UMP, tel est le premier objectif de Val\u00e9rie P\u00e9cresse. \u00ab\u00a0<em>Les militants ont \u00e9t\u00e9 traumatis\u00e9s et beaucoup d\u2019entre eux craignent m\u00eame un nouveau vote\u00a0\u00bb<\/em>, nous explique-t-elle. Il faut vraiment les avoir \u00e9norm\u00e9ment traumatis\u00e9s pour que des militants politiques, c\u2019est \u00e0 dire des gens a priori passionn\u00e9s par l\u2019exercice du vote, soient \u00e0 ce point craintifs. Mais tout est fait pour les rassurer, explique-t-elle. Les nouveaux statuts de l\u2019UMP sont en passe d\u2019\u00eatre approuv\u00e9s. Il n\u2019y aura pas de vote par procuration. On ne devrait pas voter pour un ticket de trois personnes comme c\u2019\u00e9tait le cas pr\u00e9c\u00e9demment, mais pour le seul pr\u00e9sident, ce qui permettra \u00e0 ce dernier de rassembler en nommant des personnalit\u00e9s du camp d\u2019en face en n\u00b02 ou n\u00b03. Enfin, les conditions pour \u00eatre candidat \u00e0 la pr\u00e9sidence seront r\u00e9form\u00e9es. Le seuil des parrainages de militants sera abaiss\u00e9 mais on veillera tout de m\u00eame \u00e0 ne pas favoriser des candidatures fantaisistes en exigeant parall\u00e8lement des signatures de parlementaires. Fran\u00e7ois Fillon, dont P\u00e9cresse est tr\u00e8s proche, sera-t-il \u00e0 nouveau candidat ? \u00ab\u00a0<em>Ce n\u2019est pas qu\u2019elle veut faire de la langue de bois\u00a0\u00bb<\/em>, r\u00e9pond-elle mais, tout de m\u00eame, ce n\u2019est pas le moment de r\u00e9pondre \u00e0 cette question. Nous l\u2019interrogeons enfin sur les\u00a0<a href=\"http:\/\/www.atlantico.fr\/decryptage\/reforme-statuts-ump-coup-que-preparent-sarkozystes-en-vue-2017-674186.html\">r\u00e9v\u00e9lations du site Atlantico<\/a>\u00a0selon lesquelles Brice Hortefeux et quelques autres \u00ab\u00a0amis de Nicolas Sarkozy\u00a0\u00bb souhaiteraient inclure une clause dans les statuts supprimant les primaires \u00e0 droite en cas de candidature d\u2019un ancien pr\u00e9sident de la R\u00e9publique. Il n\u2019est pas question des primaires, pour l\u2019heure, dans la r\u00e9forme des statuts mais seulement de l\u2019\u00e9lection \u00e0 la pr\u00e9sidence de l\u2019UMP. S\u2019agit-il d\u2019une mani\u00e8re de ne pas nous r\u00e9pondre, ou de dire \u00e0 Hortefeux que cette initiative ne recueille pas son assentiment ?<br \/>\nLorsqu\u2019elle s\u2019exprime sur les \u00e9lections municipales et notamment celles du Doubs, Val\u00e9rie P\u00e9cresse se prend l\u00e9g\u00e8rement les pieds dans le tapis.\u00a0\u00ab<em>\u00a0La commission d\u2019investiture se r\u00e9unit pour statuer la semaine prochaine\u00a0\u00bb<\/em>, explique-t-elle avant de d\u00e9clarer que\u00a0<em>\u00ab\u00a0les candidats pour les villes de Besan\u00e7on et Montb\u00e9liard sont excellents\u00a0\u00bb<\/em>. Conna\u00eet-elle d\u00e9j\u00e0 les r\u00e9sultats de la commission d\u2019investiture pour \u00eatre aussi affirmative sur leur qualit\u00e9 ? Pirouette de Val\u00e9rie. Bien \u00e9videmment non, mais\u00a0<em>\u00ab\u00a0tous les candidats \u00e0 la candidature sont d\u00e9j\u00e0 excellents\u00a0\u00bb<\/em>. Ouf ! D\u2019ailleurs, aucune demande de parachutage n\u2019a \u00e9t\u00e9 formul\u00e9e par la f\u00e9d\u00e9ration car le Doubs dispose d\u2019\u00e9lus de qualit\u00e9, confirme le secr\u00e9taire d\u00e9partemental de l\u2019UMP, qui pose affectueusement les mains sur les \u00e9paules de Jacques Grosperrin, d\u00e9put\u00e9 battu en juin dernier, lequel brigue l\u2019investiture pour Besan\u00e7on. Indice r\u00e9v\u00e9lateur, les deux rivaux de ce dernier, dont le filloniste Pascal Bonnet, n\u2019assistent pas \u00e0 la conf\u00e9rence de presse. Val\u00e9rie P\u00e9cresse insiste sur la n\u00e9cessit\u00e9 de prendre des villes dans le d\u00e9partement du ministre des finances qui mise sur le \u00ab\u00a0tout-fiscal\u00a0\u00bb. \u00a0Mais les municipales ne concernent pas que les deux grandes villes du d\u00e9partement, il faut \u00a0des candidats partout, y compris dans les villages. On s\u2019\u00e9tonne alors que l\u2019UMP souhaite politiser les \u00e9lections dans des petites communes o\u00f9, bien souvent, les listes sont apolitiques.\u00a0<em>\u00ab\u00a0C\u2019est la responsabilit\u00e9 du gouvernement socialiste\u00a0\u00bb\u00a0<\/em>qui\u00a0modifie tous les modes de scrutin et souhaite notamment que le scrutin de liste proportionnel et paritaire soit \u00e9tendu aux communes comptant entre 500 et 3500 habitants[1.Actuellement, seules les communes de plus de 3500 habitants ont un tel mode de scrutin. En dessous de ce seuil, c\u2019est le scrutin de liste majoritaire qui \u00e9tait jusque-l\u00e0 en vigueur, avec possibilit\u00e9 de panachage jusqu\u2019\u00e0 2500 habitants.]. Et l\u2019attitude \u00e0 adopter vis-\u00e0-vis du FN ? P\u00e9cresse est claire. C\u2019est le ni-ni qui l\u2019emporte. D\u2019un c\u00f4t\u00e9, ceux qui, localement, seraient tent\u00e9s par des alliances avec le Front National seront d\u00e9savou\u00e9s et<em>\u00ab\u00a0sanctionn\u00e9s\u00a0\u00bb<\/em>\u00a0! Mais en cas de duels PS-FN,<em>\u00a0\u00ab\u00a0pas question d\u2019appeler \u00e0 voter pour un PS qui s\u2019allie avec l\u2019extr\u00eame gauche de M\u00e9lenchon, lequel appelle \u00e0 la violence sociale\u00a0\u00bb<\/em>. Du vrai Cop\u00e9 dans le texte. Fran\u00e7ois Fillon, dont elle est proche, \u00e9tait moins cat\u00e9gorique, et NKM aussi, lui fait-on remarquer.<em>\u00a0\u00ab\u00a0NKM n\u2019est pas pr\u00e9sidente de l\u2019UMP !\u00a0\u00bb<\/em>. R\u00e9ponse curieuse. L\u2019\u00e9lection \u00e0 la pr\u00e9sidence de l\u2019UMP aura lieu en septembre, soit six mois avant les \u00e9lections municipales. La secr\u00e9taire g\u00e9n\u00e9rale d\u00e9l\u00e9gu\u00e9e de l\u2019UMP consid\u00e8re- t-elle que le scrutin constituera une promenade de sant\u00e9 pour Jean-Fran\u00e7ois Cop\u00e9 ?<br \/>\nLa conf\u00e9rence de presse se termine et Val\u00e9rie P\u00e9cresse \u00e9voque la mise en examen de Nicolas Sarkozy. Tout en pr\u00e9cisant qu\u2019elle\u00a0<em>\u00ab\u00a0respecte l\u2019ind\u00e9pendance des magistrats\u00a0\u00bb,\u00a0<\/em>elle\u00a0qualifie cette d\u00e9cision de<em>\u00ab\u00a0surprenante et incompr\u00e9hensible\u00a0\u00bb<\/em>, reprenant le registre choisi par Cop\u00e9 et Fillon mais d\u00e9laissant celui de l\u2019indignit\u00e9 exprim\u00e9 par Claude Gu\u00e9ant et surtout Henri Guaino. Il y a ceux qui veulent encore croire \u00e0 la candidature de l\u2019ex-pr\u00e9sident et qui ont du mal \u00e0 ma\u00eetriser leur col\u00e8re devant cet obstacle, et il y a ceux qui n\u2019y croient plus et assurent le service minimum. On aura compris que Val\u00e9rie P\u00e9cresse faisait partie de la seconde cat\u00e9gorie.<\/p>\n","protected":false},"excerpt":{"rendered":"<p>Dans le Doubs, elle doute du front r\u00e9publicain &nbsp; Val\u00e9rie P\u00e9cresse \u00e9tait de passage samedi soir pr\u00e8s de Besan\u00e7on, en tant qu\u2019invit\u00e9e d\u2019honneur de la f\u00eate d\u00e9partementale de la f\u00e9d\u00e9ration UMP du Doubs. Juste avant d\u2019intervenir devant les militants, elle tenait un point-presse auquel j\u2019ai bien volontiers particip\u00e9, avec la lourde charge d\u2019y repr\u00e9senter Causeur. [&hellip;]<\/p>\n","protected":false},"author":10,"featured_media":0,"comment_status":"open","ping_status":"open","sticky":false,"template":"","format":"standard","meta":{"footnotes":""},"categories":[4],"tags":[],"class_list":{"0":"post-2697","1":"post","2":"type-post","3":"status-publish","4":"format-standard","6":"category-oxygene"},"_links":{"self":[{"href":"https:\/\/blog.causeur.fr\/antidote\/wp-json\/wp\/v2\/posts\/2697","targetHints":{"allow":["GET"]}}],"collection":[{"href":"https:\/\/blog.causeur.fr\/antidote\/wp-json\/wp\/v2\/posts"}],"about":[{"href":"https:\/\/blog.causeur.fr\/antidote\/wp-json\/wp\/v2\/types\/post"}],"author":[{"embeddable":true,"href":"https:\/\/blog.causeur.fr\/antidote\/wp-json\/wp\/v2\/users\/10"}],"replies":[{"embeddable":true,"href":"https:\/\/blog.causeur.fr\/antidote\/wp-json\/wp\/v2\/comments?post=2697"}],"version-history":[{"count":0,"href":"https:\/\/blog.causeur.fr\/antidote\/wp-json\/wp\/v2\/posts\/2697\/revisions"}],"wp:attachment":[{"href":"https:\/\/blog.causeur.fr\/antidote\/wp-json\/wp\/v2\/media?parent=2697"}],"wp:term":[{"taxonomy":"category","embeddable":true,"href":"https:\/\/blog.causeur.fr\/antidote\/wp-json\/wp\/v2\/categories?post=2697"},{"taxonomy":"post_tag","embeddable":true,"href":"https:\/\/blog.causeur.fr\/antidote\/wp-json\/wp\/v2\/tags?post=2697"}],"curies":[{"name":"wp","href":"https:\/\/api.w.org\/{rel}","templated":true}]}}