{"id":2721,"date":"2013-05-23T13:21:42","date_gmt":"2013-05-23T13:21:42","guid":{"rendered":"http:\/\/blog.causeur.fr\/antidote\/?p=2721"},"modified":"2021-04-26T16:10:41","modified_gmt":"2021-04-26T14:10:41","slug":"necrologico-commercial","status":"publish","type":"post","link":"https:\/\/blog.causeur.fr\/antidote\/necrologico-commercial-2721","title":{"rendered":"N\u00e9crologico-commercial !"},"content":{"rendered":"<h4>La caravane du Tour pour mes obs\u00e8ques ?<\/h4>\n<h4><\/h4>\n<p><a href=\"http:\/\/blog.causeur.fr\/antidote\/files\/2013\/05\/corbillard.jpg\"><img loading=\"lazy\" decoding=\"async\" class=\"alignleft size-full wp-image-2722\" src=\"http:\/\/blog.causeur.fr\/antidote\/files\/2013\/05\/corbillard.jpg\" alt=\"\" width=\"275\" height=\"183\" \/><\/a>\u00ab\u00a0Avec Georges Moustaki c&rsquo;est une des derni\u00e8res l\u00e9gendes , artiste et po\u00e8te , qui dispara\u00eet ! Ses plus grands succ\u00e8s sont chez Universal ! RIP\u00a0\u00bb. Ainsi twittait Pascal N\u00e8gre, PDG d&rsquo;Universal ce matin \u00e0 l&rsquo;annonce du d\u00e9c\u00e8s de l&rsquo;auteur du \u00ab\u00a0M\u00e9t\u00e8que\u00a0\u00bb et de \u00ab\u00a0Milord\u00a0\u00bb. On s&rsquo;est beaucoup moqu\u00e9 ensuite, sur le r\u00e9seau, de ce tweet n\u00e9crologico-commercial. Certains \u00a0\u00e9voquaient l&rsquo;anniversaire de la mort du petit Gr\u00e9gory provoquant une publicit\u00e9 d&rsquo;un magasin de bricolage pour des cordelettes tandis que d&rsquo;autres imaginaient une r\u00e9clame d&rsquo;EDF \u00e0 l&rsquo;occasion de la mort de Clo-Clo. Mais si Pascal N\u00e8gre \u00e9tait en avance sur son temps ? Faire de la mort un \u00e9v\u00e9nement commercial, n&rsquo;est ce pas furieusement moderne ? Ne reculant devant rien, j&rsquo;ai contact\u00e9 mon notaire afin qu&rsquo;il autorise tout m\u00e9c\u00e8ne \u00e0 financer mes obs\u00e8ques, lorsque je passerai de vie \u00e0 tr\u00e9pas. Dans mes r\u00eaves les plus fous, j&rsquo;imagine une sorte de caravane du Tour de France pr\u00e9c\u00e9der le corbillard transportant ma d\u00e9pouille dans un magnifique cercueil sigl\u00e9 Causeur. Et il me vient \u00e0 regretter qu&rsquo;Elisabeth ait renonc\u00e9 \u00e0 jamais de twitter. \u00a0Vous imaginez ? \u00ab\u00a0Avec David Desgouilles, c&rsquo;est une de nos plus talentueuses plumes qui dispara\u00eet ! Ses plus belles chroniques sont sur Causeur ! RIP\u00a0\u00bb. La classe, non ?<\/p>\n","protected":false},"excerpt":{"rendered":"<p>La cararavane du Tour pour mes obs\u00e8ques ?<\/p>\n","protected":false},"author":10,"featured_media":0,"comment_status":"open","ping_status":"open","sticky":false,"template":"","format":"standard","meta":{"footnotes":""},"categories":[4],"tags":[],"class_list":{"0":"post-2721","1":"post","2":"type-post","3":"status-publish","4":"format-standard","6":"category-oxygene"},"_links":{"self":[{"href":"https:\/\/blog.causeur.fr\/antidote\/wp-json\/wp\/v2\/posts\/2721","targetHints":{"allow":["GET"]}}],"collection":[{"href":"https:\/\/blog.causeur.fr\/antidote\/wp-json\/wp\/v2\/posts"}],"about":[{"href":"https:\/\/blog.causeur.fr\/antidote\/wp-json\/wp\/v2\/types\/post"}],"author":[{"embeddable":true,"href":"https:\/\/blog.causeur.fr\/antidote\/wp-json\/wp\/v2\/users\/10"}],"replies":[{"embeddable":true,"href":"https:\/\/blog.causeur.fr\/antidote\/wp-json\/wp\/v2\/comments?post=2721"}],"version-history":[{"count":0,"href":"https:\/\/blog.causeur.fr\/antidote\/wp-json\/wp\/v2\/posts\/2721\/revisions"}],"wp:attachment":[{"href":"https:\/\/blog.causeur.fr\/antidote\/wp-json\/wp\/v2\/media?parent=2721"}],"wp:term":[{"taxonomy":"category","embeddable":true,"href":"https:\/\/blog.causeur.fr\/antidote\/wp-json\/wp\/v2\/categories?post=2721"},{"taxonomy":"post_tag","embeddable":true,"href":"https:\/\/blog.causeur.fr\/antidote\/wp-json\/wp\/v2\/tags?post=2721"}],"curies":[{"name":"wp","href":"https:\/\/api.w.org\/{rel}","templated":true}]}}