{"id":2724,"date":"2013-06-07T07:00:47","date_gmt":"2013-06-07T07:00:47","guid":{"rendered":"http:\/\/blog.causeur.fr\/antidote\/?p=2724"},"modified":"2021-04-26T16:10:40","modified_gmt":"2021-04-26T14:10:40","slug":"2724","status":"publish","type":"post","link":"https:\/\/blog.causeur.fr\/antidote\/2724-2724","title":{"rendered":"Football : La racaille n&rsquo;est pas que sur la pelouse"},"content":{"rendered":"<h3>Entretien avec Daniel Riolo<\/h3>\n<p>&nbsp;<\/p>\n<p><strong><a href=\"http:\/\/blog.causeur.fr\/antidote\/files\/2013\/06\/Racaille-Football-Club_book_full.jpg\"><img loading=\"lazy\" decoding=\"async\" class=\"alignleft size-full wp-image-2728\" src=\"http:\/\/blog.causeur.fr\/antidote\/files\/2013\/06\/Racaille-Football-Club_book_full.jpg\" alt=\"\" width=\"174\" height=\"256\" \/><\/a><\/strong><\/p>\n<p><strong>David Desgouilles. Vous titrez votre essai\u00a0<em>Racaille Football Club\u00a0<\/em>(Hugo et Cie, 2013), ce qui vous a valu un proc\u00e8s en racisme, alors que l\u2019ensemble de votre livre ne peut absolument pas pr\u00eater le flanc \u00e0 une telle critique. En dehors de consid\u00e9rations \u00ab\u00a0marketing\u00a0\u00bb, pourquoi avoir choisi un titre aussi provocateur ?<\/strong><\/p>\n<p><strong><\/strong><br \/>\nDaniel Riolo.\u00a0Il n\u2019y avait absolument aucune volont\u00e9 de provocation. Le mot racaille est entr\u00e9 dans l\u2019espace public. D\u2019abord, lorsque Nicolas Sarkozy, ministre de l\u2019Int\u00e9rieur l\u2019a utilis\u00e9 sur la dalle d\u2019Argenteuil en 2005, ensuite lorsque Roselyne Bachelot, ministre des sports, a parl\u00e9 de<em>\u00ab\u00a0ca\u00efds immatures\u00a0\u00bb<\/em>\u00a0\u00e0 l\u2019Assembl\u00e9e Nationale \u00e0 son retour d\u2019Afrique du Sud. Plus g\u00e9n\u00e9ralement, lorsque vous parlez aux Fran\u00e7ais de l\u2019\u00e9quipe nationale apr\u00e8s la coupe du Monde 2010 ou l\u2019Euro 2012, ce qui revient le plus comme expression, c\u2019est\u00a0<em>\u00ab\u00a0\u00e9quipe de racailles\u00a0\u00bb<\/em>. Je suis donc tout \u00e0 fait tranquille face \u00e0 cette accusation de racisme, effectivement d\u00e9mentie \u00e0 la lecture du livre, qui est syst\u00e9matiquement utilis\u00e9e par un petit milieu politique et m\u00e9diatique parisien.<\/p>\n<p><!--more--><br \/>\n<strong>\u00c0\u00a0propos de l\u2019affaire des quotas dont\u00a0<em>Mediapart<\/em>\u00a0avait fait ses choux gras il y a deux ans, on s\u2019aper\u00e7oit que, non seulement les accusations de racisme lanc\u00e9s par le site d\u2019Edwy Plenel \u00e9taient ill\u00e9gitimes, mais qu\u2019en fait Laurent Blanc et Fran\u00e7ois Blaquart, les accus\u00e9s, voulaient faire cesser une tendance racialiste bien en vogue, notamment au sein du centre de formation national de Clairefontaine.<\/strong><\/p>\n<p><strong><\/strong><br \/>\nD\u2019abord, le seul fait que ce soit Mediapart qui les ait accus\u00e9s de racisme aurait d\u00fb attirer l\u2019attention. Le site est peut-\u00eatre performant pour r\u00e9v\u00e9ler certaines affaires politico-financi\u00e8res, il n\u2019en reste pas moins que sur les sujets de soci\u00e9t\u00e9, il a tendance \u00e0 voir x\u00e9nophobie, fascisme et racisme partout. D\u2019autre part, des comportements et discours ethniques avaient cours depuis longtemps dans le football fran\u00e7ais.\u00a0<em>\u00ab\u00a0Des grands noirs costauds qui sautent haut\u00a0\u00bb<\/em>,\u00a0<em>\u00ab\u00a0des rebeus techniques\u00a0\u00bb<\/em>, voil\u00e0 ce que disaient rechercher ceux qui recrutaient pour le foot fran\u00e7ais, ce qui a abouti \u00e0 une ghetto\u00efsation du foot. Apr\u00e8s Knysna, Blanc et Blaquart arrivent aux commandes et s\u2019interrogent sur les succ\u00e8s du football espagnol, qui ne comptent que des Blancs, plut\u00f4t petits et techniques. De surcro\u00eet, ils se rendent compte que beaucoup de joueurs faisant partie des \u00e9quipes de France de jeunes finissent par choisir la s\u00e9lection nationale de leur pays d\u2019origine, d\u2019o\u00f9 la question des \u00ab\u00a0binationaux\u00a0\u00bb. Ils ont simplement voulu prendre le contre-pied de ce qui se pratiquait depuis quelques ann\u00e9es. En fait, Blanc et Blaquart ont \u00e9t\u00e9 na\u00effs.<\/p>\n<p><strong>Vous \u00e9voquez des taux extr\u00eamement \u00e9lev\u00e9s de pratique de l\u2019islam dans le football professionnel fran\u00e7ais. Vous rappelez \u00e0 cet \u00e9gard les buffets \u00ab\u00a0Halal pour tous\u00a0\u00bb, pr\u00e9conis\u00e9s par Raymond Domenech. Et vous citez une anecdote incroyable sur le fait que la plupart des douches se prennent d\u00e9sormais en short\u2026<\/strong><\/p>\n<p><strong><\/strong><br \/>\n\u00c0 propos des buffets Halal, je cite aussi Eric Abidal qui explique assez na\u00efvement que \u00ab<em>\u00a0si certains le souhaitent et que cela ne g\u00eane pas les autres, pourquoi ne pas avoir ce r\u00e9gime pour tout le monde<\/em>\u00a0\u00bb. \u00a0Quant aux douches en short, c\u2019est effectivement assez r\u00e9cent et c\u2019est davantage une habitude et une mode que l\u2019application d\u2019une prescription religieuse exigeant de ne pas exposer ses parties intimes. Il y a l\u00e0 une affirmation identitaire et non pas de la radicalit\u00e9 religieuse. On peut donner l\u2019exemple de Nasri qui un jour souhaite publiquement un bon ramadan \u00e0 ses coreligionnaires mais part le lendemain faire la fiesta \u00e0 Las Vegas. Pour en revenir \u00e0 cette histoire de douches, il y a des \u00e9quipes o\u00f9 la plupart des joueurs sont musulmans et o\u00f9 les autres vont finir par se comporter en \u00ab\u00a0suiveurs\u00a0\u00bb. Dans d\u2019autres clubs, on aura 50 % de joueurs qui continueront \u00e0 se laver en tenue d\u2019Adam apr\u00e8s le match. C\u2019est assez symptomatique d\u2019une France morcel\u00e9e.<\/p>\n<p><strong>Vous consacrez votre dernier chapitre au pouvoir des agents, officiels et officieux. En quoi est-ce l\u2019une des clefs pour expliquer le d\u00e9veloppement de \u00ab\u00a0l\u2019esprit racaille\u00a0\u00bb qui r\u00e8gne dans le football professionnel ?<\/strong><\/p>\n<p><strong><\/strong><br \/>\nJ\u2019ai voulu ce chapitre dans un souci d\u2019indulgence envers les footballeurs. Dans ce syst\u00e8me ultra-lib\u00e9ral o\u00f9 le chef d\u2019entreprise n\u2019est plus le club mais l\u2019agent du joueur, ils ne sont que des pions. La notion d\u2019attachement a disparu. L\u2019agent a sorti le joueur de l\u2019esprit collectif. Il n\u2019est pas \u00e9tonnant de constater alors le triomphe de l\u2019individualisme avec tous les exc\u00e8s que \u00e7a implique, notamment une certaine \u00ab\u00a0culture racaille\u00a0\u00bb.<\/p>\n<p><strong>En prenant bien souvent le parti des joueurs contre leurs clubs ou les supporteurs, certains m\u00e9dias ne renforcent-ils pas cette culture-l\u00e0 ? Je pense notamment au \u00ab\u00a0Canal Football Club\u00a0\u00bb\u2026<\/strong><\/p>\n<p><strong><\/strong><br \/>\nBien entendu ! Cette \u00e9mission, comme \u00ab\u00a0Le Grand Journal\u00a0\u00bb sur la m\u00eame cha\u00eene, est l\u00e0 pour \u00ab\u00a0cirer les pompes\u00a0\u00bb de ses invit\u00e9s. Il y a une v\u00e9ritable rupture entre le public et ses \u00e9missions. Dans le livre, je cite Christophe Dugarry et Pierre M\u00e9n\u00e8s, qui participent par ailleurs au CFC. Ils sont souvent plus s\u00e9v\u00e8res que moi par rapport \u00e0 l\u2019\u00e9tat d\u2019esprit de cette nouvelle g\u00e9n\u00e9ration de joueurs. Mais le dimanche soir, il faut faire le show, dans \u00ab\u00a0l\u2019esprit Canal\u00a0\u00bb\u2026<\/p>\n<p>&nbsp;<\/p>\n<p><em>Racaille Football Club<\/em>, Daniel Riolo, \u00a0Hugo et Cie, 2013.<\/p>\n<p><strong><br \/>\n<\/strong><\/p>\n","protected":false},"excerpt":{"rendered":"<p>Entretien avec Daniel Riolo &nbsp; David Desgouilles. Vous titrez votre essai\u00a0Racaille Football Club\u00a0(Hugo et Cie, 2013), ce qui vous a valu un proc\u00e8s en racisme, alors que l\u2019ensemble de votre livre ne peut absolument pas pr\u00eater le flanc \u00e0 une telle critique. En dehors de consid\u00e9rations \u00ab\u00a0marketing\u00a0\u00bb, pourquoi avoir choisi un titre aussi provocateur ? [&hellip;]<\/p>\n","protected":false},"author":10,"featured_media":0,"comment_status":"open","ping_status":"open","sticky":false,"template":"","format":"standard","meta":{"footnotes":""},"categories":[6],"tags":[],"class_list":{"0":"post-2724","1":"post","2":"type-post","3":"status-publish","4":"format-standard","6":"category-les-entretiens-dantidote"},"_links":{"self":[{"href":"https:\/\/blog.causeur.fr\/antidote\/wp-json\/wp\/v2\/posts\/2724","targetHints":{"allow":["GET"]}}],"collection":[{"href":"https:\/\/blog.causeur.fr\/antidote\/wp-json\/wp\/v2\/posts"}],"about":[{"href":"https:\/\/blog.causeur.fr\/antidote\/wp-json\/wp\/v2\/types\/post"}],"author":[{"embeddable":true,"href":"https:\/\/blog.causeur.fr\/antidote\/wp-json\/wp\/v2\/users\/10"}],"replies":[{"embeddable":true,"href":"https:\/\/blog.causeur.fr\/antidote\/wp-json\/wp\/v2\/comments?post=2724"}],"version-history":[{"count":0,"href":"https:\/\/blog.causeur.fr\/antidote\/wp-json\/wp\/v2\/posts\/2724\/revisions"}],"wp:attachment":[{"href":"https:\/\/blog.causeur.fr\/antidote\/wp-json\/wp\/v2\/media?parent=2724"}],"wp:term":[{"taxonomy":"category","embeddable":true,"href":"https:\/\/blog.causeur.fr\/antidote\/wp-json\/wp\/v2\/categories?post=2724"},{"taxonomy":"post_tag","embeddable":true,"href":"https:\/\/blog.causeur.fr\/antidote\/wp-json\/wp\/v2\/tags?post=2724"}],"curies":[{"name":"wp","href":"https:\/\/api.w.org\/{rel}","templated":true}]}}