{"id":2732,"date":"2013-06-18T07:00:40","date_gmt":"2013-06-18T07:00:40","guid":{"rendered":"http:\/\/blog.causeur.fr\/antidote\/?p=2732"},"modified":"2021-04-26T16:10:40","modified_gmt":"2021-04-26T14:10:40","slug":"traite-de-paix-a-lump-un-triomphe-pour-cope","status":"publish","type":"post","link":"https:\/\/blog.causeur.fr\/antidote\/traite-de-paix-a-lump-un-triomphe-pour-cope-2732","title":{"rendered":"Trait\u00e9 de paix \u00e0 l\u2019UMP\u00a0: un triomphe pour Cop\u00e9"},"content":{"rendered":"<h3><span style=\"font-size: medium\">Mais que Fillon est all\u00e9 faire dans cette gal\u00e8re ?\u00a0<\/span><\/h3>\n<p>&nbsp;<\/p>\n<p><a href=\"http:\/\/blog.causeur.fr\/antidote\/files\/2012\/10\/cop\u00e9fillon.jpg\"><img loading=\"lazy\" decoding=\"async\" class=\"alignleft size-medium wp-image-2597\" src=\"http:\/\/blog.causeur.fr\/antidote\/files\/2012\/10\/cop\u00e9fillon-300x200.jpg\" alt=\"\" width=\"300\" height=\"200\" srcset=\"https:\/\/blog.causeur.fr\/antidote\/wp-content\/uploads\/sites\/9\/2012\/10\/cop\u00e9fillon-300x200.jpg 300w, https:\/\/blog.causeur.fr\/antidote\/wp-content\/uploads\/sites\/9\/2012\/10\/cop\u00e9fillon.jpg 630w\" sizes=\"auto, (max-width: 300px) 100vw, 300px\" \/><\/a>Fin juin, les militants UMP voteront. Pas pour d\u00e9signer leur nouveau pr\u00e9sident. Non. Ils voteront pour dire si oui ou non, il faut annuler le vote pour le Pr\u00e9sident de leur parti, pr\u00e9vu cet automne. Vous suivez toujours ? Ainsi sera mis en \u0153uvre le dernier accord en date entre les duettistes umpistes de l&rsquo;hiver dernier, Fran\u00e7ois Fillon et Jean-Fran\u00e7ois Cop\u00e9. Cet accord annule donc celui qu&rsquo;ils avaient scell\u00e9 il y a quelques mois et qui pr\u00e9voyait de repasser par les urnes, faute de l\u00e9gitimit\u00e9 du pr\u00e9sident proclam\u00e9 par lui-m\u00eame et par la COCOE.<!--more--><\/p>\n<p>&nbsp;<\/p>\n<p>Cop\u00e9, puisqu&rsquo;il s&rsquo;agit de lui, peut pavoiser. Cet accord, qui lui permet de rester pr\u00e9sident du premier parti d&rsquo;opposition jusqu&rsquo;en 2015, soit deux ans avant l&rsquo;\u00e9lection pr\u00e9sidentielle, constitue une b\u00e9n\u00e9diction. Si les militants, comme on peut le pr\u00e9voir, ent\u00e9rinent l&rsquo;accord, il sera cette fois dot\u00e9 de la l\u00e9gitimit\u00e9 qui lui manquait. Et il pourra se concentrer sur l&rsquo;op\u00e9ration de reconqu\u00eate de l&rsquo;opinion qui doit l\u2019obs\u00e9der tant son niveau dans les \u00e9tudes semble plus proche de celle de Nicolas Anelka apr\u00e8s la coupe du monde 2010 que de celle d&rsquo;un pr\u00e9sidentiable lambda. Il avait int\u00e9r\u00eat \u00e0 cet accord et il l&rsquo;a obtenu. Chapeau !<\/p>\n<p>&nbsp;<\/p>\n<p>Ce qu\u2019on a davantage de mal \u00e0 comprendre, c&rsquo;est que Fran\u00e7ois Fillon ait pu signer un tel pacte. Offrir cette l\u00e9gitimit\u00e9 \u00e0 son adversaire apr\u00e8s l&rsquo;avoir d\u00e9sign\u00e9 devant toute la France comme un putschiste, apr\u00e8s que le livre document\u00e9 de Carole Barjon et Bruno Jeudy <em>(Le coup mont\u00e9<\/em>, Plon), lui ait donn\u00e9 raison, c&rsquo;est de la folie furieuse. La raison invoqu\u00e9e serait que les militants ne veulent pas d&rsquo;une autre \u00e9lection potentiellement aussi sanglante que la pr\u00e9c\u00e9dente. Val\u00e9rie P\u00e9cresse, qui aurait \u00e9t\u00e9 nomm\u00e9e secr\u00e9taire g\u00e9n\u00e9rale si Fillon avait \u00e9t\u00e9 proclam\u00e9 vainqueur par la COCOE &#8211; c&rsquo;est-\u00e0-dire en n&rsquo;oubliant pas de comptabiliser les votes des trois d\u00e9partements d&rsquo;outre-mer- me le confiait en mars dernier :<em>\u00ab\u00a0Les militants ne sont pas tr\u00e8s chauds pour revoter.\u00a0\u00bb<\/em> L\u2019accord \u00e9tait-il donc d\u00e9j\u00e0 en germe il y a trois mois\u00a0? Ou Val\u00e9rie P\u00e9cresse fait-elle partie des proches qui ont conseill\u00e9 \u00e0 Fillon de le sceller\u00a0? La position de la d\u00e9put\u00e9e des Yvelines est d\u2019autant plus myst\u00e9rieuse qu\u2019on lui pr\u00eate, en cas de victoire aux r\u00e9gionales de 2015, la tentation d\u2019\u00eatre candidate \u00e0 la fameuse primaire pr\u00e9sidentielle. Fran\u00e7ois Fillon s\u2019est, lui, montr\u00e9 r\u00e9solu \u00e0 affronter Nicolas Sarkozy \u00ab\u00a0quoi qu\u2019il arrive\u00a0\u00bb. Comment peut-il donc croire qu\u2019il y parviendra sans contr\u00f4ler le parti, qui \u00e9tait pourtant \u00e0 sa port\u00e9e\u00a0?<\/p>\n<p>Et s\u2019il juge la bataille interne trop difficile face \u00e0 Cop\u00e9, comment peut-il penser qu\u2019une primaire face \u00e0 l\u2019ogre Sarko le serait davantage\u00a0? On comprend la strat\u00e9gie qui consiste \u00e0 prendre de la hauteur et \u00e0 consid\u00e9rer qu\u2019une \u00e9lection \u00e0 la t\u00eate d\u2019un parti n\u2019est pas de son niveau, privil\u00e9giant le dialogue avec l\u2019ensemble des Fran\u00e7ais. Mais cette attitude gaullienne n\u2019exclut pas qu\u2019il faille contr\u00f4ler au moins indirectement le parti afin que celui-ci ne devienne pas une arme contre soi. Ainsi Fran\u00e7ois Mitterrand face \u00e0 Rocard et Chirac face \u00e0 S\u00e9guin, n\u2019ont jamais n\u00e9glig\u00e9 cet aspect. S\u2019ils ont parfois vu le PS (1993) ou le RPR (1997) leur \u00e9chapper, ce fut apr\u00e8s des d\u00e9faites cuisantes aux l\u00e9gislatives, \u00e0 leur corps d\u00e9fendant. Ils ont ensuite men\u00e9 bataille pour neutraliser leur adversaire, les poussant \u00e0 la d\u00e9mission, au bout d\u2019un an pour le premier, et de deux ans pour le second.<\/p>\n<p>&nbsp;<\/p>\n<p>D\u00e8s lors, on comprend tr\u00e8s bien la r\u00e9action de Laurent Wauquiez, proche de Fillon, qui a publiquement regrett\u00e9 cet accord, fustigeant <em>\u00ab\u00a0la poussi\u00e8re mise sous le tapis\u00a0\u00bb<\/em>. Il faut dire que le d\u00e9put\u00e9 de Haute-Loire se voyait bien \u00eatre candidat pour le compte de Fillon. Au lieu de cela, c\u2019est Cop\u00e9 qui va tenir la boutique, pr\u00e9parant sa propre candidature pour l\u2019Elys\u00e9e, ou pour Matignon dans la roue de l\u2019ex-pr\u00e9sident. Si Wauquiez fulmine, on comprend d\u2019autant moins la sortie de Fran\u00e7ois Baroin, autre filloniste, dimanche sur France 2. Il a rappel\u00e9 la<em> \u00ab\u00a0faute inexcusable\u00a0\u00bb\u00a0<\/em>de Cop\u00e9 qui s\u2019\u00e9tait autoproclam\u00e9 pr\u00e9sident en novembre. Pour Baroin, Cop\u00e9, c\u2019est un putschiste. Moralit\u00e9, il faut donc lui laisser le parti. Comprenne qui pourra\u00a0! On se demande m\u00eame si ce genre d\u2019attitude ne risque pas de heurter militants et sympathisants. Si Cop\u00e9 n\u2019est pas digne de diriger l\u2019UMP, il faut la lui prendre\u00a0; si on signe un accord lui conc\u00e9dant cette l\u00e9gitimit\u00e9, il faut le respecter.<\/p>\n<p>&nbsp;<\/p>\n<p>Jean-Fran\u00e7ois Cop\u00e9, qu\u2019on disait perdu pour 2017, sera donc remis officiellement en selle le 28 juin prochain. Certes, son habilet\u00e9 y est pour quelque chose. Mais elle p\u00e8se bien peu en comparaison de la folle strat\u00e9gie de son meilleur ennemi.<\/p>\n<p>&nbsp;<\/p>\n<p>&nbsp;<\/p>\n<p>&nbsp;<\/p>\n<p>&nbsp;<\/p>\n<p>&nbsp;<\/p>\n<p>&nbsp;<\/p>\n<p>&nbsp;<\/p>\n<p>&nbsp;<\/p>\n<p>&nbsp;<\/p>\n<p>&nbsp;<\/p>\n","protected":false},"excerpt":{"rendered":"<p>Mais que Fillon est all\u00e9 faire dans cette gal\u00e8re ?\u00a0 &nbsp; Fin juin, les militants UMP voteront. Pas pour d\u00e9signer leur nouveau pr\u00e9sident. Non. Ils voteront pour dire si oui ou non, il faut annuler le vote pour le Pr\u00e9sident de leur parti, pr\u00e9vu cet automne. Vous suivez toujours ? Ainsi sera mis en \u0153uvre [&hellip;]<\/p>\n","protected":false},"author":10,"featured_media":0,"comment_status":"open","ping_status":"open","sticky":false,"template":"","format":"standard","meta":{"footnotes":""},"categories":[5],"tags":[],"class_list":{"0":"post-2732","1":"post","2":"type-post","3":"status-publish","4":"format-standard","6":"category-sulfate"},"_links":{"self":[{"href":"https:\/\/blog.causeur.fr\/antidote\/wp-json\/wp\/v2\/posts\/2732","targetHints":{"allow":["GET"]}}],"collection":[{"href":"https:\/\/blog.causeur.fr\/antidote\/wp-json\/wp\/v2\/posts"}],"about":[{"href":"https:\/\/blog.causeur.fr\/antidote\/wp-json\/wp\/v2\/types\/post"}],"author":[{"embeddable":true,"href":"https:\/\/blog.causeur.fr\/antidote\/wp-json\/wp\/v2\/users\/10"}],"replies":[{"embeddable":true,"href":"https:\/\/blog.causeur.fr\/antidote\/wp-json\/wp\/v2\/comments?post=2732"}],"version-history":[{"count":0,"href":"https:\/\/blog.causeur.fr\/antidote\/wp-json\/wp\/v2\/posts\/2732\/revisions"}],"wp:attachment":[{"href":"https:\/\/blog.causeur.fr\/antidote\/wp-json\/wp\/v2\/media?parent=2732"}],"wp:term":[{"taxonomy":"category","embeddable":true,"href":"https:\/\/blog.causeur.fr\/antidote\/wp-json\/wp\/v2\/categories?post=2732"},{"taxonomy":"post_tag","embeddable":true,"href":"https:\/\/blog.causeur.fr\/antidote\/wp-json\/wp\/v2\/tags?post=2732"}],"curies":[{"name":"wp","href":"https:\/\/api.w.org\/{rel}","templated":true}]}}