{"id":2743,"date":"2013-07-15T07:00:25","date_gmt":"2013-07-15T07:00:25","guid":{"rendered":"http:\/\/blog.causeur.fr\/antidote\/?p=2743"},"modified":"2021-04-26T16:10:40","modified_gmt":"2021-04-26T14:10:40","slug":"14-juillet-la-nation-netait-pas-a-la-fete","status":"publish","type":"post","link":"https:\/\/blog.causeur.fr\/antidote\/14-juillet-la-nation-netait-pas-a-la-fete-2743","title":{"rendered":"14 juillet : la Nation n&rsquo;\u00e9tait pas \u00e0 la f\u00eate"},"content":{"rendered":"<h4>Siffleurs, twitteurs et autres malheurs<\/h4>\n<p>&nbsp;<\/p>\n<p><a href=\"http:\/\/blog.causeur.fr\/antidote\/files\/2013\/07\/d\u00e9fil\u00e9.jpg\"><img loading=\"lazy\" decoding=\"async\" class=\"alignleft size-medium wp-image-2744\" src=\"http:\/\/blog.causeur.fr\/antidote\/files\/2013\/07\/d\u00e9fil\u00e9-300x202.jpg\" alt=\"\" width=\"300\" height=\"202\" srcset=\"https:\/\/blog.causeur.fr\/antidote\/wp-content\/uploads\/sites\/9\/2013\/07\/d\u00e9fil\u00e9-300x202.jpg 300w, https:\/\/blog.causeur.fr\/antidote\/wp-content\/uploads\/sites\/9\/2013\/07\/d\u00e9fil\u00e9.jpg 532w\" sizes=\"auto, (max-width: 300px) 100vw, 300px\" \/><\/a><\/p>\n<p><span style=\"color: #424242\">Comme chaque 14 juillet au matin, le poste de t\u00e9l\u00e9 est allum\u00e9 chez moi. J\u2019ai pris l\u2019habitude depuis des ann\u00e9es de regarder le d\u00e9fil\u00e9 militaire. N\u2019imaginez pas que je sois au garde-\u00e0-vous devant la t\u00e9l\u00e9vision. J\u2019ai souvent autre chose \u00e0 faire\u00a0: <\/span><span style=\"color: #000080\"><span style=\"text-decoration: underline\"><a href=\"http:\/\/www.causeur.fr\/frigide-barjot-mariage-gay-marion-marechal,23392\">le num\u00e9ro d\u2019\u00e9t\u00e9 de Causeur<\/a><\/span><\/span><span style=\"color: #424242\"> \u00e0 lire, enguirlander les enfants qui se chamaillent ou m\u2019enqu\u00e9rir des cagettes dont je dispose pour allumer mon barbecue p\u00e9riurbain..<\/span><\/p>\n<p><a name=\"fnref-2743-1\"><\/a> <span style=\"color: #424242\">Cette ann\u00e9e, des figures impos\u00e9es et quelques nouveaut\u00e9s ont jalonn\u00e9 cette matin\u00e9e audiovisuelle de f\u00eate nationale. On s\u2019en serait bien pass\u00e9 mais nous sommes en 2013, n\u2019en demandons pas trop. Il y a d\u2019abord eu ces sifflets adress\u00e9s au chef de l\u2019Etat lors de son passage sur les Champs-Elys\u00e9es.<!--more--> Renseignements pris, c\u2019est une escouade de la Manif pour Tous qui est \u00e0 l\u2019origine de cette initiative imb\u00e9cile. On fera \u00e0 ce sujet deux remarques. Primo, il est compl\u00e8tement incoh\u00e9rent de traiter Fran\u00e7ois Hollande de diviseur de la nation quand il acc\u00e9l\u00e8re le processus l\u00e9gislatif pour faire passer la loi Taubira puis de venir troubler ce grand moment d\u2019unit\u00e9 nationale que sont les festivit\u00e9s du 14 juillet. Secundo, ce genre de b\u00eatise n\u2019aurait pas pu avoir lieu si Frigide Barjot dirigeait encore ce mouvement. Parce ce qu\u2019elle conna\u00eet le poids des symboles, et qu\u2019elle respecte profond\u00e9ment les institutions de notre pays. Ceux qui ont pris sa place s\u2019av\u00e8rent extr\u00eamement vulgaires alors m\u00eame qu\u2019il s invoquaient sa pr\u00e9tendue vulgarit\u00e9 \u00a0pour lui retirer son porte-parolat. Comme si les sifflets ne suffisaient pas, on fut encore davantage constern\u00e9 devant les r\u00e9actions des uns et des autres, comme Pierre Lellouche, qui appuya d\u2019un tweet ces quolibets adress\u00e9s au <\/span><span style=\"color: #424242\"><em>\u00ab\u00a0fossoyeur de l\u2019arm\u00e9e fran\u00e7aise\u00a0\u00bb<\/em><\/span><span style=\"color: #424242\">. Comme si les restrictions budg\u00e9taires dans la Grande muette n\u2019avaient pas \u00e9t\u00e9 largement entam\u00e9es sous le quinquennat de Nicolas Sarkozy, qui d\u00e9testait les militaires et ne le cachait m\u00eame pas. R\u00e9actions pavloviennes \u00e9galement du c\u00f4t\u00e9 du PS, pour d\u00e9noncer les siffleurs et Pierre Lellouche. Pourtant, certains ne s\u2019indignaient gu\u00e8re, voire se mettaient eux-m\u00eames \u00e0 siffler lorsque Nicolas Sarkozy \u00e9tait victime d\u2019outrages dans l\u2019exercice de ses fonctions pr\u00e9sidentielles. Il n\u2019y a pas eu que Lellouche pour briller sur Twitter. Xavier Cantat, \u00e9lu vert et compagnon de C\u00e9cile Duflot, logiquement invit\u00e9 \u00e0 assister au d\u00e9fil\u00e9, paradait ainsi : <\/span><span style=\"color: #424242\"><em>\u00ab\u00a0Fier que la chaise \u00e0 mon nom reste vide au d\u00e9fil\u00e9 de bottes des Champs-Elys\u00e9es\u00a0\u00bb.<\/em><\/span><span style=\"color: #424242\"> Monsieur Cantat n\u2019aime pas les bottes, c\u2019est son droit. Qu\u2019il ait n\u00e9anmoins la d\u00e9cence de ne pas se pr\u00e9valoir d\u2019une invitation que l\u2019Etat -ce salaud qui entretient une arm\u00e9e bott\u00e9e- lui a g\u00e9n\u00e9reusement octroy\u00e9e alors qu\u2019il ne fait que vivre avec une ministre, f\u00fbt-elle C\u00e9cile Duflot. Il \u00e9tait tr\u00e8s facile \u00e0 Madame Duflot de demander aux responsables du protocole de ne pas installer de chaise \u00e0 son antimilitariste de compagnon. On aurait ainsi \u00e9chapp\u00e9 \u00e0 ce tweet, t\u00e9moignage d\u2019antimilitarisme de salon. Au fait, rappelons que c\u2019est l\u2019arm\u00e9e de la Nation qui rend hommage au pouvoir politique d\u00e9mocratiquement \u00e9lu en d\u00e9filant devant lui, et pas l\u2019inverse comme le croient stupidement Eva Joly et certains verts<\/span>.<\/p>\n<p><span style=\"color: #424242\">Je passe sur la programmation musicale des ch\u0153urs de l\u2019arm\u00e9e fran\u00e7aise, quelque peu fantaisiste cette ann\u00e9e. Car la cerise, l\u2019\u00e9norme cerise sur le g\u00e2teau se situait beaucoup plus haut. Dans le ciel de Paris. Figurez-vous que France 2 avait d\u00e9cid\u00e9 de c\u00e9l\u00e9brer la famille Drucker comme si le 14 juillet ne suffisait pas en lui-m\u00eame. Ainsi, Marie a pu interviewer son tonton qui avait embarqu\u00e9 dans un avion de la Patrouille de France. Imagine-t-on, en d\u2019autres temps, L\u00e9on Zitrone sauter en parachute ? Ou m\u00eame Jean-Claude Narcy piloter un char Leclerc ? Puisque R\u00e9my Pfimlin a d\u00e9cid\u00e9 de mettre ses animateurs vedettes en premi\u00e8re ligne pour gagner la bataille de l\u2019audimat, sugg\u00e9rons-lui d\u2019autres id\u00e9es. Pourquoi Nagui n\u2019ex\u00e9cuterait pas un saut \u00e0 l\u2019\u00e9lastique depuis le haut de la Tour Eiffel, ou David Pujadas une escalade \u00e0 mains nues de la Tour Montparnasse \u00e0 l\u2019occasion des festivit\u00e9s c\u00e9l\u00e9brant la Lib\u00e9ration de Paris ?<\/span><\/p>\n<p><span style=\"color: #424242\">\u00c0 part \u00e7a, le Pr\u00e9sident de la R\u00e9publique a parl\u00e9, en ce 14 juillet. Il nous a dit que la reprise \u00e9tait l\u00e0. Quand on vous dit qu\u2019il y a des figures impos\u00e9es dont on se passerait\u2026<\/span><\/p>\n<p><a name=\"fn-2743-1\"><\/a><\/p>\n","protected":false},"excerpt":{"rendered":"<p>Siffleurs, twitteurs et autres malheurs &nbsp; Comme chaque 14 juillet au matin, le poste de t\u00e9l\u00e9 est allum\u00e9 chez moi. J\u2019ai pris l\u2019habitude depuis des ann\u00e9es de regarder le d\u00e9fil\u00e9 militaire. N\u2019imaginez pas que je sois au garde-\u00e0-vous devant la t\u00e9l\u00e9vision. J\u2019ai souvent autre chose \u00e0 faire\u00a0: le num\u00e9ro d\u2019\u00e9t\u00e9 de Causeur \u00e0 lire, enguirlander [&hellip;]<\/p>\n","protected":false},"author":10,"featured_media":0,"comment_status":"open","ping_status":"open","sticky":false,"template":"","format":"standard","meta":{"footnotes":""},"categories":[5],"tags":[],"class_list":{"0":"post-2743","1":"post","2":"type-post","3":"status-publish","4":"format-standard","6":"category-sulfate"},"_links":{"self":[{"href":"https:\/\/blog.causeur.fr\/antidote\/wp-json\/wp\/v2\/posts\/2743","targetHints":{"allow":["GET"]}}],"collection":[{"href":"https:\/\/blog.causeur.fr\/antidote\/wp-json\/wp\/v2\/posts"}],"about":[{"href":"https:\/\/blog.causeur.fr\/antidote\/wp-json\/wp\/v2\/types\/post"}],"author":[{"embeddable":true,"href":"https:\/\/blog.causeur.fr\/antidote\/wp-json\/wp\/v2\/users\/10"}],"replies":[{"embeddable":true,"href":"https:\/\/blog.causeur.fr\/antidote\/wp-json\/wp\/v2\/comments?post=2743"}],"version-history":[{"count":0,"href":"https:\/\/blog.causeur.fr\/antidote\/wp-json\/wp\/v2\/posts\/2743\/revisions"}],"wp:attachment":[{"href":"https:\/\/blog.causeur.fr\/antidote\/wp-json\/wp\/v2\/media?parent=2743"}],"wp:term":[{"taxonomy":"category","embeddable":true,"href":"https:\/\/blog.causeur.fr\/antidote\/wp-json\/wp\/v2\/categories?post=2743"},{"taxonomy":"post_tag","embeddable":true,"href":"https:\/\/blog.causeur.fr\/antidote\/wp-json\/wp\/v2\/tags?post=2743"}],"curies":[{"name":"wp","href":"https:\/\/api.w.org\/{rel}","templated":true}]}}