{"id":275,"date":"2009-05-10T07:35:07","date_gmt":"2009-05-10T06:35:07","guid":{"rendered":"http:\/\/carnet.causeur.fr\/antidote\/?p=275"},"modified":"2021-04-26T16:12:04","modified_gmt":"2021-04-26T14:12:04","slug":"rama-dans-mes-bras","status":"publish","type":"post","link":"https:\/\/blog.causeur.fr\/antidote\/rama-dans-mes-bras-275","title":{"rendered":"O\u00f9 \u00eates-vous, Rama ?"},"content":{"rendered":"<p>On devrait inviter plus souvent des philosophes \u00e0 causer politique dans le poste. Ils ont un go\u00fbt de la v\u00e9rit\u00e9 qui tranche avec la langue de bois habituelle. Ainsi, hier matin, j&rsquo;ai entendu Luc Ferry sur Europe 1, invit\u00e9 de Dominique Souchier[0. Cliquer <a href=\"http:\/\/www.europe1.fr\/Radio\/ecoute-podcasts\/info\/C-est-arrive-Dominique-Souchier\/C-est-arrive-cette-semaine-9-mai-2009\" target=\"_self\" rel=\"noopener\">ici<\/a> pour \u00e9couter ou t\u00e9l\u00e9charger l&rsquo;\u00e9mission]. Il nous a expliqu\u00e9 pourquoi il n&rsquo;\u00e9tait pas candidat aux \u00e9lections europ\u00e9ennes. Jusque l\u00e0, rien d&rsquo;int\u00e9ressant, sauf lorsqu&rsquo;il a expliqu\u00e9 que son cas n&rsquo;\u00e9tait qu&rsquo;un dommage collat\u00e9ral de la d\u00e9fection de Rama Yade. Et pourquoi donc la secr\u00e9taire d&rsquo;Etat aux Droits de l&rsquo;Homme a envoy\u00e9 pa\u00eetre Nicolas Sarkozy ? Luc Ferry nous donne une version toute diff\u00e9rente de ce que l&rsquo;on a pu entendre jusque l\u00e0 : \u00ab\u00a0elle est souverainiste, elle est sur la ligne de Dupont-Aignan, elle a vot\u00e9 Non au trait\u00e9 constitutionnel europ\u00e9en ; c&rsquo;est d&rsquo;ailleurs tout \u00e0 son honneur de refuser pour des raisons de convictions\u00a0\u00bb.<\/p>\n<p>Autrefois, on habillait les d\u00e9cisions li\u00e9es \u00e0 l&rsquo;ambition avec des raisons plus nobles de convictions. Sous Sarkozy, on doit faire l&rsquo;inverse. Avouez qu&rsquo;on n&rsquo;avait lu nulle part ce genre d&rsquo;inclination politique de la part de Rama Yade. La presse n&rsquo;en a pas fait \u00e9cho. A t-elle seulement enqu\u00eat\u00e9 ? En 2005, Me Yade n&rsquo;\u00e9tait qu&rsquo;une simple militante. Mais en faisant un v\u00e9ritable travail de journaliste, on aurait pu savoir qu&rsquo;elle s&rsquo;\u00e9tait oppos\u00e9e \u00e0 la constitution europ\u00e9enne. Nenni. Lorsque Sarkozy l&rsquo;a balanc\u00e9e sous les projecteurs, en janvier 2007 \u00e0 la Porte de Versailles, ce qui int\u00e9ressait, c&rsquo;\u00e9tait qu&rsquo;elle \u00e9tait noire et femme. Ce qu&rsquo;elle pensait, rien \u00e0 battre&#8230;<\/p>\n<p>Dommage ! On aurait ainsi pu constater ce qu&rsquo;il devait y avoir de difficile pour une \u00ab\u00a0souverainiste\u00a0\u00bb[1. Il s&rsquo;agit d&rsquo;une appellation qui sent le soufre, dans les milieux bien-pensants, dans les \u00e9lites m\u00e9diatiques comme pour Luc Ferry, \u00e0 tel point que Nicolas Dupont-Aignan la r\u00e9cuse, sentant bien le pi\u00e8ge dans lequel on souhaite l&rsquo;enfermer] d&rsquo;\u00eatre nomm\u00e9e sous la tutelle de Bernard Kouchner, de participer \u00e0 un gouvernement qui fait voter le Trait\u00e9 de Lisbonne par le Parlement, alors qu&rsquo;elle a refus\u00e9 le m\u00eame texte en tant que citoyenne trois ans plus t\u00f4t. Ce ne sont pas des couleuvres qu&rsquo;elle a aval\u00e9es mais des boas[2. En ce qui me concerne, je ne peux m\u00eame pas avaler des orvets, ce qui explique mon total \u00e9chec dans ce milieu].<\/p>\n<p>On aurait pu ainsi mieux comprendre la col\u00e8re du Pr\u00e9sident de la R\u00e9publique devant le refus de Rama Yade de mener la liste de l&rsquo;UMP pour les \u00e9lections europ\u00e9ennes en Ile de France. Lui qui tente de nous vendre l&rsquo;escroquerie de la r\u00e9conciliation de la France du Non et celle du Oui, alors que le trait\u00e9 de Lisbonne et son action ne reprennent que les arguments de celle du Oui, a vu ainsi ses plans contrecarr\u00e9s. Il a d\u00fb se rabattre sur Michel Barnier, dont l&rsquo;eurob\u00e9atitude n&rsquo;est pas sans rappeler Feu Jean Lecanuet[2. Coluche avait finalement tort en disant qu&rsquo;<em>on disait LEcanuet parce qu&rsquo;il n&rsquo;y en avait qu&rsquo;un, on n&rsquo;allait pas faire un \u00e9levage<\/em>], second\u00e9 par Rachida Dati, dont on ne sait toujours pas ce qu&rsquo;elle pense, ni de la constitution europ\u00e9enne, ni du trait\u00e9 de Lisbonne, ni d&rsquo;Europe, ni de rien, d&rsquo;ailleurs. Rachida n&rsquo;est ni souverainiste, ni f\u00e9d\u00e9raliste ; elle est, selon l&rsquo;un des rares bons mots de Bedos[3. A propos de Mireille Mathieu en l&rsquo;occurrence], l\u00e0 o\u00f9 on la pose.<\/p>\n<p>Rama Yade a consid\u00e9r\u00e9 qu&rsquo;aller d\u00e9fendre la vision europ\u00e9enne du Pr\u00e9sident de la R\u00e9publique lorqu&rsquo;on est soi-m\u00eame anim\u00e9 par de telles convictions, c&rsquo;\u00e9tait un anaconda. Elle peut aller jusqu&rsquo;au boa, pas davantage. Merci donc \u00e0 Dominique Souchier d&rsquo;avoir invit\u00e9 Luc Ferry. Merci \u00e0 Luc Ferry d&rsquo;avoir fait le boulot de tout ce que Paris compte en journalistes politiques. Cela me permet aujourd&rsquo;hui d&rsquo;informer tous mes amis d&rsquo;Ile de France que s&rsquo;ils avaient eu la tentation de voter pour Rama Yade, c&rsquo;est logiquement pour Nicolas Dupont-Aignan et Debout la R\u00e9publique qu&rsquo;ils devraient maintenant porter leur suffrage. Cela me permet d&rsquo;en informer aussi les 70% de Fran\u00e7ais qui disent appr\u00e9cier la personnalit\u00e9 de Rama Yade: ils peuvent faire le m\u00eame choix le 7 juin.<\/p>\n","protected":false},"excerpt":{"rendered":"<p>Luc Ferry nous offre un scoop magnifique au sujet de  la secr\u00e9taire d&rsquo;Etat.<\/p>\n","protected":false},"author":10,"featured_media":0,"comment_status":"open","ping_status":"closed","sticky":false,"template":"","format":"standard","meta":{"footnotes":""},"categories":[4],"tags":[],"class_list":{"0":"post-275","1":"post","2":"type-post","3":"status-publish","4":"format-standard","6":"category-oxygene"},"_links":{"self":[{"href":"https:\/\/blog.causeur.fr\/antidote\/wp-json\/wp\/v2\/posts\/275","targetHints":{"allow":["GET"]}}],"collection":[{"href":"https:\/\/blog.causeur.fr\/antidote\/wp-json\/wp\/v2\/posts"}],"about":[{"href":"https:\/\/blog.causeur.fr\/antidote\/wp-json\/wp\/v2\/types\/post"}],"author":[{"embeddable":true,"href":"https:\/\/blog.causeur.fr\/antidote\/wp-json\/wp\/v2\/users\/10"}],"replies":[{"embeddable":true,"href":"https:\/\/blog.causeur.fr\/antidote\/wp-json\/wp\/v2\/comments?post=275"}],"version-history":[{"count":0,"href":"https:\/\/blog.causeur.fr\/antidote\/wp-json\/wp\/v2\/posts\/275\/revisions"}],"wp:attachment":[{"href":"https:\/\/blog.causeur.fr\/antidote\/wp-json\/wp\/v2\/media?parent=275"}],"wp:term":[{"taxonomy":"category","embeddable":true,"href":"https:\/\/blog.causeur.fr\/antidote\/wp-json\/wp\/v2\/categories?post=275"},{"taxonomy":"post_tag","embeddable":true,"href":"https:\/\/blog.causeur.fr\/antidote\/wp-json\/wp\/v2\/tags?post=275"}],"curies":[{"name":"wp","href":"https:\/\/api.w.org\/{rel}","templated":true}]}}