{"id":2761,"date":"2013-09-16T07:00:40","date_gmt":"2013-09-16T07:00:40","guid":{"rendered":"http:\/\/blog.causeur.fr\/antidote\/?p=2761"},"modified":"2021-04-26T16:10:40","modified_gmt":"2021-04-26T14:10:40","slug":"fillon-a-lance-la-primaire","status":"publish","type":"post","link":"https:\/\/blog.causeur.fr\/antidote\/fillon-a-lance-la-primaire-2761","title":{"rendered":"Fillon a lanc\u00e9 la primaire"},"content":{"rendered":"<h4>Choquer les m\u00e9dias, un bon plan pour gagner \u00a0le peuple de droite !<\/h4>\n<p>&nbsp;<\/p>\n<p><a href=\"http:\/\/blog.causeur.fr\/antidote\/files\/2009\/04\/fillon.jpg\"><img loading=\"lazy\" decoding=\"async\" class=\"alignleft size-full wp-image-260\" src=\"http:\/\/blog.causeur.fr\/antidote\/files\/2009\/04\/fillon.jpg\" alt=\"\" width=\"240\" height=\"160\" \/><\/a><\/p>\n<p>En juin dernier,\u00a0<a href=\"http:\/\/www.causeur.fr\/ump-cope-fillon,23063\">nous nous interrogions sur les raisons qui conduisaient Fran\u00e7ois Fillon \u00e0 laisser le parti<\/a>\u00a0\u00e0 son rival Cop\u00e9 apr\u00e8s que ce dernier lui avait vol\u00e9 la victoire huit mois plus t\u00f4t devant la France enti\u00e8re. Nous nous montrions s\u00e9v\u00e8res \u00e0 son \u00e9gard, jugeant sa strat\u00e9gie compl\u00e8tement illisible\u00a0 car il remettait ainsi son rival en lice. Il nous manquait une pi\u00e8ce au puzzle. Cette pi\u00e8ce, l\u2019ancien premier ministre l\u2019a pos\u00e9e sur le jeu dimanche dernier en d\u00e9voilant sa feuille de route jusqu\u2019\u00e0 l\u2019automne 2016, date de la primaire que l\u2019UMP doit organiser pour d\u00e9signer son candidat \u00e0 la prochaine \u00e9lection pr\u00e9sidentielle.<!--more--><\/p>\n<p>En fait, Fran\u00e7ois Fillon fait l\u2019analyse suivante : l\u2019organisation de la primaire \u00e9tant act\u00e9e, il ne lui sert plus \u00e0 rien de perdre son temps \u00e0 diriger un appareil. Il lui suffit d\u2019entrer en campagne d\u00e8s maintenant et d\u2019entamer un dialogue avec tous ceux qui pourraient participer \u00e0 cette \u00e9lection d\u2019un nouveau genre \u00e0 droite. Il fait le pari d\u2019une participation aussi forte que celle organis\u00e9e par le PS et allant bien au-del\u00e0 des \u00e9lus, adh\u00e9rents et m\u00eame sympathisants de l\u2019UMP. Parler \u00e0 tout le \u201cpeuple de droite\u201d, est donc devenu sa pr\u00e9occupation premi\u00e8re, afin d\u2019en devenir le champion incontestable et \u2013 soyons fous ! \u2013 incontest\u00e9. Sa campagne pour la primaire 2016 a d\u00e9but\u00e9 sur les chapeaux de roue cet \u00e9t\u00e9 avec des op\u00e9rations de com tous azimuts. Elle a continu\u00e9 dimanche avec cette volte-face qui a surpris Jean-Fran\u00e7ois Cop\u00e9 et certainement aussi Nicolas Sarkozy, sur l\u2019attitude \u00e0 avoir en cas de duel FN-PS. Alors qu\u2019il pr\u00e9conisait lors des \u00e9lections cantonales de 2011 de pr\u00e9f\u00e9rer le candidat du Parti Socialiste, il explique d\u00e9sormais qu\u2019il faut appeler \u00e0 voter pour le candidat le moins sectaire, ajoutant, relanc\u00e9 par le journaliste qui l\u2019interrogeait, que ce ne serait pas forc\u00e9ment celui du PS.<\/p>\n<p>Alors que certains de ses soutiens, comme Val\u00e9rie P\u00e9cresse, disaient ne pas comprendre ce que pouvait signifier cette phrase, il a donc persist\u00e9 et sign\u00e9 vendredi soir. En une semaine, en brisant un tabou qui fait hurler de rage Harlem D\u00e9sir<span style=\"font-size: 13px;line-height: 19px\">[1. Dont on se demande, au passage, pourquoi il a si peu de foi dans le non-sectarisme des futurs candidats pr\u00e9sent\u00e9s par le parti qu\u2019il dirige\u2026],\u00a0<\/span><span style=\"font-size: 13px;line-height: 19px\">il a ainsi sem\u00e9 le trouble parmi les caciques de l\u2019UMP, tels Alain Jupp\u00e9 ou Jean-Pierre Raffarin, lequel a lanc\u00e9 samedi une\u00a0<\/span><em>\u201calerte rouge\u201d<\/em><span style=\"font-size: 13px;line-height: 19px\">\u00a0sur Twitter. C\u2019est dire si l\u2019affaire est grave\u00a0! Quant \u00e0 Cop\u00e9, meurtri de voir ainsi son pain au chocolat jet\u00e9 aux oubliettes m\u00e9diatiques, il a rappel\u00e9 la r\u00e8gle officielle au sein de l\u2019UMP : en cas de duel FN-PS, c\u2019est ni-ni. Fillon s\u2019en fiche. En une semaine, il a piqu\u00e9 \u00e0 Cop\u00e9 et \u00e0 Sarkozy le march\u00e9 de la fameuse droite d\u00e9complex\u00e9e, sans m\u00eame utiliser le mot. Les \u00e9lecteurs de droite sont en effet majoritairement favorables \u00e0 une telle strat\u00e9gie surtout parmi les plus politis\u00e9s et mobilis\u00e9s, c\u2019est-\u00e0-dire ceux qui se pourraient se d\u00e9placer pour voter \u00e0 la primaire de 2016.<\/span><\/p>\n<p>&nbsp;<\/p>\n<p>Cette strat\u00e9gie, pour lisible qu\u2019elle soit devenue, convainc d\u00e9finitivement de la d\u00e9termination de Fran\u00e7ois Fillon d\u2019aller jusqu\u2019au bout de son ambition pr\u00e9sidentielle. Le vell\u00e9itaire qui \u00e9tait en lui est mort et enterr\u00e9. On ne voit pas en effet pourquoi il aurait bris\u00e9 le tabou supr\u00eame aux yeux des m\u00e9dias, et choqu\u00e9 ses proches, pour renoncer \u00e0 \u00eatre candidat dans trois ans. Mais la tactique n\u2019est pas sans risque. Tout repose en effet sur le succ\u00e8s de la primaire de 2016. Et rien ne dit, pour l\u2019instant, qu\u2019elle en conna\u00eetra un de m\u00eame ampleur que celui de l\u2019automne 2011 o\u00f9 Hollande avait battu la premi\u00e8re secr\u00e9taire du Parti socialiste. Plus r\u00e9cemment, l\u2019exp\u00e9rience de la primaire UMP parisienne \u2013 un vrai flop en terme de participation- montre que l\u2019\u00e9lecteur de droite ne se d\u00e9place pas aussi bien que celui de gauche dans ce genre de grande messe d\u00e9mocratique. Si la primaire ne mobilise que le noyau dur des sympathisants UMP, Cop\u00e9 aurait un avantage certain, d\u2019autant qu\u2019il aurait plac\u00e9 des pions importants dans les batailles \u00e9lectorales locales de 2014 et 2015. Et si Cop\u00e9 \u00a0(ou un autre) \u00e9tait finalement battu par Fillon dans un contexte de participation faible, Nicolas Sarkozy pourrait profiter du flop de la primaire pour se pr\u00e9senter directement devant les Fran\u00e7ais, arguant de la tr\u00e8s faible l\u00e9gitimit\u00e9 de la victoire de Fillon, poussant le vice d\u2019en appeler \u00e0 l\u2019esprit originel des institutions cr\u00e9\u00e9es par le g\u00e9n\u00e9ral de Gaulle, ce qui ne manquerait pas de sel, avouons-le.<\/p>\n<p>&nbsp;<\/p>\n<p>Le pari de Fillon est risqu\u00e9 mais au moins a-t-il -enfin !- commenc\u00e9 \u00e0 jouer. Ses proches, au lieu de se lamenter, devraient s\u2019en f\u00e9liciter.<\/p>\n","protected":false},"excerpt":{"rendered":"<p>Choquer les m\u00e9dias, un bon plan pour gagner \u00a0le peuple de droite ! &nbsp; En juin dernier,\u00a0nous nous interrogions sur les raisons qui conduisaient Fran\u00e7ois Fillon \u00e0 laisser le parti\u00a0\u00e0 son rival Cop\u00e9 apr\u00e8s que ce dernier lui avait vol\u00e9 la victoire huit mois plus t\u00f4t devant la France enti\u00e8re. Nous nous montrions s\u00e9v\u00e8res \u00e0 [&hellip;]<\/p>\n","protected":false},"author":10,"featured_media":0,"comment_status":"open","ping_status":"open","sticky":false,"template":"","format":"standard","meta":{"footnotes":""},"categories":[4],"tags":[],"class_list":{"0":"post-2761","1":"post","2":"type-post","3":"status-publish","4":"format-standard","6":"category-oxygene"},"_links":{"self":[{"href":"https:\/\/blog.causeur.fr\/antidote\/wp-json\/wp\/v2\/posts\/2761","targetHints":{"allow":["GET"]}}],"collection":[{"href":"https:\/\/blog.causeur.fr\/antidote\/wp-json\/wp\/v2\/posts"}],"about":[{"href":"https:\/\/blog.causeur.fr\/antidote\/wp-json\/wp\/v2\/types\/post"}],"author":[{"embeddable":true,"href":"https:\/\/blog.causeur.fr\/antidote\/wp-json\/wp\/v2\/users\/10"}],"replies":[{"embeddable":true,"href":"https:\/\/blog.causeur.fr\/antidote\/wp-json\/wp\/v2\/comments?post=2761"}],"version-history":[{"count":0,"href":"https:\/\/blog.causeur.fr\/antidote\/wp-json\/wp\/v2\/posts\/2761\/revisions"}],"wp:attachment":[{"href":"https:\/\/blog.causeur.fr\/antidote\/wp-json\/wp\/v2\/media?parent=2761"}],"wp:term":[{"taxonomy":"category","embeddable":true,"href":"https:\/\/blog.causeur.fr\/antidote\/wp-json\/wp\/v2\/categories?post=2761"},{"taxonomy":"post_tag","embeddable":true,"href":"https:\/\/blog.causeur.fr\/antidote\/wp-json\/wp\/v2\/tags?post=2761"}],"curies":[{"name":"wp","href":"https:\/\/api.w.org\/{rel}","templated":true}]}}