{"id":277,"date":"2009-05-13T11:00:44","date_gmt":"2009-05-13T10:00:44","guid":{"rendered":"http:\/\/carnet.causeur.fr\/antidote\/?p=277"},"modified":"2021-04-26T16:12:04","modified_gmt":"2021-04-26T14:12:04","slug":"vote-de-kouchner-lecran-de-fumee","status":"publish","type":"post","link":"https:\/\/blog.causeur.fr\/antidote\/vote-de-kouchner-lecran-de-fumee-277","title":{"rendered":"Vote de Kouchner : l&#039;\u00e9cran de fum\u00e9e"},"content":{"rendered":"<p>Pendant deux jours, les h\u00e9sitations de Bernard Kouchner ont amus\u00e9 la galerie m\u00e9diatique. Lundi, il confiait combien son c\u0153ur balan\u00e7ait entre la liste UMP conduite par ses coll\u00e8gues Barnier-Dati et celle du PS men\u00e9e par Harlem D\u00e9sir. On a vu alors un d\u00e9ferlement de commentaires et de d\u00e9clarations qui ont squatt\u00e9 le d\u00e9bat l\u00e9gitime sur les enjeux de cette \u00e9lection.<\/p>\n<p>Dans un jeu de r\u00f4les parfaitement r\u00e9alis\u00e9, porte-flingues de l&rsquo;UMP et du Parti Socialiste se sont relay\u00e9s pour fustiger l&rsquo;h\u00e9sitant, au mieux, le tra\u00eetre, au pire. Pourtant, m\u00eame pour un ministre de la R\u00e9publique, convenez qu&rsquo;il doit \u00eatre difficile de choisir entre deux listes qui soutiennent le Trait\u00e9 de Lisbonne[1. Constitution europ\u00e9enne refus\u00e9e par les Fran\u00e7ais en mai 2005, puis maquill\u00e9e comme une voiture vol\u00e9e et approuv\u00e9e par les parlementaires UMP, PS, Modem et Verts.]. Hier, il a finalement annonc\u00e9 que son choix se porterait sur la liste de la majorit\u00e9 \u00e0 laquelle il appartient en toute logique puisqu&rsquo;il appartient au gouvernement. Soulagement d&rsquo;un c\u00f4t\u00e9, cries d&rsquo;orfraies de l&rsquo;autre.<\/p>\n<p>Pendant ce temps, on ne parle pas des vrais sujets. On escamote un d\u00e9bat n\u00e9cessaire sur ce fameux trait\u00e9 de Lisbonne, v\u00e9ritable viol de la d\u00e9mocratie et vol de la victoire des nonistes ; on escamote le d\u00e9bat n\u00e9cessaire sur les ravages du libre-\u00e9change \u00e0 l&rsquo;\u00e9chelle mondiale ; on escamote le d\u00e9bat sur la pr\u00e9gnance du droit europ\u00e9en dans notre vie quotidienne.<\/p>\n<p>Pendant ce temps, on ne parle pas d&rsquo;h\u00e9sitations, davantage politiques que cosm\u00e9tiques, d&rsquo;un autre membre du gouvernement. Il semble que l&rsquo;information de Luc Ferry sur Rama Yade, <a href=\"http:\/\/carnet.causeur.fr\/antidote\/rama-dans-mes-bras,00275\" target=\"_blank\" rel=\"noopener\">que j&rsquo;ai relay\u00e9e ici,<\/a> n&rsquo;ait pas beaucoup int\u00e9ress\u00e9\u00a0la presse fran\u00e7aise.\u00a0On s&rsquo;\u00e9tonne que Kouchner, que jamais une feuille de papier \u00e0 cigarette n&rsquo;a s\u00e9par\u00e9 de Nicolas Sarkozy sur les affaires internationales et europ\u00e9ennes, vote UMP apr\u00e8s avoir h\u00e9sit\u00e9 avec son ancien parti. Mais on passe sous silence le fait que le membre le plus populaire du gouvernement[2. Rama Yade supplante Bernard Kouchner dans le fameux classement.] ait quelques accointances souverainistes. Et si les m\u00e9dias commen\u00e7aient, vraiment, \u00e0 faire leur boulot ?<\/p>\n","protected":false},"excerpt":{"rendered":"<p>Le Docteur K. amuse la galerie m\u00e9diatique et on tait les vrais sujets.<\/p>\n","protected":false},"author":10,"featured_media":0,"comment_status":"open","ping_status":"closed","sticky":false,"template":"","format":"standard","meta":{"footnotes":""},"categories":[5],"tags":[],"class_list":{"0":"post-277","1":"post","2":"type-post","3":"status-publish","4":"format-standard","6":"category-sulfate"},"_links":{"self":[{"href":"https:\/\/blog.causeur.fr\/antidote\/wp-json\/wp\/v2\/posts\/277","targetHints":{"allow":["GET"]}}],"collection":[{"href":"https:\/\/blog.causeur.fr\/antidote\/wp-json\/wp\/v2\/posts"}],"about":[{"href":"https:\/\/blog.causeur.fr\/antidote\/wp-json\/wp\/v2\/types\/post"}],"author":[{"embeddable":true,"href":"https:\/\/blog.causeur.fr\/antidote\/wp-json\/wp\/v2\/users\/10"}],"replies":[{"embeddable":true,"href":"https:\/\/blog.causeur.fr\/antidote\/wp-json\/wp\/v2\/comments?post=277"}],"version-history":[{"count":0,"href":"https:\/\/blog.causeur.fr\/antidote\/wp-json\/wp\/v2\/posts\/277\/revisions"}],"wp:attachment":[{"href":"https:\/\/blog.causeur.fr\/antidote\/wp-json\/wp\/v2\/media?parent=277"}],"wp:term":[{"taxonomy":"category","embeddable":true,"href":"https:\/\/blog.causeur.fr\/antidote\/wp-json\/wp\/v2\/categories?post=277"},{"taxonomy":"post_tag","embeddable":true,"href":"https:\/\/blog.causeur.fr\/antidote\/wp-json\/wp\/v2\/tags?post=277"}],"curies":[{"name":"wp","href":"https:\/\/api.w.org\/{rel}","templated":true}]}}