{"id":2773,"date":"2013-10-16T14:28:39","date_gmt":"2013-10-16T14:28:39","guid":{"rendered":"http:\/\/blog.causeur.fr\/antidote\/?p=2773"},"modified":"2021-04-26T16:10:29","modified_gmt":"2021-04-26T14:10:29","slug":"affaire-leonarda-place-aux-faits","status":"publish","type":"post","link":"https:\/\/blog.causeur.fr\/antidote\/affaire-leonarda-place-aux-faits-2773","title":{"rendered":"Affaire Leonarda : Place aux faits"},"content":{"rendered":"<h3>Valls et le pr\u00e9fet du Doubs n\u2019ont fait que respecter la loi<\/h3>\n<p>&nbsp;<\/p>\n<p><a href=\"http:\/\/blog.causeur.fr\/antidote\/files\/2013\/10\/pontarlier.jpg\"><img loading=\"lazy\" decoding=\"async\" class=\"alignleft size-medium wp-image-2774\" src=\"http:\/\/blog.causeur.fr\/antidote\/files\/2013\/10\/pontarlier-300x199.jpg\" alt=\"\" width=\"300\" height=\"199\" srcset=\"https:\/\/blog.causeur.fr\/antidote\/wp-content\/uploads\/sites\/9\/2013\/10\/pontarlier-300x199.jpg 300w, https:\/\/blog.causeur.fr\/antidote\/wp-content\/uploads\/sites\/9\/2013\/10\/pontarlier.jpg 400w\" sizes=\"auto, (max-width: 300px) 100vw, 300px\" \/><\/a>Manuel Valls est encore dans le collimateur de ses petits camarades de la majorit\u00e9 pr\u00e9sidentielle. \u00a0Le ministre de l\u2019Int\u00e9rieur est coupable. Forc\u00e9ment coupable. Rappelons les faits. Une coll\u00e9gienne de Pontarlier, dans ma ch\u00e8re Franche-Comt\u00e9, a \u00e9t\u00e9 reconduite avec sa famille dans son Kosovo natal, apr\u00e8s le rejet de ses deux demandes d\u2019asile politique, d\u00e9cision confirm\u00e9e par un tribunal administratif et une Cour administrative d\u2019appel. Depuis mardi soir, les conditions de l\u2019expulsion de Leonarda Dibrani suscitent l\u2019\u00e9motion m\u00e9diatique, \u00a0valant \u00e0 Manuel Valls et au pr\u00e9fet du Doubs un concert de sifflets. La petite Leonarda a \u00e9t\u00e9 intercept\u00e9e par la police le 9 octobre dernier alors que son p\u00e8re avait \u00e9t\u00e9 reconduit au Kosovo la veille et qu\u2019il \u00e9tait pr\u00e9vu que toute la famille le rejoigne ce jour-l\u00e0. Constatant qu\u2019un membre de la famille manquait \u00e0 l\u2019appel,<!--more--> les autorit\u00e9s ont demand\u00e9 \u00e0 sa m\u00e8re de l\u2019appeler sur son t\u00e9l\u00e9phone portable pour la faire revenir du bus qui l\u2019emmenait en sortie scolaire. Dans la foul\u00e9e, le maire de la commune de Levier, o\u00f9 r\u00e9sidait la famille Dibrani, a convaincu le professeur pr\u00e9sent sur les lieux de coop\u00e9rer. Finalement, le bus s\u2019est arr\u00eat\u00e9 sur le parking d\u2019un autre coll\u00e8ge \u00e0 la p\u00e9riph\u00e9rie de Pontarlier. Selon le secr\u00e9taire g\u00e9n\u00e9ral de la pr\u00e9fecture,\u00a0<a href=\"http:\/\/www.lemonde.fr\/societe\/article\/2013\/10\/15\/l-expulsion-d-une-collegienne-kosovare-indigne-le-parti-socialiste_3496291_3224.html\">cit\u00e9 par <em>Le Monde<\/em><\/a>, \u00ab\u00a0<em>La jeune fille est descendue volontairement du car, dans lequel aucun policier n\u2019est mont\u00e9, pour\u00a0attendre\u00a0les fonctionnaires charg\u00e9s de la prendre\u00a0en charge. L\u2019op\u00e9ration s\u2019est d\u00e9roul\u00e9e dans le calme.\u00a0Il n\u2019y a eu aucun incident et l\u2019embarquement \u00e0 Lyon s\u2019est effectu\u00e9 sans la moindre difficult\u00e9.\u00a0\u00bb<\/em><em><\/em><\/p>\n<p><em>Mais l<\/em>es r\u00e9actions outr\u00e9es des politiques ne collent pas vraiment avec le r\u00e9cit de la pr\u00e9fecture. Sandrine Mazetier, la d\u00e9put\u00e9e de Paris qui avait propos\u00e9 l\u2019hiver dernier de d\u00e9baptiser les sexistes \u00e9coles maternelles, songe-t-elle \u00e0 transformer les pr\u00e9fets en \u00ab\u00a0officiers de r\u00e9gularisation\u00a0\u00bb ? C\u2019est bien possible puisque l\u2019\u00e9lue exige la convocation ainsi que la sanction du pr\u00e9fet de Besan\u00e7on. Voil\u00e0 donc une parlementaire qui demande qu\u2019on punisse un fonctionnaire parce qu\u2019il applique la loi qu\u2019elle vote. Tout va bien. Au Parti de gauche et chez les Verts, on n\u2019est gu\u00e8re plus inspir\u00e9. \u00a0Jean-Luc M\u00e9lenchon plastronne sur twitter :<em>\u00a0\u00ab\u00a0La honte, c\u2019est maintenant ! Rendons\u00a0<\/em><a href=\"https:\/\/twitter.com\/search?q=%23Valls&amp;src=hash\">#Valls<\/a><em>\u00a0\u00e0 Le Pen. Vivement la gauche en France !\u00a0<\/em><a href=\"https:\/\/twitter.com\/search?q=%23Leonarda&amp;src=hash\">#Leonarda<\/a><em>\u00a0\u00bb<\/em><em>\u00a0<\/em>tandis que la s\u00e9natrice verte Esther Benbassa se fait tout aussi subtile :\u00a0<em>\u00ab\u00a0Leonarda rafl\u00e9e dans la cour d\u2019une \u00e9cole avec la complicit\u00e9 du maire et expuls\u00e9e. Certains Francais auraient-ils la m\u00e9moire si courte ?\u00a0\u00bb\u00a0<\/em><\/p>\n<p>Circonstance aggravante qui vaut \u00e0 Manuel\u00a0Valls et au pr\u00e9fet ce concours de points Godwin, l\u2019\u00e9tablissement devant lequel la jeune fille est descendue du car porte le nom de la r\u00e9sistante Lucie Aubrac. Rafle, R\u00e9sistance contre le nazisme, nous y sommes. Voil\u00e0 donc les flics rhabill\u00e9s en SS, le Pr\u00e9fet en Maurice Papon et Manuel Valls en Ren\u00e9 Bousquet. Ces allusions, ce vocabulaire sont mille fois plus scandaleuses que l\u2019hypoth\u00e8se \u2013 fausse en l\u2019occurrence \u2013 \u00a0d\u2019une interpellation de la jeune fille devant ses camarades de classe.<\/p>\n<p>Convoquer ainsi Lucie Aubrac, qui avait d\u2019ailleurs soutenu en 2002 la candidature de Jean-Pierre Chev\u00e8nement, lequel ne transigeait pas sur les expulsions d\u2019immigr\u00e9s ill\u00e9gaux, c\u2019est insulter sa m\u00e9moire.<\/p>\n<p>Manuel Valls a rappel\u00e9 solennellement que les d\u00e9cisions d\u2019\u00e9loignement valid\u00e9es par la Justice devaient \u00eatre appliqu\u00e9es. Cela n\u2019a pas emp\u00each\u00e9 Matignon de demander une enqu\u00eate administrative sur les circonstances de l\u2019expulsion de Leonarda Dibrani. Nous verrons si cette investigation invalidera la version de la pr\u00e9fecture du Doubs.<\/p>\n<p>Si l\u2019administration lui donnait raison, Manuel Valls en sortirait politiquement renforc\u00e9. Dans ce cas-l\u00e0, ses \u00ab\u00a0amis\u00a0\u00bb du PS, du PG et des Verts lui auraient\u00a0<a href=\"http:\/\/www.causeur.fr\/pourquoi-valls-est-il-si-populaire,24509\">une nouvelle fois\u00a0<\/a>rendu un fier service.<\/p>\n<p>&nbsp;<\/p>\n<p><em>Photo : Ville de Pontarlier<\/em><\/p>\n","protected":false},"excerpt":{"rendered":"<p>Valls et le pr\u00e9fet du Doubs n\u2019ont fait que respecter la loi &nbsp; Manuel Valls est encore dans le collimateur de ses petits camarades de la majorit\u00e9 pr\u00e9sidentielle. \u00a0Le ministre de l\u2019Int\u00e9rieur est coupable. Forc\u00e9ment coupable. Rappelons les faits. Une coll\u00e9gienne de Pontarlier, dans ma ch\u00e8re Franche-Comt\u00e9, a \u00e9t\u00e9 reconduite avec sa famille dans son [&hellip;]<\/p>\n","protected":false},"author":10,"featured_media":0,"comment_status":"open","ping_status":"open","sticky":false,"template":"","format":"standard","meta":{"footnotes":""},"categories":[5],"tags":[],"class_list":{"0":"post-2773","1":"post","2":"type-post","3":"status-publish","4":"format-standard","6":"category-sulfate"},"_links":{"self":[{"href":"https:\/\/blog.causeur.fr\/antidote\/wp-json\/wp\/v2\/posts\/2773","targetHints":{"allow":["GET"]}}],"collection":[{"href":"https:\/\/blog.causeur.fr\/antidote\/wp-json\/wp\/v2\/posts"}],"about":[{"href":"https:\/\/blog.causeur.fr\/antidote\/wp-json\/wp\/v2\/types\/post"}],"author":[{"embeddable":true,"href":"https:\/\/blog.causeur.fr\/antidote\/wp-json\/wp\/v2\/users\/10"}],"replies":[{"embeddable":true,"href":"https:\/\/blog.causeur.fr\/antidote\/wp-json\/wp\/v2\/comments?post=2773"}],"version-history":[{"count":0,"href":"https:\/\/blog.causeur.fr\/antidote\/wp-json\/wp\/v2\/posts\/2773\/revisions"}],"wp:attachment":[{"href":"https:\/\/blog.causeur.fr\/antidote\/wp-json\/wp\/v2\/media?parent=2773"}],"wp:term":[{"taxonomy":"category","embeddable":true,"href":"https:\/\/blog.causeur.fr\/antidote\/wp-json\/wp\/v2\/categories?post=2773"},{"taxonomy":"post_tag","embeddable":true,"href":"https:\/\/blog.causeur.fr\/antidote\/wp-json\/wp\/v2\/tags?post=2773"}],"curies":[{"name":"wp","href":"https:\/\/api.w.org\/{rel}","templated":true}]}}