{"id":2777,"date":"2013-10-22T12:48:23","date_gmt":"2013-10-22T12:48:23","guid":{"rendered":"http:\/\/blog.causeur.fr\/antidote\/?p=2777"},"modified":"2021-04-26T16:10:29","modified_gmt":"2021-04-26T14:10:29","slug":"lami-clairvoyant","status":"publish","type":"post","link":"https:\/\/blog.causeur.fr\/antidote\/lami-clairvoyant-2777","title":{"rendered":"L&rsquo;ami clairvoyant"},"content":{"rendered":"<h3>Adieu, Philippe Cohen<\/h3>\n<p>&nbsp;<\/p>\n<p><a href=\"http:\/\/blog.causeur.fr\/antidote\/files\/2013\/10\/philippe-cohen-causeur1-300x182.jpg\"><img loading=\"lazy\" decoding=\"async\" class=\"alignleft size-full wp-image-2778\" src=\"http:\/\/blog.causeur.fr\/antidote\/files\/2013\/10\/philippe-cohen-causeur1-300x182.jpg\" alt=\"\" width=\"300\" height=\"182\" \/><\/a>\u00a0<span>Je me souviens.<\/span><\/p>\n<p><span>\u00a0<\/span>Nous \u00e9tions \u00e0 quelques uns dans une chambre d&rsquo;h\u00f4tel du c\u00f4t\u00e9 de Valence, dans la Dr\u00f4me. Nous participions en octobre 2001 \u00e0 une universit\u00e9 de la Fondation du 2 mars, et sa secr\u00e9taire g\u00e9n\u00e9rale Elisabeth L\u00e9vy avait accept\u00e9 de suspendre les travaux pour que les plus mordus de football puissent assister au match France-Alg\u00e9rie. Philippe Cohen en \u00e9tait. Hymne siffl\u00e9, terrain envahi, match arr\u00eat\u00e9. Philippe nous a soudain annonc\u00e9 le sc\u00e9nario politique qui allait se jouer six mois plus tard. Le Pen, alors dans les tr\u00e9fonds dans les sondages, encore assomm\u00e9 par la scission m\u00e9gr\u00e9tiste, ferait un \u00e9norme score\u00a0; il serait peut-\u00eatre au second tour. Nous \u00e9tions plut\u00f4t incr\u00e9dules. Nous avions tort. Lui avait d\u00e9j\u00e0 tout vu. <em>Prot\u00e9ger ou dispara\u00eetre, les \u00e9lites face \u00e0 la mont\u00e9e des ins\u00e9curit\u00e9s <\/em>(1999), dont il \u00e9tait l&rsquo;auteur, \u00e9tait lui aussi proph\u00e9tique. Toutes les th\u00e9matiques politiques d&rsquo;aujourd&rsquo;hui y \u00e9taient annonc\u00e9es. Toutes.<!--more--><\/p>\n<p><span style=\"color: #000000\">Chacun d&rsquo;entre nous rencontre dans sa vie quelques personnes qui, sans la changer compl\u00e8tement, en modifie s\u00e9rieusement la trajectoire. Philippe Cohen, sans que nous ne soyons jamais intimes, a jou\u00e9 ce r\u00f4le dans la mienne. En m&rsquo;ouvrant les portes de <\/span><span style=\"color: #000000\"><em>Marianne2<\/em><\/span><span style=\"color: #000000\">[1. Au m\u00eame moment, Fran\u00e7ois Miclo me recrutait aussi \u00e0 Causeur.], il m&rsquo;a fait d\u00e9couvrir aux tr\u00e8s nombreux lecteurs du site d&rsquo;un grand hebdomadaire. Combien de Unes accord\u00e9es \u00e0 d&rsquo;obscurs blogueurs, comme ma pomme\u00a0? Je lui dois tant. Sans que j&rsquo;aie pu, malheureusement, un jour, en t\u00eate \u00e0 t\u00eate, l&rsquo;en remercier. Philippe ne pensait pas que la v\u00e9rit\u00e9 venait forc\u00e9ment d&rsquo;en haut. Et il ne pensait pas pour autant qu&rsquo;elle venait forc\u00e9ment d&rsquo;en bas. Il jugeait sur pi\u00e8ces. Il savait, en revanche, qu&rsquo;elle naissait du d\u00e9bat, de la confrontation des id\u00e9es. <\/span><span style=\"color: #000000\"><em>Marianne2<\/em><\/span><span style=\"color: #000000\">, cr\u00e9\u00e9 et pilot\u00e9 par Philippe Cohen, c&rsquo;\u00e9tait le pluralisme dans toute sa substance. Pour le compagnon de route de Jean-Fran\u00e7ois Kahn, la pens\u00e9e unique \u00e9tait bannie.<\/span><\/p>\n<p><span style=\"color: #000000\">Je ne reviendrai pas sur les combats de celui qui \u00e9tait aussi un grand intellectuel,\u00a0<\/span><span style=\"color: #000080\"><span style=\"text-decoration: underline\"><a href=\"http:\/\/www.causeur.fr\/philippe-cohen-est-mort,24658\" target=\"_blank\" rel=\"noopener\">ainsi que l&rsquo;\u00e9crivait hier Elisabeth<\/a><\/span><\/span><span style=\"color: #000000\">, combats qui lui ont valu bien des inimiti\u00e9s. Il g\u00eanait. <\/span><span style=\"color: #000000\"><em>Marianne2<\/em><\/span><span style=\"color: #000000\"> g\u00eanait. Exit <\/span><span style=\"color: #000000\"><em>Marianne2<\/em><\/span><span style=\"color: #000000\">. Il y eut ensuite ce lamentable \u00e9pisode o\u00f9 Philippe dut officiellement demander un droit de r\u00e9ponse dans le journal qui le payait et dont il avait \u00e9t\u00e9 l&rsquo;un des fondateurs[2. Je n&rsquo;\u00e9cris plus pour <\/span><span style=\"color: #000000\"><em>Marianne<\/em><\/span><span style=\"color: #000000\">. La fid\u00e9lit\u00e9, c&rsquo;est bien. Les preuves de fid\u00e9lit\u00e9, c&rsquo;est mieux.], Et puis vint ensuite l&rsquo;inqui\u00e9tude, lorsque je constatai ce printemps les marques de la maladie sur son visage chaque vendredi midi, en regardant iT\u00e9l\u00e9. Des nouvelles, on m&rsquo;en donna enfin d\u00e9but septembre. Elles n&rsquo;\u00e9taient pas bonnes. Aujourd&rsquo;hui, je le pleure, comme j&rsquo;avais pleur\u00e9 <\/span><span style=\"color: #000080\"><span style=\"text-decoration: underline\"><a href=\"http:\/\/www.causeur.fr\/derniere-gitane-pour-la-route,3574\" target=\"_blank\" rel=\"noopener\">un autre Philippe<\/a><\/span><\/span><span style=\"color: #000000\">\u00a0 qui avait aussi s\u00e9rieusement boulevers\u00e9 le cours de mon existence.<\/span><\/p>\n<p><span style=\"color: #000000\"> Adieu Philippe\u00a0! Et, par-dessus tout, merci\u00a0!<\/span><\/p>\n","protected":false},"excerpt":{"rendered":"<p>Adieu, Philippe Cohen &nbsp; \u00a0Je me souviens. \u00a0Nous \u00e9tions \u00e0 quelques uns dans une chambre d&rsquo;h\u00f4tel du c\u00f4t\u00e9 de Valence, dans la Dr\u00f4me. Nous participions en octobre 2001 \u00e0 une universit\u00e9 de la Fondation du 2 mars, et sa secr\u00e9taire g\u00e9n\u00e9rale Elisabeth L\u00e9vy avait accept\u00e9 de suspendre les travaux pour que les plus mordus de [&hellip;]<\/p>\n","protected":false},"author":10,"featured_media":0,"comment_status":"open","ping_status":"open","sticky":false,"template":"","format":"standard","meta":{"footnotes":""},"categories":[4],"tags":[],"class_list":{"0":"post-2777","1":"post","2":"type-post","3":"status-publish","4":"format-standard","6":"category-oxygene"},"_links":{"self":[{"href":"https:\/\/blog.causeur.fr\/antidote\/wp-json\/wp\/v2\/posts\/2777","targetHints":{"allow":["GET"]}}],"collection":[{"href":"https:\/\/blog.causeur.fr\/antidote\/wp-json\/wp\/v2\/posts"}],"about":[{"href":"https:\/\/blog.causeur.fr\/antidote\/wp-json\/wp\/v2\/types\/post"}],"author":[{"embeddable":true,"href":"https:\/\/blog.causeur.fr\/antidote\/wp-json\/wp\/v2\/users\/10"}],"replies":[{"embeddable":true,"href":"https:\/\/blog.causeur.fr\/antidote\/wp-json\/wp\/v2\/comments?post=2777"}],"version-history":[{"count":0,"href":"https:\/\/blog.causeur.fr\/antidote\/wp-json\/wp\/v2\/posts\/2777\/revisions"}],"wp:attachment":[{"href":"https:\/\/blog.causeur.fr\/antidote\/wp-json\/wp\/v2\/media?parent=2777"}],"wp:term":[{"taxonomy":"category","embeddable":true,"href":"https:\/\/blog.causeur.fr\/antidote\/wp-json\/wp\/v2\/categories?post=2777"},{"taxonomy":"post_tag","embeddable":true,"href":"https:\/\/blog.causeur.fr\/antidote\/wp-json\/wp\/v2\/tags?post=2777"}],"curies":[{"name":"wp","href":"https:\/\/api.w.org\/{rel}","templated":true}]}}