{"id":2787,"date":"2013-11-06T11:00:31","date_gmt":"2013-11-06T11:00:31","guid":{"rendered":"http:\/\/blog.causeur.fr\/antidote\/?p=2787"},"modified":"2021-04-26T16:10:29","modified_gmt":"2021-04-26T14:10:29","slug":"2787","status":"publish","type":"post","link":"https:\/\/blog.causeur.fr\/antidote\/2787-2787","title":{"rendered":"Borloo-Bayrou, une peau de chagrin pour deux ?"},"content":{"rendered":"<h3>L\u2019Alternative ? C\u2019est Lecanuet !<\/h3>\n<h3><\/h3>\n<p><a href=\"http:\/\/blog.causeur.fr\/antidote\/files\/2013\/11\/bayrou-borloo-cds.jpg\"><img loading=\"lazy\" decoding=\"async\" class=\"alignleft size-medium wp-image-2790\" src=\"http:\/\/blog.causeur.fr\/antidote\/files\/2013\/11\/bayrou-borloo-cds-300x182.jpg\" alt=\"\" width=\"300\" height=\"182\" srcset=\"https:\/\/blog.causeur.fr\/antidote\/wp-content\/uploads\/sites\/9\/2013\/11\/bayrou-borloo-cds-300x182.jpg 300w, https:\/\/blog.causeur.fr\/antidote\/wp-content\/uploads\/sites\/9\/2013\/11\/bayrou-borloo-cds.jpg 460w\" sizes=\"auto, (max-width: 300px) 100vw, 300px\" \/><\/a>Jean-Louis Borloo et Fran\u00e7ois Bayrou se sont donc unis devant toute la presse politique hier r\u00e9unie. \u00c0 premi\u00e8re vue, nous pourrions croire \u00e0 un joli coup politique. Alors que l&rsquo;UMP se d\u00e9chirait le matin-m\u00eame au sujet de l&rsquo;\u00e9cotaxe, la reconstitution d&rsquo;un p\u00f4le de centre-droit pourrait appara\u00eetre comme un signe fort adress\u00e9 en direction des Fran\u00e7ais. <!--more-->Mais ceux-ci attendaient-il impatiemment un tel signe ? Rien n&rsquo;est moins s\u00fbr. M\u00eame si le spectacle de l\u2019union est toujours plus agr\u00e9able \u00e0 l&rsquo;\u00e9lecteur que celui de la division, la question qui se pose \u00e0 nos duettistes est bien celle de l&rsquo;espace politique dans lequel ils peuvent s&rsquo;engouffrer. On a trop vite d\u00e9sign\u00e9 cette alliance comme la r\u00e9surrection de l&rsquo;UDF. En r\u00e9alit\u00e9, c&rsquo;est le CDS (Centre des D\u00e9mocrates Sociaux) de Jean Lecanuet, le pilier le plus centriste de feue l&rsquo;UDF qui a \u00e9t\u00e9 reconstitu\u00e9. Les autres piliers, lib\u00e9raux et giscardiens, demeurent \u00e0 l&rsquo;UMP dont ils constituent d&rsquo;ailleurs le centre de gravit\u00e9 id\u00e9ologique par la gr\u00e2ce de Jacques Chirac et de Nicolas Sarkozy, qui ont d\u00e9gaullis\u00e9 la droite.<\/p>\n<div>Le fond id\u00e9ologique du vieux RPR, celui du discours d\u2019Egletons et de l\u2019Appel de Cochin, perp\u00e9tu\u00e9 par le combat Pasqua-S\u00e9guin contre Maastricht, est aujourd\u2019hui \u00e9clat\u00e9 entre plusieurs chapelles, de la ligne Philippot au FN au MRC de Jean-Pierre Chev\u00e8nement, en passant par DLR de Dupont-Aignan et quelques personnalit\u00e9s isol\u00e9es de l\u2019UMP, comme Guaino et Myard. \u00ab L\u2019Alternative \u00bb UDI-Modem, n\u2019en sera donc pas une. Elle sera une UMP encore plus europ\u00e9iste et plus \u00e0 cheval sur les \u00e9quilibres budg\u00e9taires. Comme le CDS autrefois par rapport aux \u00ab durs \u00bb du Parti R\u00e9publicain, elle ne se diff\u00e9renciera en fait que par ses prises de position sur l\u2019immigration et la s\u00e9curit\u00e9[1. L\u2019inventeur de la formule \u00ab l\u2019immigration, une chance pour la France \u00bb n\u2019est autre que Bernard Stasi, qui \u00e9margeait au CDS.].<\/div>\n<div>Prise en \u00e9tau entre une UMP, plus structur\u00e9e qu\u2019elle, et une gauche hollandiste qui applique honteusement mais s\u00fbrement ses pr\u00e9conisations \u00e9conomiques et europ\u00e9ennes, l\u2019alliance Borloo-Bayrou peine \u00e0 trouver un espace politique. L\u2019\u00e9mergence de Manuel Valls \u00e0 la droite de la gauche n\u2019arrange pas non plus ses affaires. D\u2019autant que le ministre de l\u2019Int\u00e9rieur incarne l\u2019avenir, contrairement aux \u00ab deux B \u00bb. Nous verrons en juin prochain, lors des \u00e9lections europ\u00e9ennes, si cette analyse se confirme, puisque c\u2019est le rendez-vous que Borloo et Bayrou donnent aux \u00e9lecteurs. En attendant, leur \u00ab Alternative \u00bb devrait conna\u00eetre quelques perturbations lors des municipales puisque certains \u00e9lus locaux du Modem ont d\u2019ores et d\u00e9j\u00e0 choisi de faire alliance avec le PS. Ne proposant pas une v\u00e9ritable offre politique nouvelle, ne disposant que d\u2019un tr\u00e8s mince espace politique pour s\u2019exprimer et n\u2019\u00e9tant pas exempte d\u2019arri\u00e8re-pens\u00e9es dans les deux parties, l\u2019alliance des deux B ne donne pas toutes les garanties \u00a0pour concurrencer UMP, PS et FN. Dans le meilleur des cas, elle conna\u00eetra le destin du CDS \u00e9poque M\u00e9haignerie avec deux ou trois gros minist\u00e8res \u00e0 la clef en 2017, en cas de victoire de la droite. Mais, finalement, ce n\u2019est d\u00e9j\u00e0 pas si mal, non ?<\/div>\n","protected":false},"excerpt":{"rendered":"<p>L\u2019Alternative ? C\u2019est Lecanuet ! Jean-Louis Borloo et Fran\u00e7ois Bayrou se sont donc unis devant toute la presse politique hier r\u00e9unie. \u00c0 premi\u00e8re vue, nous pourrions croire \u00e0 un joli coup politique. Alors que l&rsquo;UMP se d\u00e9chirait le matin-m\u00eame au sujet de l&rsquo;\u00e9cotaxe, la reconstitution d&rsquo;un p\u00f4le de centre-droit pourrait appara\u00eetre comme un signe fort [&hellip;]<\/p>\n","protected":false},"author":10,"featured_media":0,"comment_status":"open","ping_status":"open","sticky":false,"template":"","format":"standard","meta":{"footnotes":""},"categories":[5],"tags":[],"class_list":{"0":"post-2787","1":"post","2":"type-post","3":"status-publish","4":"format-standard","6":"category-sulfate"},"_links":{"self":[{"href":"https:\/\/blog.causeur.fr\/antidote\/wp-json\/wp\/v2\/posts\/2787","targetHints":{"allow":["GET"]}}],"collection":[{"href":"https:\/\/blog.causeur.fr\/antidote\/wp-json\/wp\/v2\/posts"}],"about":[{"href":"https:\/\/blog.causeur.fr\/antidote\/wp-json\/wp\/v2\/types\/post"}],"author":[{"embeddable":true,"href":"https:\/\/blog.causeur.fr\/antidote\/wp-json\/wp\/v2\/users\/10"}],"replies":[{"embeddable":true,"href":"https:\/\/blog.causeur.fr\/antidote\/wp-json\/wp\/v2\/comments?post=2787"}],"version-history":[{"count":0,"href":"https:\/\/blog.causeur.fr\/antidote\/wp-json\/wp\/v2\/posts\/2787\/revisions"}],"wp:attachment":[{"href":"https:\/\/blog.causeur.fr\/antidote\/wp-json\/wp\/v2\/media?parent=2787"}],"wp:term":[{"taxonomy":"category","embeddable":true,"href":"https:\/\/blog.causeur.fr\/antidote\/wp-json\/wp\/v2\/categories?post=2787"},{"taxonomy":"post_tag","embeddable":true,"href":"https:\/\/blog.causeur.fr\/antidote\/wp-json\/wp\/v2\/tags?post=2787"}],"curies":[{"name":"wp","href":"https:\/\/api.w.org\/{rel}","templated":true}]}}