{"id":2792,"date":"2013-11-14T08:00:04","date_gmt":"2013-11-14T08:00:04","guid":{"rendered":"http:\/\/blog.causeur.fr\/antidote\/?p=2792"},"modified":"2021-04-26T16:10:29","modified_gmt":"2021-04-26T14:10:29","slug":"fn-partenaire-particuliere-cherche-partenaires-particuliers","status":"publish","type":"post","link":"https:\/\/blog.causeur.fr\/antidote\/fn-partenaire-particuliere-cherche-partenaires-particuliers-2792","title":{"rendered":"FN : Partenaire particuli\u00e8re cherche partenaires particuliers"},"content":{"rendered":"<h3>En s\u2019alliant avec Geert Wilders, Marine Le Pen esp\u00e8re sortir le FN de son isolement<\/h3>\n<p>&nbsp;<\/p>\n<p><a href=\"http:\/\/blog.causeur.fr\/antidote\/files\/2013\/11\/Wilders.jpg\"><img loading=\"lazy\" decoding=\"async\" class=\"alignleft size-full wp-image-2793\" src=\"http:\/\/blog.causeur.fr\/antidote\/files\/2013\/11\/Wilders.jpg\" alt=\"\" width=\"220\" height=\"275\" \/><\/a>Hier, Marine Le Pen \u00e9tait l&rsquo;invit\u00e9e d&rsquo;honneur de Geert Wilders aux Pays-Bas. Le chef du mouvement national-populiste PVV a accueilli la pr\u00e9sidente frontiste les bras ouverts. Certes, ce n\u2019\u00e9tait pas une premi\u00e8re puisque Wilders avait d\u00e9j\u00e0 rendu visite \u00e0 Marine Le Pen en avril dernier \u00e0 Paris. Mais les deux personnalit\u00e9s politiques ont cette fois-ci officiellement scell\u00e9 leur alliance en vue des \u00e9lections europ\u00e9ennes de juin prochain.<\/p>\n<p>&nbsp;<\/p>\n<p>Jusqu&rsquo;\u00e0 cette ann\u00e9e, Wilders ne voulait pas entendre parler du FN. Transfuge du Parti lib\u00e9ral, connu pour ses positions tr\u00e8s favorables \u00e0 Isra\u00ebl, la personnalit\u00e9 de Jean-Marie Le Pen ne l&rsquo;encourageait pas dans cette voie. Pour Marine Le Pen, les choses n\u2019\u00e9taient donc pas gagn\u00e9es d\u2019avance, tant s&rsquo;en fallait. Apr\u00e8s avoir donn\u00e9 des gages \u00e0 son partenaire batave, elle peut aujourd\u2019hui se f\u00e9liciter du succ\u00e8s de sa strat\u00e9gie de d\u00e9diabolisation, \u00e9largie \u00e0 l\u2019\u00e9chelle europ\u00e9enne.<!--more--> Il faut dire que le Front national revient de loin. Jusqu\u2019\u00e0 pr\u00e9sent, dans l\u2019h\u00e9micycle europ\u00e9en, Bruno Gollnisch pr\u00e9sidait l\u2019Alliance europ\u00e9enne des mouvements nationaux, un ar\u00e9opage de parlementaires hongrois, britannique ou belges au lourd passif x\u00e9nophobe, pour ne pas dire plus (Jobbik, British National Party, Vlams Belang). Marine Le Pen ayant jug\u00e9 cette coalition trop radicale et politiquement peu cr\u00e9dible, elle a accul\u00e9 son ancien rival et les autres eurod\u00e9put\u00e9s frontistes \u00e0 la d\u00e9mission. Tous se sont ex\u00e9cut\u00e9s dare-dare, jusqu\u2019\u00e0 Jean-Marie Le Pen qui a r\u00e9cemment admis avoir quitt\u00e9 l\u2019AEMN <em>\u00ab\u00a0pour ob\u00e9ir\u00a0\u00bb<\/em> \u00e0 sa fille.<\/p>\n<p>&nbsp;<\/p>\n<p>Le m\u00e9nage fait, Marine Le Pen s\u2019est donc attel\u00e9 \u00e0 la formation d\u2019une alliance FN-PVV comme socle de d\u00e9part d\u2019une future coalition europhobe au Parlement europ\u00e9en. On n\u2019en conna\u00eet encore pas les contours exacts, mais une chose est s\u00fbre\u00a0: l\u2019UKIP britannique du tonitruant Nigel Farage n\u2019en sera pas. Actuellement \u00e0 la t\u00eate du groupe Europe Libert\u00e9s D\u00e9mocratie \u00e0 Strasbourg, Farage a pr\u00e9f\u00e9r\u00e9 s&rsquo;allier \u00e0 Nicolas Dupont-Aignan[1. La principale collaboratrice de Farage au Parlement europ\u00e9en se trouve d\u2019ailleurs \u00eatre une militante de Debout La R\u00e9publique et m\u00e8nera la liste de son parti dans le Grand Est face \u00e0 Florian Philippot.], ce qui fait une pierre souverainiste dans le jardin de la pr\u00e9sidente du FN. Tandis que les sondages annoncent sinon une majorit\u00e9 anti-europ\u00e9enne aux \u00e9lections de juin, du moins une forte minorit\u00e9 de blocage, la question des alliances entre opposants \u00e0 l\u2019UE est plus que jamais cruciale. Aussi, les tandems Farage-NDA et Wilders-Le Pen se disputent-ils le renfort de l&rsquo;AfD allemande, parti anti-euro qui pr\u00f4ne le retour au Mark et a fr\u00f4l\u00e9 l&rsquo;entr\u00e9e au Bundestag en septembre dernier. Selon nos informations, le c\u0153ur de l\u2019AfD pencherait plut\u00f4t du c\u00f4t\u00e9 de Dupont-Aignan et Farage.<\/p>\n<p>&nbsp;<\/p>\n<p>En attendant de se trouver d\u2019autres partenaires, Marine Le Pen peut se targuer d\u2019une certaine proximit\u00e9 id\u00e9ologique avec Geert Wilders. Tous deux d\u00e9fendent en effet le retour \u00e0 la monnaie nationale et le recours au protectionnisme pour se prot\u00e9ger de la concurrence des pays \u00e9mergents, non sans vivement critiquer l\u2019immigration et l\u2019islam. M\u00eame sur la question \u00e9pineuse du mariage gay, Marine Le Pen a fait preuve d\u2019une grande prudence, refusant de manifester tout au long de cette ann\u00e9e, ce qui rassure le tr\u00e8s lib\u00e9ral-libertaire Wilders. Certes, on peut asticoter les nouveaux mari\u00e9s sur leurs divergences sociales et \u00e9conomiques, mais ils auront jeu de r\u00e9pondre que la d\u00e9fense de la souverainet\u00e9 nationale consiste justement \u00e0 pouvoir mener la politique de son choix dans son pays, ind\u00e9pendamment des directives bruxelloises. On aurait d\u2019ailleurs bien du mal \u00e0 trouver un \u00e9quivalent fran\u00e7ais au populiste batave\u00a0: sous nos cieux, Wilders serait un hybride entre<\/p>\n<p>Philippe de Villiers (national-lib\u00e9ral, anti-europ\u00e9iste, islamophobe) et Daniel Cohn-Bendit (sur un strict plan soci\u00e9tal). Il se rapproche de l\u2019id\u00e9al-type de l\u2019\u00ab\u00a0h\u00e9doniste s\u00e9curitaire\u00a0\u00bb, expression par laquelle Ga\u00ebl Brustier et Jean-Philippe Huelin qualifient les lib\u00e9raux-libertaires qui r\u00e9clament davantage de s\u00e9curit\u00e9 et de fronti\u00e8res afin de continuer \u00e0 jouir sans entraves.<\/p>\n<p>&nbsp;<\/p>\n<p>Mais le soutien du parlementaire batave aux mariages entre personnes de m\u00eame sexe a ses limites\u00a0: Au sein de leur futur groupe, la cohabitation entre Wilders et Le Pen p\u00e8re risque d&rsquo;\u00eatre explosive\u00a0! Si le premier a toujours refus\u00e9 de dialoguer avec le second, c\u2019est qu\u2019il go\u00fbtait peu ses jeux de mots douteux sur la Seconde guerre mondiale et les Juifs, mais aussi ses amiti\u00e9s arabes et islamistes (Irak de Saddam Hussein, R\u00e9publique islamique d\u2019Iran\u2026) peu compatibles avec son tropisme atlantiste et pro-isra\u00e9lien. Or Geert Wilders n&rsquo;ignore certainement pas que le pr\u00e9sident d&rsquo;honneur du FN conduira la bataille dans le Sud-Est de la France. \u00c0 moins que Jean-Marie Le Pen ne soit int\u00e9ress\u00e9 que par l\u2019odeur de la poudre et qu&rsquo;il ait d\u00e9j\u00e0 secr\u00e8tement assur\u00e9 \u00e0 sa fille qu&rsquo;il n&rsquo;irait pas si\u00e9ger \u00e0 Strasbourg\u2026<\/p>\n<p>&nbsp;<\/p>\n<p>Et si c&rsquo;\u00e9tait cela que Marine Le Pen avait confi\u00e9 \u00e0 Geert Wilders avant qu\u2019ils ne convolent en justes noces \u00e9lectorales\u00a0?<\/p>\n","protected":false},"excerpt":{"rendered":"<p>En s\u2019alliant avec Geert Wilders, Marine Le Pen esp\u00e8re sortir le FN de son isolement &nbsp; Hier, Marine Le Pen \u00e9tait l&rsquo;invit\u00e9e d&rsquo;honneur de Geert Wilders aux Pays-Bas. Le chef du mouvement national-populiste PVV a accueilli la pr\u00e9sidente frontiste les bras ouverts. Certes, ce n\u2019\u00e9tait pas une premi\u00e8re puisque Wilders avait d\u00e9j\u00e0 rendu visite \u00e0 [&hellip;]<\/p>\n","protected":false},"author":10,"featured_media":0,"comment_status":"open","ping_status":"open","sticky":false,"template":"","format":"standard","meta":{"footnotes":""},"categories":[5],"tags":[],"class_list":{"0":"post-2792","1":"post","2":"type-post","3":"status-publish","4":"format-standard","6":"category-sulfate"},"_links":{"self":[{"href":"https:\/\/blog.causeur.fr\/antidote\/wp-json\/wp\/v2\/posts\/2792","targetHints":{"allow":["GET"]}}],"collection":[{"href":"https:\/\/blog.causeur.fr\/antidote\/wp-json\/wp\/v2\/posts"}],"about":[{"href":"https:\/\/blog.causeur.fr\/antidote\/wp-json\/wp\/v2\/types\/post"}],"author":[{"embeddable":true,"href":"https:\/\/blog.causeur.fr\/antidote\/wp-json\/wp\/v2\/users\/10"}],"replies":[{"embeddable":true,"href":"https:\/\/blog.causeur.fr\/antidote\/wp-json\/wp\/v2\/comments?post=2792"}],"version-history":[{"count":0,"href":"https:\/\/blog.causeur.fr\/antidote\/wp-json\/wp\/v2\/posts\/2792\/revisions"}],"wp:attachment":[{"href":"https:\/\/blog.causeur.fr\/antidote\/wp-json\/wp\/v2\/media?parent=2792"}],"wp:term":[{"taxonomy":"category","embeddable":true,"href":"https:\/\/blog.causeur.fr\/antidote\/wp-json\/wp\/v2\/categories?post=2792"},{"taxonomy":"post_tag","embeddable":true,"href":"https:\/\/blog.causeur.fr\/antidote\/wp-json\/wp\/v2\/tags?post=2792"}],"curies":[{"name":"wp","href":"https:\/\/api.w.org\/{rel}","templated":true}]}}