{"id":2795,"date":"2013-11-20T08:00:11","date_gmt":"2013-11-20T08:00:11","guid":{"rendered":"http:\/\/blog.causeur.fr\/antidote\/?p=2795"},"modified":"2021-04-26T16:10:29","modified_gmt":"2021-04-26T14:10:29","slug":"ou-va-le-president","status":"publish","type":"post","link":"https:\/\/blog.causeur.fr\/antidote\/ou-va-le-president-2795","title":{"rendered":"O\u00f9 va le pr\u00e9sident ?"},"content":{"rendered":"<h3>Quand la barque Hollande flanche, c\u2019est la France qui prend l\u2019eau<\/h3>\n<p>&nbsp;<\/p>\n<p><a href=\"http:\/\/blog.causeur.fr\/antidote\/files\/2012\/04\/hollande2.jpg\"><img loading=\"lazy\" decoding=\"async\" class=\"alignleft size-full wp-image-2458\" src=\"http:\/\/blog.causeur.fr\/antidote\/files\/2012\/04\/hollande2.jpg\" alt=\"\" width=\"240\" height=\"204\" \/><\/a>On a beau chercher dans sa m\u00e9moire, on ne retrouve pas de moment, sous la Ve R\u00e9publique, o\u00f9 le pouvoir ex\u00e9cutif a \u00e9t\u00e9 si affaibli. M\u00eame pendant la phase 1991-1993, sous les gouvernements d\u2019Edith Cresson et de Pierre B\u00e9regovoy, m\u00eame dans les pires p\u00e9riodes d\u2019impopularit\u00e9 du couple Chirac-Jupp\u00e9 ou de Nicolas Sarkozy, on ne percevait pas le duo Elys\u00e9e-Matignon aussi faible.<\/p>\n<p>Conscient du probl\u00e8me, le couple ex\u00e9cutif tente de r\u00e9agir et le moins que l\u2019on puisse dire, c\u2019est que ce n\u2019est pas tr\u00e8s heureux. Ainsi depuis\u00a0 la fin de semaine derni\u00e8re a-t-on assist\u00e9 \u00e0 deux \u00e9pisodes assez r\u00e9v\u00e9lateurs de ses difficult\u00e9s. Samedi, le conseil national du PS se r\u00e9unissait afin de d\u00e9signer les t\u00eates de liste pour les \u00e9lections europ\u00e9ennes de mai 2014 qui s\u2019annoncent p\u00e9rilleuses \u2013 c\u2019est un euph\u00e9misme \u2013 pour le parti majoritaire.<!--more--><\/p>\n<p>Primo, Vincent Peillon affrontera bien, selon son propre v\u0153u, Jean-Marie Le Pen dans la circonscription sud-est, ce qui pose une question\u00a0: si\u00e9gera-t-il oui ou non\u00a0? S\u2019il annonce vouloir faire campagne sans si\u00e9ger ensuite \u00e0 Strasbourg, il aura du mal \u00e0 l\u2019expliquer aux \u00e9lecteurs. Si en revanche, il affirme vouloir redevenir d\u00e9put\u00e9 europ\u00e9en, il fragilise encore un peu plus sa position de ministre, ce qui, en ces temps de contestation de la r\u00e9forme des rythmes scolaires, n\u2019est pas une bonne nouvelle pour le gouvernement.<\/p>\n<p>Secundo, la t\u00eate de liste pour la circonscription \u00cele-de-France revient \u00e0 Harlem D\u00e9sir. En temps normal, il est effectivement logique que le Premier secr\u00e9taire conduise une liste afin de repr\u00e9senter le PS dans les d\u00e9bats t\u00e9l\u00e9vis\u00e9s ou radiophoniques. Le probl\u00e8mec\u2019est que Harlem D\u00e9sir, surnomm\u00e9 \u00ab\u00a0SOS Charisme\u00a0\u00bb par les d\u00e9put\u00e9s socialistes, appara\u00eet, tous les jours un peu plus comme une erreur de casting. Fin octobre, il avait aussi mis, dit-on, le Pr\u00e9sident dans une col\u00e8re noire. D\u00e9sir l\u2019avait publiquement contredit moins de trente minutes apr\u00e8s l\u2019allocution pr\u00e9sidentielle sur l\u2019affaire L\u00e9onarda. Pour une fois qu\u2019Harlem d\u00e9cide de montrer un peu de \u00a0personnalit\u00e9, c\u2019est pour faire une b\u00eatise au pire des moments. Cette d\u00e9signation comme t\u00eate de liste n\u2019a pas r\u00e9duit la d\u00e9prime dans les rangs socialistes. Certains participants au conseil national nous confiaient dimanche leur crainte que leur liste en\u00a0 \u00cele-de-France batte non seulement le vieux record de Michel Rocard (sur la France enti\u00e8re, en 1994) de 14 % mais, qu\u2019en sus, elle finisse \u00e0 la quatri\u00e8me place, derri\u00e8re les listes UMP, FN et Front de Gauche. Ce qu\u2019on a du mal \u00e0 comprendre, ce n\u2019est pas que D\u00e9sir croie en sa bonne \u00e9toile, mais que l\u2019Elys\u00e9e et Matignon n\u2019aient pas tent\u00e9 d\u2019emp\u00eacher cette investiture catastrophique. Voil\u00e0 un premier \u00e9pisode qui en dit long sur la faiblesse \u2013ou pire, l\u2019aveuglement complet-\u00a0 du duo Hollande-Ayrault.<\/p>\n<p>Le second \u00e9pisode est intervenu ce mardi lorsque le Premier Ministre a annonc\u00e9 une \u00ab\u00a0 remise \u00e0 plat\u00a0\u00bb de la fiscalit\u00e9 fran\u00e7aise. Il s\u2019agirait de d\u00e9terrer la vieille proposition de fusion de la CSG et de l\u2019imp\u00f4t sur le revenu, pr\u00e9conis\u00e9e par l\u2019\u00e9conomiste Thomas Piketty. Le candidat Hollande l\u2019avait reprise \u00e0 son compte au d\u00e9but de sa campagne. Mais comme cette proposition r\u00e9volutionne le calcul de l\u2019imp\u00f4t, qui serait d\u00e9sormais calcul\u00e9 par personne fiscale et non plus par foyer fiscal, il avait consenti \u00e0 ne pas la porter en bandouli\u00e8re pour ne pas pr\u00eater le flanc aux griefs de Nicolas Sarkozy qui lui reprochait <em>\u00ab\u00a0d\u2019attaquer les familles\u00a0<\/em>\u00bb. Une fois \u00e9lu, Fran\u00e7ois Hollande aurait pu n\u00e9anmoins lancer cette r\u00e9forme dans les trois premiers mois de son mandat, arguant qu\u2019elle figurait en toutes lettres dans son programme. Profitant de la l\u00e9gitimit\u00e9 que conf\u00e9rait une \u00e9lection tr\u00e8s r\u00e9cente, c\u2019\u00e9tait le moment ou jamais de mener cette r\u00e9volution fiscale. Tel Nicolas Sarkozy qui avait renonc\u00e9 \u00e0 mettre en \u0153uvre la TVA sociale qui lui avait pourtant fait perdre une cinquantaine de d\u00e9put\u00e9s en juin 2007 (quitte \u00e0 avoir perdu autant en l\u2019annon\u00e7ant, autant la faire\u00a0!), le pr\u00e9sident de la R\u00e9publique a loup\u00e9 cette occasion unique. Mais la ressortir maintenant alors que le pouvoir n\u2019arrive m\u00eame pas, effray\u00e9 par des bonnets rouges, \u00e0 appliquer une \u00e9cotaxe pourtant vot\u00e9e \u00e0 la quasi-unanimit\u00e9, prouve que le pouvoir est, litt\u00e9ralement, aux fraises. Il ne sait plus o\u00f9 il va, comment rebondir. Il n\u2019a plus de visibilit\u00e9 au-del\u00e0 de deux semaines. Jamais pouvoir ex\u00e9cutif n\u2019avait \u00e9t\u00e9 aussi faible et on peut trouver facilement les raisons qui ont men\u00e9 \u00e0 ce d\u00e9sastre.<\/p>\n<p>Depuis d\u00e9but septembre, le Pr\u00e9sident de la R\u00e9publique n\u2019a cess\u00e9 de m\u00e9nager la ch\u00e8vre et le chou alors que la contestation montait au sein m\u00eame de son gouvernement. Son ministre de l\u2019Int\u00e9rieur, qui est aussi le plus populaire (voire le seul) de son \u00e9quipe a \u00e9t\u00e9 contest\u00e9 voire attaqu\u00e9 violemment. Il fallait \u00e0 l\u2019\u00e9vidence le soutenir, bruyamment, \u00e0 chaque fois. Au lieu de cela, il a g\u00e9r\u00e9 l\u2019affaire en Premier secr\u00e9taire du PS qu\u2019il fut, a m\u00e9content\u00e9 tout le monde mais surtout, a montr\u00e9 \u00e0 la France enti\u00e8re que la contestation \u00e9tait possible puisque C\u00e9cile Duflot, par exemple, pouvait\u00a0 la mener sans que \u00e7a n\u2019\u00e9meuve le Pr\u00e9sident de la R\u00e9publique. On se d\u00e9sole que le 11 novembre soit pris en otage par quelques siffleurs qui manifestent leur hostilit\u00e9 au Chef de l\u2019Etat, ou que des portiques \u00ab \u00e9cotaxe\u00a0\u00bb soient saccag\u00e9s, ou encore que des maires refusent d\u2019appliquer le d\u00e9cret mettant en \u0153uvre les rythmes scolaires mais l\u2019exemple de la contestation n\u2019est-il pas venu d\u2019en haut\u00a0? L\u2019affaire L\u00e9onarda a symbolis\u00e9 en quelques jours cette s\u00e9quence de deux mois. Le jour m\u00eame, l\u2019affaire commence \u00e0 faire le buzz dans les m\u00e9dias. D\u00e8s le lendemain, <a href=\"http:\/\/www.causeur.fr\/affaire-leonarda-place-aux-faits,24602\">nous expliquions<\/a>, notamment gr\u00e2ce aux communiqu\u00e9s de la pr\u00e9fecture du Doubs, ce que l\u2019inspection g\u00e9n\u00e9rale de l\u2019administration avait d\u00e9taill\u00e9 trois jours plus tard. D\u00e8s le mercredi soir, donc, le Pr\u00e9sident aurait pu apporter son soutien \u00e0 Manuel Valls et \u00e0 ses services, affirmant l\u2019autorit\u00e9 de l\u2019Etat, quitte \u00e0 prier Mme Duflot de quitter le gouvernement si elle et ses amis persistaient \u00e0 contester l\u2019autorit\u00e9 de l\u2019Etat. Au lieu de cela, il a laiss\u00e9 dire n\u2019importe quoi dans ses propres rangs, tol\u00e9rant que certains tra\u00eenent le ministre de l\u2019Int\u00e9rieur dans la boue. M\u00eame sa compagne fut de la partie. Et il a conclu en beaut\u00e9, avec la tragi-com\u00e9die\u00a0 \u00ab\u00a0L\u00e9onarda peut revenir, mais sans sa famille\u00a0\u00bb, ce qui fut imm\u00e9diatement contest\u00e9 par la premi\u00e8re int\u00e9ress\u00e9e, en direct du Kosovo\u00a0!<\/p>\n<p>Le roi est nu. Mais c\u2019est lui qui s\u2019est d\u00e9v\u00eatu devant tout le monde. Dans ces conditions, Fran\u00e7ois Hollande devra donner pas mal de coups de rame avant de recouvrer son autorit\u00e9 pr\u00e9sidentielle. Encore faudra-t-il qu\u2019il s\u2019assure, pr\u00e9alablement, que la barque est bien dans l\u2019eau et non \u00e0 terre.<\/p>\n","protected":false},"excerpt":{"rendered":"<p>Quand la barque Hollande flanche, c\u2019est la France qui prend l\u2019eau &nbsp; On a beau chercher dans sa m\u00e9moire, on ne retrouve pas de moment, sous la Ve R\u00e9publique, o\u00f9 le pouvoir ex\u00e9cutif a \u00e9t\u00e9 si affaibli. M\u00eame pendant la phase 1991-1993, sous les gouvernements d\u2019Edith Cresson et de Pierre B\u00e9regovoy, m\u00eame dans les pires [&hellip;]<\/p>\n","protected":false},"author":10,"featured_media":0,"comment_status":"open","ping_status":"open","sticky":false,"template":"","format":"standard","meta":{"footnotes":""},"categories":[5],"tags":[],"class_list":{"0":"post-2795","1":"post","2":"type-post","3":"status-publish","4":"format-standard","6":"category-sulfate"},"_links":{"self":[{"href":"https:\/\/blog.causeur.fr\/antidote\/wp-json\/wp\/v2\/posts\/2795","targetHints":{"allow":["GET"]}}],"collection":[{"href":"https:\/\/blog.causeur.fr\/antidote\/wp-json\/wp\/v2\/posts"}],"about":[{"href":"https:\/\/blog.causeur.fr\/antidote\/wp-json\/wp\/v2\/types\/post"}],"author":[{"embeddable":true,"href":"https:\/\/blog.causeur.fr\/antidote\/wp-json\/wp\/v2\/users\/10"}],"replies":[{"embeddable":true,"href":"https:\/\/blog.causeur.fr\/antidote\/wp-json\/wp\/v2\/comments?post=2795"}],"version-history":[{"count":0,"href":"https:\/\/blog.causeur.fr\/antidote\/wp-json\/wp\/v2\/posts\/2795\/revisions"}],"wp:attachment":[{"href":"https:\/\/blog.causeur.fr\/antidote\/wp-json\/wp\/v2\/media?parent=2795"}],"wp:term":[{"taxonomy":"category","embeddable":true,"href":"https:\/\/blog.causeur.fr\/antidote\/wp-json\/wp\/v2\/categories?post=2795"},{"taxonomy":"post_tag","embeddable":true,"href":"https:\/\/blog.causeur.fr\/antidote\/wp-json\/wp\/v2\/tags?post=2795"}],"curies":[{"name":"wp","href":"https:\/\/api.w.org\/{rel}","templated":true}]}}