{"id":2808,"date":"2013-12-31T08:00:20","date_gmt":"2013-12-31T08:00:20","guid":{"rendered":"http:\/\/blog.causeur.fr\/antidote\/?p=2808"},"modified":"2021-04-26T16:10:29","modified_gmt":"2021-04-26T14:10:29","slug":"affaire-anelka-de-la-quenelle-a-la-querelle","status":"publish","type":"post","link":"https:\/\/blog.causeur.fr\/antidote\/affaire-anelka-de-la-quenelle-a-la-querelle-2808","title":{"rendered":"Affaire Anelka : de la quenelle \u00e0 la querelle"},"content":{"rendered":"<h3>Il n\u2019y a pas qu\u2019en Angleterre que certains footballeurs likent Dieudonn\u00e9<\/h3>\n<p><a href=\"http:\/\/blog.causeur.fr\/antidote\/files\/2013\/12\/anelkaquenelle.jpg\"><img loading=\"lazy\" decoding=\"async\" class=\"alignleft size-full wp-image-2812\" src=\"http:\/\/blog.causeur.fr\/antidote\/files\/2013\/12\/anelkaquenelle.jpg\" alt=\"\" width=\"275\" height=\"183\" \/><\/a>\u00a0Je n\u2019avais \u00e0 vrai dire pas tr\u00e8s envie de m\u2019exprimer sur cette histoire de quenelle pour ne pas lui offrir une publicit\u00e9 qu\u2019elle ne m\u00e9rite pas. Je regrette d\u2019ailleurs,\u00a0<a href=\"http:\/\/www.philippebilger.com\/blog\/2013\/12\/manuel-valls-ministre-de-lint%C3%A9rieur-ou-de-la-morale-.html\">comme Philippe Bilger<\/a>, que le ministre de l\u2019Int\u00e9rieur ait d\u00e9cid\u00e9 d\u2019en faire son cheval de bataille comme si d\u2019autres sujets ne devraient pas le mobiliser prioritairement. Le \u00ab\u00a0pas de libert\u00e9 pour les ennemis de la libert\u00e9\u00a0\u00bb cher \u00e0 Saint-Just divise encore le monde en deux. Il n\u2019\u00e9tonnera personne que je pr\u00e9f\u00e8re me situer du c\u00f4t\u00e9 de ceuxqui pr\u00e9f\u00e8rent aller affronter face \u00e0 face Dieudonn\u00e9 dans son th\u00e9\u00e2tre plut\u00f4t que ceux qui croient pouvoir le faire dispara\u00eetre, lui et ses fans.<\/p>\n<p>Cette s\u00e9quence m\u00e9diatique grotesque a pris une ampleur encore plus importante lorsque samedi apr\u00e8s-midi, le footballeur Nicolas Anelka a cru int\u00e9ressant d\u2019effectuer le fameux geste de la quenelle pour f\u00eater un but sur le terrain de West Ham avec son club de West Bromwich Albion. Sit\u00f4t le geste effectu\u00e9, et avant m\u00eame la fin du match, les r\u00e9seaux sociaux se sont enflamm\u00e9s.<!--more--><\/p>\n<p>L\u2019international fran\u00e7ais, qui avait \u00e9t\u00e9 expuls\u00e9 de l\u2019\u00e9quipe de France lors de la derni\u00e8re coupe du monde en Afrique du Sud, provoquant le fameux \u00e9pisode du bus, s\u2019est ensuite justifi\u00e9 sur twitter, expliquant qu\u2019il ne s\u2019agissait pas d\u2019un geste antis\u00e9mite ni raciste mais \u00ab\u00a0anti-syt\u00e8me\u00a0\u00bb, en soutien \u00e0 son ami Dieudonn\u00e9.<\/p>\n<p>Le footballeur avait d\u00e9j\u00e0, par le pass\u00e9, \u00e9t\u00e9 pris en photo avec l\u2019humoriste en train d\u2019effectuer le fameux\u00a0 geste, tout comme d\u2019autres sportifs fran\u00e7ais. Mais l\u2019ex\u00e9cuter en direct devant les cam\u00e9ras du monde entier (le championnat anglais est le plus regard\u00e9 au monde) lui donne une dimension internationale qui n\u2019est pas sans cons\u00e9quences. La f\u00e9d\u00e9ration anglaise de football a ainsi ouvert une enqu\u00eate qui pourrait aboutir[1. Je dois reconna\u00eetre ma m\u00e9connaissance totale des r\u00e8glements de la f\u00e9d\u00e9ration anglaise de football et donc des bases sur lesquelles cette sanction pourrait \u00eatre justifi\u00e9e.]<\/p>\n<p>\u00e0 sa suspension pour plusieurs matches. De m\u00eame, le basketteur Tony Parker qui fait partie des sportifs fran\u00e7ais cit\u00e9s plus haut a fait l\u2019objet dimanche d\u2019un reportage d\u2019une cha\u00eene am\u00e9ricaine, ce qui pourrait valoir quelques ennuis \u00e0 cette star de la NBA, d\u00e9j\u00e0 somm\u00e9e de s\u2019excuser par le centre Simon Wiesenthal.<\/p>\n<p>Mais la \u00ab\u00a0quenelle\u00a0\u00bb d\u2019Anelka pourrait avoir d\u2019autres cons\u00e9quences, en France cette fois. Primo, il est fort possible qu\u2019Anelka ait donn\u00e9 le top d\u00e9part \u00e0 de nombreux autres footballeurs de notre championnat. Mon petit doigt me dit que Dieudonn\u00e9 b\u00e9n\u00e9ficie d\u2019un succ\u00e8s d\u2019estime non n\u00e9gligeable dans les vestiaires fran\u00e7ais. Il suffit de relire\u00a0<a href=\"http:\/\/www.causeur.fr\/daniel-riolo-racaille-football-club,22885\">Daniel Riolo<\/a>\u00a0pour s\u2019en convaincre. Est-ce consciente de cet engouement que Val\u00e9rie Fourneyron, la ministre des sports, a r\u00e9agi aussi promptement en condamnant Anelka\u00a0? Possible. Mais on pourrait aussi si son indignation l\u00e9gitime n\u2019est pas contre-productive. \u00a0Je crains en tout cas que certains buts de notre championnat soient f\u00eat\u00e9s de la m\u00eame mani\u00e8re dans les prochaines semaines, et que les pol\u00e9miques \u00e0 ce sujet ne s\u2019\u00e9teignent pas de sit\u00f4t.<\/p>\n<p>Deuxio, une autre cons\u00e9quence pourrait na\u00eetre du renfort d\u2019Anelka \u00e0 Dieudonn\u00e9 M\u2019Bala M\u2019Bala. Depuis qu\u2019il a effectu\u00e9 ce geste et qu\u2019il l\u2019a justifi\u00e9 par une prise de position \u00ab\u00a0anti-syst\u00e8me\u00a0\u00bb, les rieurs ont en effet chang\u00e9 de c\u00f4t\u00e9. Anelka anti-syst\u00e8me\u00a0?\u00a0<a href=\"http:\/\/anelkacontrelesysteme.tumblr.com\/\">C\u2019est \u00e0 se rouler par terre de rire<\/a>\u00a0! Lui, le millionnaire homme-sandwich pour Quick et Danone. Lui qui justifie sa pr\u00e9sence \u00e0 Londres par la trop grosse pression fiscale et<a href=\"http:\/\/www.causeur.fr\/un-hypocrite-repond-a-anelka,3463\">l\u2019hypocrisie de ses compatriotes<\/a>\u00a0envers l\u2019argent. Le syst\u00e8me, le business, le fric, il nage dedans comme un poisson dans l\u2019eau. Anelka incarne \u00e0 merveille le mercenaire mondialis\u00e9 qui profite du syst\u00e8me, le nomade d\u00e9nonc\u00e9 \u00e0 longueurs de vid\u00e9os par Alain Soral, le comparse de Dieudonn\u00e9. Justement, Soral, dans une derni\u00e8re vid\u00e9o post\u00e9e avant qu\u2019Anelka ne d\u00e9fraie la chronique, avait officiellement renonc\u00e9 \u00e0 la quenelle, expliquant qu\u2019il lui pr\u00e9f\u00e9rait d\u00e9sormais le plus \u00ab\u00a0gaulois\u00a0\u00bb bras d\u2019honneur. Soral aurait-il eu du flair\u00a0? Rien n\u2019est moins s\u00fbr. Cette soudaine prise de distance semble plut\u00f4t avoir \u00e9t\u00e9 provoqu\u00e9e par ses d\u00e9m\u00eal\u00e9s avec Madame M\u2019Bala M\u2019Bala \u00e0 propos de la propri\u00e9t\u00e9 intellectuelle (sic) de la quenelle. Mais cette co\u00efncidence lui permettra de ne pas avoir \u00e0 se justifier. Faire passer Anelka pour \u00ab\u00a0un patriote fran\u00e7ais[2. \u00ab\u00a0<em>En \u00e9quipe de France, je n&rsquo;ai jamais voulu chanter La Marseillaise, \u00e7a ne m&rsquo;est jamais venu \u00e0 l&rsquo;id\u00e9e. Et si on m&rsquo;avait demand\u00e9 de le faire, j&rsquo;aurais refus\u00e9, j&rsquo;aurais quitt\u00e9 l&rsquo;\u00e9quipe<\/em>\u00a0\u00bb (Anelka aux Inrocks \u2013 Novembre 2010.] en lutte contre les mercenaires mondialistes\u00a0\u00bb e\u00fbt \u00e9t\u00e9 une gageure, m\u00eame pour un dialecticien aussi rus\u00e9 que lui\u2026\u00a0 A l\u2019heure o\u00f9 nous \u00e9crivons ces lignes, d\u2019ailleurs, aucune allusion directe \u00e0 Anelka n\u2019est affich\u00e9e sur le site de Soral. Alors que Dieudonn\u00e9 s\u2019est empress\u00e9 de remercier son ami footeux via Twitter. Qui sait si Anelka, dans sa grande na\u00efvet\u00e9, ne sera pas \u00e0 l\u2019origine d\u2019une nouvelle sc\u00e8ne de m\u00e9nage dans le couple quenellier\u00a0?<\/p>\n","protected":false},"excerpt":{"rendered":"<p>Il n\u2019y a pas qu\u2019en Angleterre que certains footballeurs likent Dieudonn\u00e9 \u00a0Je n\u2019avais \u00e0 vrai dire pas tr\u00e8s envie de m\u2019exprimer sur cette histoire de quenelle pour ne pas lui offrir une publicit\u00e9 qu\u2019elle ne m\u00e9rite pas. Je regrette d\u2019ailleurs,\u00a0comme Philippe Bilger, que le ministre de l\u2019Int\u00e9rieur ait d\u00e9cid\u00e9 d\u2019en faire son cheval de bataille [&hellip;]<\/p>\n","protected":false},"author":10,"featured_media":0,"comment_status":"open","ping_status":"open","sticky":false,"template":"","format":"standard","meta":{"footnotes":""},"categories":[5],"tags":[],"class_list":{"0":"post-2808","1":"post","2":"type-post","3":"status-publish","4":"format-standard","6":"category-sulfate"},"_links":{"self":[{"href":"https:\/\/blog.causeur.fr\/antidote\/wp-json\/wp\/v2\/posts\/2808","targetHints":{"allow":["GET"]}}],"collection":[{"href":"https:\/\/blog.causeur.fr\/antidote\/wp-json\/wp\/v2\/posts"}],"about":[{"href":"https:\/\/blog.causeur.fr\/antidote\/wp-json\/wp\/v2\/types\/post"}],"author":[{"embeddable":true,"href":"https:\/\/blog.causeur.fr\/antidote\/wp-json\/wp\/v2\/users\/10"}],"replies":[{"embeddable":true,"href":"https:\/\/blog.causeur.fr\/antidote\/wp-json\/wp\/v2\/comments?post=2808"}],"version-history":[{"count":0,"href":"https:\/\/blog.causeur.fr\/antidote\/wp-json\/wp\/v2\/posts\/2808\/revisions"}],"wp:attachment":[{"href":"https:\/\/blog.causeur.fr\/antidote\/wp-json\/wp\/v2\/media?parent=2808"}],"wp:term":[{"taxonomy":"category","embeddable":true,"href":"https:\/\/blog.causeur.fr\/antidote\/wp-json\/wp\/v2\/categories?post=2808"},{"taxonomy":"post_tag","embeddable":true,"href":"https:\/\/blog.causeur.fr\/antidote\/wp-json\/wp\/v2\/tags?post=2808"}],"curies":[{"name":"wp","href":"https:\/\/api.w.org\/{rel}","templated":true}]}}