{"id":281,"date":"2009-05-18T06:00:20","date_gmt":"2009-05-18T05:00:20","guid":{"rendered":"http:\/\/carnet.causeur.fr\/antidote\/?p=281"},"modified":"2021-04-26T16:12:04","modified_gmt":"2021-04-26T14:12:04","slug":"voir-leurope-en-mauve","status":"publish","type":"post","link":"https:\/\/blog.causeur.fr\/antidote\/voir-leurope-en-mauve-281","title":{"rendered":"Voir l&#039;Europe en mauve"},"content":{"rendered":"<p>Ma proximit\u00e9 avec Nicolas Dupont-Aignan <a href=\"http:\/\/carnet.causeur.fr\/antidote\/a-propos\" target=\"_blank\" rel=\"noopener\">n&rsquo;est pas un secret<\/a> pour les lecteurs curieux de ce carnet. Aussi, ces derniers ne seront pas \u00e9tonn\u00e9s outre mesure que je fasse ici la promotion du dernier ouvrage du Pr\u00e9sident de Debout La R\u00e9publique qu&rsquo;il a intitul\u00e9 joliment Petit livre mauve.<\/p>\n<p>\u00c9dit\u00e9 par la maison <em>Inlibroveritas<\/em>, et <a href=\"http:\/\/www.inlibroveritas.net\/lire\/oeuvre23429.html\" target=\"_blank\" rel=\"noopener\">consultable librement sur Internet<\/a>[1. Mais les plus g\u00e9n\u00e9reux d&rsquo;entre vous, j&rsquo;en suis s\u00fbr, souhaiteront l&rsquo;acqu\u00e9rir pour la modique somme de deux euros. Parce qu&rsquo;un livre, c&rsquo;est aussi un objet qu&rsquo;on aime toucher avec ses mains. Et parce qu&rsquo;un parti politique qui ne b\u00e9n\u00e9ficie pas du financement public m\u00e9rite bien un geste de votre part en contrepartie de la valeur ajout\u00e9e -\u00f4 combien- qu&rsquo;il apporte au d\u00e9bat d\u00e9mocratique], ce petit livre comporte deux parties.<\/p>\n<p>La premi\u00e8re est un ab\u00e9c\u00e9daire critique de la (d\u00e9)construction europ\u00e9enne depuis vingt-cinq ans. De K comme Kafka \u00e0 V comme vin ros\u00e9 en passant par R comme r\u00e9f\u00e9rendum, Nicolas Dupont-Aignan dresse un bilan sans concession de l&rsquo;Europe construite par ceux qui, \u00e0 l&rsquo;UMP, au PS chez les Verts ou au MoDem, pr\u00e9tendent aujourd&rsquo;hui vouloir la changer.<\/p>\n<p>En seconde partie, un v\u00e9ritable trait\u00e9 alternatif -un plan B, en fait- est propos\u00e9 au lecteur : alternatif \u00e0 la construction pr\u00e9sent\u00e9e plus haut, alternatif \u00e0 la constitution europ\u00e9enne, rejet\u00e9e par le Peuple fran\u00e7ais en 2005, maquill\u00e9e et rebaptis\u00e9e honteusement sous le nom de Trait\u00e9 de Lisbonne. En \u00e9coutant Nicolas Dupont-Aignan face \u00e0 l&rsquo;ineffable Patrick Balkany l&rsquo;autre jour \u00e0 <a href=\"http:\/\/www.rtl.fr\/fiche\/4865731\/on-refait-le-monde-du-12-mai-2009-emission-speciale-politique.html\" target=\"_blank\" rel=\"noopener\">l&rsquo;\u00e9mission de RTL<\/a>[2. Jean-Luc M\u00e9lenchon, qui fut d&rsquo;ailleurs excellent aussi, participait aussi \u00e0 l&rsquo;\u00e9mission. RTL souhaitait-il en l&rsquo;invitant en m\u00eame temps que NDA, se d\u00e9barrasser rapidement de ses deux g\u00eaneurs plut\u00f4t que de les inviter tour \u00e0 tour chacun face \u00e0 un pro-TCE-Lisbonne ?], j&rsquo;ai entendu le second qualifier de mani\u00e8re condescendante le premier d&rsquo;arch\u00e9o. En lisant les propositions de Debout la R\u00e9publique et de son pr\u00e9sident dans ce petit livre, vous n&rsquo;aurez plus aucun doute sur l&rsquo;identit\u00e9 de ceux qui sont archa\u00efques et de ceux, au contraire, qui sont v\u00e9ritablement en phase avec notre temps.<\/p>\n<p>Je ne suis pas loin de penser que cette saine lecture ne saurait vous d\u00e9courager de choisir la liste estampill\u00e9e Debout la R\u00e9publique le 7 juin prochain[3. Sauf si vous habitez les d\u00e9partements et territoires ultra-marins car le montage d&rsquo;une liste dans cette circonscription comportait des obstacles financiers trop importants pour un mouvement si jeune].<\/p>\n<p><em>Post scriptum : ci- dessous un petit film r\u00e9alis\u00e9 par la r\u00e9daction de l&rsquo;Express.fr o\u00f9 Nicolas Dupont-Aignan pr\u00e9sente lui-m\u00eame le Petit livre mauve.<\/em><\/p>\n<p>[daily]x9a9xa[\/daily]<\/p>\n","protected":false},"excerpt":{"rendered":"<p>Et ne pas mourir&#8230;<\/p>\n","protected":false},"author":10,"featured_media":0,"comment_status":"open","ping_status":"closed","sticky":false,"template":"","format":"standard","meta":{"footnotes":""},"categories":[4],"tags":[],"class_list":{"0":"post-281","1":"post","2":"type-post","3":"status-publish","4":"format-standard","6":"category-oxygene"},"_links":{"self":[{"href":"https:\/\/blog.causeur.fr\/antidote\/wp-json\/wp\/v2\/posts\/281","targetHints":{"allow":["GET"]}}],"collection":[{"href":"https:\/\/blog.causeur.fr\/antidote\/wp-json\/wp\/v2\/posts"}],"about":[{"href":"https:\/\/blog.causeur.fr\/antidote\/wp-json\/wp\/v2\/types\/post"}],"author":[{"embeddable":true,"href":"https:\/\/blog.causeur.fr\/antidote\/wp-json\/wp\/v2\/users\/10"}],"replies":[{"embeddable":true,"href":"https:\/\/blog.causeur.fr\/antidote\/wp-json\/wp\/v2\/comments?post=281"}],"version-history":[{"count":0,"href":"https:\/\/blog.causeur.fr\/antidote\/wp-json\/wp\/v2\/posts\/281\/revisions"}],"wp:attachment":[{"href":"https:\/\/blog.causeur.fr\/antidote\/wp-json\/wp\/v2\/media?parent=281"}],"wp:term":[{"taxonomy":"category","embeddable":true,"href":"https:\/\/blog.causeur.fr\/antidote\/wp-json\/wp\/v2\/categories?post=281"},{"taxonomy":"post_tag","embeddable":true,"href":"https:\/\/blog.causeur.fr\/antidote\/wp-json\/wp\/v2\/tags?post=281"}],"curies":[{"name":"wp","href":"https:\/\/api.w.org\/{rel}","templated":true}]}}