{"id":2819,"date":"2014-01-23T15:00:06","date_gmt":"2014-01-23T15:00:06","guid":{"rendered":"http:\/\/blog.causeur.fr\/antidote\/?p=2819"},"modified":"2021-04-26T16:10:29","modified_gmt":"2021-04-26T14:10:29","slug":"guaino-se-fache-et-se-lache","status":"publish","type":"post","link":"https:\/\/blog.causeur.fr\/antidote\/guaino-se-fache-et-se-lache-2819","title":{"rendered":"Guaino se f\u00e2che et se l\u00e2che"},"content":{"rendered":"<h3>De la politique comme \u00e7a, on en redemande<\/h3>\n<p>&nbsp;<br \/>\n<a href=\"http:\/\/blog.causeur.fr\/antidote\/files\/2014\/01\/Henri_Guaino.jpg\"><img loading=\"lazy\" decoding=\"async\" class=\"alignleft size-full wp-image-2820\" src=\"http:\/\/blog.causeur.fr\/antidote\/files\/2014\/01\/Henri_Guaino.jpg\" alt=\"\" width=\"220\" height=\"235\" \/><\/a>Que Henri Guaino me pardonne, mais je trouve cet ancien homme de l\u2019ombre bien trop sentimental et \u00e0 fleur de peau pour survivre dans le monde politique. La t\u00e9l\u00e9vision se montre souvent impitoyable avec le d\u00e9put\u00e9 des Yvelines, tant\u00f4t col\u00e9rique, tant\u00f4t na\u00eff, souvent victime de ses propres exc\u00e8s et de la roublardise voire de la malhonn\u00eatet\u00e9 de ses contradicteurs.<!--more--><\/p>\n<p>Mais il arrive que cet objet politique non identifi\u00e9 nous gratifie de moments de gr\u00e2ce, comme dirait NKM, des moments o\u00f9 la com\u2019 et la langue de bois laissent place \u00e0 la sinc\u00e9rit\u00e9 et la franchise, offrant au t\u00e9l\u00e9spectateur une vraie bouff\u00e9e d\u2019oxyg\u00e8ne.<\/p>\n<p>Ce fut le cas avant-hier, lorsque Guillaume Durand recevait l\u2019ancien conseiller sp\u00e9cial de Nicolas Sarkozy \u00a0dans son \u00e9mission co-diffus\u00e9e par Radio Classique et LCI. Henri Guaino a profit\u00e9 de cette tribune pour dire tout le mal qu\u2019il pensait des dirigeants de l\u2019UMP et de leur soutien \u00e0 Fran\u00e7ois Bayrou pour l\u2019\u00e9lection municipale de Pau. Guaino en a marre de ce parti qui fonctionne de mani\u00e8re \u00ab\u00a0clanique\u00a0\u00bb, o\u00f9 \u00ab\u00a0chaque clan et chaque \u00e9curie avancent ses pions\u00a0\u00bb, o\u00f9 \u00ab\u00a0on se partage les postes dans le dos de tout le monde\u00a0\u00bb. \u00ab\u00a0Qui\u00a0?\u00a0\u00bb, interroge Durand. \u00ab\u00a0Cop\u00e9, Fillon, Jupp\u00e9. C\u2019est extravagant, il faut que tout le monde le sache, et je vais l\u2019\u00e9crire au Pr\u00e9sident Cop\u00e9 [&#8230;], pour renouveler le bureau politique, on se partage les postes entre partisans de Cop\u00e9, de Fillon et de Jupp\u00e9, auxquels on ajoutera accessoirement (sic) Bruno Le Maire et Xavier Bertrand, on file en douce une liste unique au conseil national pour qu\u2019il l\u2019avalise, et voil\u00e0\u00a0! Circulez, y a rien \u00e0 voir\u00a0!\u00a0\u00bb<\/p>\n<p>Guillaume Durand a soudain la bonne id\u00e9e de lui causer de l\u2019Aquitaine. Cela tombe bien, Jupp\u00e9 a l\u2019air encore plus dans le viseur que Cop\u00e9 et Fillon. Cela continue de plus belle. \u00ab\u00a0Alain Jupp\u00e9 a d\u00e9cid\u00e9 d\u2019embl\u00e9e de soutenir Fran\u00e7ois Bayrou. Je le dis aussi\u00a0: les principaut\u00e9s ind\u00e9pendantes ont disparu de France depuis longtemps. Donc l\u2019Aquitaine n\u2019est plus une principaut\u00e9, si mes souvenirs sont exacts, depuis le XVe si\u00e8cle. Donc, il n\u2019y a plus de duc d\u2019Aquitaine.\u00a0\u00bb. Quelques secondes plus tard, il l\u00e2che le morceau \u00ab\u00a0moi, je d\u00e9teste les postures en politique\u00a0\u00bb. On l\u2019avait bien compris, et on se r\u00e9gale. Il poursuit sur le pacte de responsabilit\u00e9, dont Durand lui fait remarquer que certains de ses amis l\u2019ont approuv\u00e9\u00a0: \u00ab\u00a0\u00e7a les regarde, c\u2019est une absurdit\u00e9\u00a0\u00bb. \u00ab\u00a0Ils ont approuv\u00e9 le tournant\u00a0\u00bb, r\u00e9torque le journaliste. \u00ab\u00a0Quel tournant\u00a0? [&#8230;] Y\u2019a eu le CICE (Cr\u00e9dit d\u2019imp\u00f4t pour la comp\u00e9titivit\u00e9 et l\u2019emploi)\u00a0\u00bb.<\/p>\n<p>Et Guaino de d\u00e9tailler, en le dispersant fa\u00e7on puzzle, comment le gouvernement en est arriv\u00e9 cahin-caha \u00e0 cette fameuse suppression des cotisations familiales puis de conclure\u00a0: \u00ab\u00a0c\u2019est n\u2019importe quoi\u00a0!\u00a0Ce qu\u2019a racont\u00e9 le Pr\u00e9sident de la R\u00e9publique n\u2019avait aucun sens. \u00bb. Guillaume Durand s\u2019arr\u00eate\u00a0:\u00a0\u00ab\u00a0 je vous connais un peu\u00a0; il n\u2019y a pas de sentimentalisme dans tout \u00e7a\u00a0?\u00a0\u00bb. On y est. Retour de service\u00a0:\u00a0\u00ab\u00a0 parce qu\u2019il ne faut pas de sentiments en politique\u00a0\u00bb. Non, Henri. Tu devrais quand m\u00eame commencer \u00e0 t\u2019en apercevoir. Lorsque Durand fait remarquer \u00e0 son invit\u00e9 que l\u2019\u00e9mission touche \u00e0 sa fin, ce dernier ajoute\u00a0: \u00ab\u00a0C\u2019est dommage on n\u2019a pas parl\u00e9 de Lamassoure\u00a0!\u00a0\u00bb. D\u2019habitude, c\u2019est plut\u00f4t le journaliste qui essaie de pousser le politique \u00e0\u00a0 taper sur ses petits camarades. L\u00e0, il a oubli\u00e9 de le faire et l\u2019invit\u00e9 r\u00e9clame\u00a0du temps de parole en rab !<\/p>\n<p>\u00c0 propos de la d\u00e9signation d\u2019Alain Lamassoure comme t\u00eate de liste en Ile-de-France pour les \u00e9lections europ\u00e9ennes, il d\u00e9gaine\u00a0: \u00ab\u00a0C\u2019est inacceptable\u00a0!\u00a0\u00bb. Il ajoute \u00ab\u00a0J\u2019ai beaucoup de respect pour ses convictions f\u00e9d\u00e9ralistes, mais \u00e7a n\u2019est pas du tout ma ligne politique [&#8230;] Le mettre en t\u00eate de liste conduit \u00e0 faire incarner la ligne politique de l\u2019UMP \u2013 parce que c\u2019est quand m\u00eame la liste la plus importante dans la r\u00e9gion la plus importante \u2013 par quelqu\u2019un qui a des id\u00e9es aux antipodes de ce que pensent la plupart des militants de l\u2019UMP, la plupart de ces \u00e9lus et, disons-le, la plupart des Fran\u00e7ais\u00a0\u00bb. Et puisque tout le monde fait d\u00e9sormais ce qu\u2019il veut dans ce parti, Guaino conclut\u00a0: \u00ab\u00a0Je ne soutiendrai pas une liste conduite par Monsieur Lamassoure [&#8230;] Et c\u2019est la meilleure chose que je puisse faire pour l\u2019UMP parce que je serais tent\u00e9 de faire campagne contre\u00a0!\u00a0\u00bb<\/p>\n<p>Franchement, une intervention comme celle-ci, quels que soient ses convictions, on en redemande ! \u00c0 d\u00e9faut de peser \u00e0 l\u2019UMP, Guaino a le m\u00e9rite de nous offrir quelques grands moments de t\u00e9l\u00e9. Cela nous change de ceux qui promettent d\u2019arr\u00eater la langue de bois, pour nous en faire ingurgiter jusqu\u2019\u00e0 la naus\u00e9e.<\/p>\n","protected":false},"excerpt":{"rendered":"<p>De la politique comme \u00e7a, on en redemande &nbsp; Que Henri Guaino me pardonne, mais je trouve cet ancien homme de l\u2019ombre bien trop sentimental et \u00e0 fleur de peau pour survivre dans le monde politique. La t\u00e9l\u00e9vision se montre souvent impitoyable avec le d\u00e9put\u00e9 des Yvelines, tant\u00f4t col\u00e9rique, tant\u00f4t na\u00eff, souvent victime de ses [&hellip;]<\/p>\n","protected":false},"author":10,"featured_media":0,"comment_status":"open","ping_status":"open","sticky":false,"template":"","format":"standard","meta":{"footnotes":""},"categories":[4],"tags":[],"class_list":{"0":"post-2819","1":"post","2":"type-post","3":"status-publish","4":"format-standard","6":"category-oxygene"},"_links":{"self":[{"href":"https:\/\/blog.causeur.fr\/antidote\/wp-json\/wp\/v2\/posts\/2819","targetHints":{"allow":["GET"]}}],"collection":[{"href":"https:\/\/blog.causeur.fr\/antidote\/wp-json\/wp\/v2\/posts"}],"about":[{"href":"https:\/\/blog.causeur.fr\/antidote\/wp-json\/wp\/v2\/types\/post"}],"author":[{"embeddable":true,"href":"https:\/\/blog.causeur.fr\/antidote\/wp-json\/wp\/v2\/users\/10"}],"replies":[{"embeddable":true,"href":"https:\/\/blog.causeur.fr\/antidote\/wp-json\/wp\/v2\/comments?post=2819"}],"version-history":[{"count":0,"href":"https:\/\/blog.causeur.fr\/antidote\/wp-json\/wp\/v2\/posts\/2819\/revisions"}],"wp:attachment":[{"href":"https:\/\/blog.causeur.fr\/antidote\/wp-json\/wp\/v2\/media?parent=2819"}],"wp:term":[{"taxonomy":"category","embeddable":true,"href":"https:\/\/blog.causeur.fr\/antidote\/wp-json\/wp\/v2\/categories?post=2819"},{"taxonomy":"post_tag","embeddable":true,"href":"https:\/\/blog.causeur.fr\/antidote\/wp-json\/wp\/v2\/tags?post=2819"}],"curies":[{"name":"wp","href":"https:\/\/api.w.org\/{rel}","templated":true}]}}