{"id":2831,"date":"2014-02-06T16:30:41","date_gmt":"2014-02-06T16:30:41","guid":{"rendered":"http:\/\/blog.causeur.fr\/antidote\/?p=2831"},"modified":"2021-04-26T16:10:29","modified_gmt":"2021-04-26T14:10:29","slug":"m-comme-moscovici-melenchon-et-mechamment-mesquin","status":"publish","type":"post","link":"https:\/\/blog.causeur.fr\/antidote\/m-comme-moscovici-melenchon-et-mechamment-mesquin-2831","title":{"rendered":"M, comme Moscovici, M\u00e9lenchon, et m\u00e9chamment mesquin"},"content":{"rendered":"<h3>Vous pr\u00e9f\u00e9rez la diffamation ou l\u2019exclusion ?<\/h3>\n<p>&nbsp;<\/p>\n<p><a href=\"http:\/\/blog.causeur.fr\/antidote\/files\/2014\/02\/mosco-m\u00e9luche.jpg\"><img loading=\"lazy\" decoding=\"async\" class=\"alignleft size-full wp-image-2833\" src=\"http:\/\/blog.causeur.fr\/antidote\/files\/2014\/02\/mosco-m\u00e9luche.jpg\" alt=\"\" width=\"275\" height=\"183\" \/><\/a>Deux hommes politiques. Deux hommes politiques de gauche qui se d\u00e9testent. Mais deux hommes politiques qui se sont illustr\u00e9s cette semaine par un comportement absolument minable.<\/p>\n<p>Pierre Moscovici est ministre des Finances de la cinqui\u00e8me puissance \u00e9conomique mondiale, comme il le r\u00e9p\u00e9tait toutes les dix minutes lundi soir sur le plateau de\u00a0<em>Mots crois\u00e9s<\/em>\u00a0alors qu\u2019il d\u00e9battait avec Marine Le Pen. Pierre Moscovici conna\u00eet tr\u00e8s bien l\u2019\u00e9conomiste Jacques Sapir car, comme ce dernier\u00a0<a href=\"http:\/\/russeurope.hypotheses.org\/1940\">l\u2019explique sur son blog<\/a>, son p\u00e8re Serge Moscovici le fr\u00e9quentait.<\/p>\n<p>Pierre Moscovici sait donc d\u2019o\u00f9 vient Sapir et ce qu\u2019il pense. Mais, aussi m\u00e9diocre d\u00e9batteur que ministre, mis en difficult\u00e9, il a d\u2019abord expliqu\u00e9 qu\u2019il ne savait pas o\u00f9 situer ce partisan du d\u00e9montage de l\u2019euro\u00a0:\u00a0\u00ab\u00a0 \u00e0 l\u00a0\u2019extr\u00eame droite ou \u00e0 l\u2019extr\u00eame gauche\u00a0?\u00a0\u00bb, avant d\u2019assurer\u00a0: \u00ab\u00a0il est bien d\u2019extr\u00eame droite\u00a0\u00bb.<!--more--><\/p>\n<p>Moscovici se rapetisse \u00e0 vitesse grand V. Petit monsieur. Tr\u00e8s petit monsieur. Incapable de faire face \u00e0 la patronne du Front National, \u00e0 laquelle il ne sert pas le m\u00eame qualificatif, il n\u2019h\u00e9site pas \u00e0 salir un \u00e9conomiste qui a le tort de pr\u00f4ner la sortie de l\u2019euro.<\/p>\n<p>Le d\u00e9bat sur le d\u00e9montage de l\u2019euro ne doit pas \u00eatre interdit, titrait pourtant\u00a0<em>Marianne<\/em>\u00a0vendredi dernier, qui publiait un excellent dossier complet sur le sujet. Pierre Moscovici feint de penser qu\u2019un \u00e9conomiste qui d\u00e9fend cette solution doit forc\u00e9ment \u00eatre class\u00e9 \u00e0 l\u2019extr\u00eame droite. Rendons hommage\u00a0 \u00e0 Yves Calvi qui a remis l\u2019\u00e9glise au milieu du village en repla\u00e7ant Jacques Sapir dans sa famille politique d\u2019origine.<\/p>\n<p>Jean-Luc M\u00e9lenchon, l\u2019avant-veille, avait donn\u00e9 une bien meilleure image de la politique. Invit\u00e9 par Laurent Ruquier, \u00e0 l\u2019aise et sympathique, il avait m\u00eame reconnu ses impr\u00e9cisions pass\u00e9es sur les dossiers \u00e9conomiques, notamment sur la monnaie europ\u00e9enne. Interrog\u00e9 par Aymeric Caron sur ses relations avec Serge Dassault, il avait expliqu\u00e9 que les s\u00e9nateurs, a fortiori au sein du m\u00eame d\u00e9partement, se tutoient et peuvent tr\u00e8s bien et entretenir des rapports cordiaux, voire plaisanter de temps \u00e0 autres. On le croyait volontiers. Jusqu\u2019\u00e0 ce qu\u2019on apprenne le retrait de l\u2019investiture de Maurice Melliet pour l\u2019\u00e9lection municipale de P\u00e9rigueux. Le crime atroce de ce militant du Parti de Gauche\u00a0: avoir bu l\u2019ap\u00e9ro avec Yves Gu\u00e9na, 91 ans, compagnon de la Lib\u00e9ration et ancien ministre gaulliste. Il para\u00eet qu\u2019il ne faut pas donner l\u2019impression aux \u00e9lecteurs de se compromettre avec l\u2019adversaire. La bonne blague\u00a0! Il ne les prendrait pas pour des cons, les \u00e9lecteurs, Jean-Luc M\u00e9lenchon\u00a0?<\/p>\n<p>Non, il s\u2019accorde simplement des passe-droits qu\u2019il ne tol\u00e8re pas chez ses ouailles. Le militant doit \u00eatre disciplin\u00e9 et doit continuer \u00e0 consid\u00e9rer le vieux Gu\u00e9na comme un ennemi de classe. Mais le chef peut ripailler avec n\u2019importe quel type de droite sous le regard des cam\u00e9ras. C\u2019est \u00e7a, sa VIe R\u00e9publique\u00a0? On va peut-\u00eatre garder la Ve, \u00a0du coup\u00a0!<\/p>\n<p>Pierre Moscovici et Jean-Luc M\u00e9lenchon ne s\u2019aiment pas. Jacques Sapir et Maurice Melliet, eux, j\u2019en suis certain, pourraient bien s\u2019appr\u00e9cier. Et moi je bois \u00e0 leur sant\u00e9 \u00e0 tous les deux.<\/p>\n","protected":false},"excerpt":{"rendered":"<p>Vous pr\u00e9f\u00e9rez la diffamation ou l\u2019exclusion ? &nbsp; Deux hommes politiques. Deux hommes politiques de gauche qui se d\u00e9testent. Mais deux hommes politiques qui se sont illustr\u00e9s cette semaine par un comportement absolument minable. Pierre Moscovici est ministre des Finances de la cinqui\u00e8me puissance \u00e9conomique mondiale, comme il le r\u00e9p\u00e9tait toutes les dix minutes lundi [&hellip;]<\/p>\n","protected":false},"author":10,"featured_media":0,"comment_status":"open","ping_status":"open","sticky":false,"template":"","format":"standard","meta":{"footnotes":""},"categories":[5],"tags":[],"class_list":{"0":"post-2831","1":"post","2":"type-post","3":"status-publish","4":"format-standard","6":"category-sulfate"},"_links":{"self":[{"href":"https:\/\/blog.causeur.fr\/antidote\/wp-json\/wp\/v2\/posts\/2831","targetHints":{"allow":["GET"]}}],"collection":[{"href":"https:\/\/blog.causeur.fr\/antidote\/wp-json\/wp\/v2\/posts"}],"about":[{"href":"https:\/\/blog.causeur.fr\/antidote\/wp-json\/wp\/v2\/types\/post"}],"author":[{"embeddable":true,"href":"https:\/\/blog.causeur.fr\/antidote\/wp-json\/wp\/v2\/users\/10"}],"replies":[{"embeddable":true,"href":"https:\/\/blog.causeur.fr\/antidote\/wp-json\/wp\/v2\/comments?post=2831"}],"version-history":[{"count":0,"href":"https:\/\/blog.causeur.fr\/antidote\/wp-json\/wp\/v2\/posts\/2831\/revisions"}],"wp:attachment":[{"href":"https:\/\/blog.causeur.fr\/antidote\/wp-json\/wp\/v2\/media?parent=2831"}],"wp:term":[{"taxonomy":"category","embeddable":true,"href":"https:\/\/blog.causeur.fr\/antidote\/wp-json\/wp\/v2\/categories?post=2831"},{"taxonomy":"post_tag","embeddable":true,"href":"https:\/\/blog.causeur.fr\/antidote\/wp-json\/wp\/v2\/tags?post=2831"}],"curies":[{"name":"wp","href":"https:\/\/api.w.org\/{rel}","templated":true}]}}