{"id":2834,"date":"2014-02-12T08:00:35","date_gmt":"2014-02-12T08:00:35","guid":{"rendered":"http:\/\/blog.causeur.fr\/antidote\/?p=2834"},"modified":"2021-04-26T16:10:29","modified_gmt":"2021-04-26T14:10:29","slug":"tous-a-poil-abcd-de-la-methode-cope","status":"publish","type":"post","link":"https:\/\/blog.causeur.fr\/antidote\/tous-a-poil-abcd-de-la-methode-cope-2834","title":{"rendered":"Tous \u00e0 poil : ABCD de la m\u00e9thode Cop\u00e9"},"content":{"rendered":"<h3>Un coup m\u00e9diatique dans l\u2019eau\u2026<\/h3>\n<p><a href=\"http:\/\/blog.causeur.fr\/antidote\/files\/2009\/04\/cope2.jpg\"><img loading=\"lazy\" decoding=\"async\" class=\"alignleft size-full wp-image-262\" src=\"http:\/\/blog.causeur.fr\/antidote\/files\/2009\/04\/cope2.jpg\" alt=\"\" width=\"160\" height=\"240\" \/><\/a>Cela faisait des mois que la gauche m\u00e9diatique avait arrach\u00e9 \u00e0 la droite le flambeau de la Censure. Des \u00e9ditos plaintifs souhaitant faire taire Zemmour ou d\u2019autres n\u00e9o-r\u00e9acs de la m\u00eame esp\u00e8ce \u00e0 la cabale orchestr\u00e9e contre Fr\u00e9d\u00e9ric Tadd\u00e9i et son \u00e9mission exag\u00e9r\u00e9ment pluraliste, les nouveaux inquisiteurs ne se recrutaient plus \u00e0 droite. Le summum fut atteint vendredi lorsque deux membres du Parti Socialiste prirent leur plume afin de protester aupr\u00e8s du CSA contre les propos d\u2019Alain Finkielkraut qui d\u00e9battait la veille avec Manuel Valls.<\/p>\n<p>C\u2019\u00e9tait compter sans Jean-Fran\u00e7ois Cop\u00e9. <!--more-->En cinq minutes, dimanche soir, il a r\u00e9cup\u00e9r\u00e9 l\u2019encombrant flambeau de la censure et du puritanisme que Najat Vallaud-Belkacem avait pourtant l\u00e9gitimement gagn\u00e9 lors du d\u00e9bat sur la prostitution. Comment a-t-il r\u00e9ussi ce prodige\u00a0? Alors que Gaspard Proust avec l\u2019humour qu\u2019on lui conna\u00eet, et Elisabeth Badinter la sagesse et la pond\u00e9ration qui la caract\u00e9risent, avaient d\u00e9montr\u00e9 que les ABCD de l\u2019\u00e9galit\u00e9 \u00e9taient ridicules voire n\u00e9fastes, le pr\u00e9sident de l\u2019UMP a souhait\u00e9 montrer combien son parti pouvait \u00eatre pertinent en la mati\u00e8re. On imagine les permanents rue de Vaugirard en train de trouver LA pi\u00e8ce \u00e0 conviction qui permettrait \u00e0 leur patron de briller lors du Grand Jury RTL-<em>Le Figaro<\/em>-LCI.<\/p>\n<p>On ne peut pas dire qu\u2019ils ont eu la main heureuse. C\u2019est finalement dans une liste d\u2019ouvrages conseill\u00e9s par une association ard\u00e9choise, publi\u00e9e par le centre r\u00e9gional de documentation p\u00e9dagogique de Grenoble qu\u2019ils ont trouv\u00e9, parmi une centaine d\u2019autres livres, le fameux album pour enfants \u00ab\u00a0Tous \u00e0 poil\u00a0!\u00a0\u00bb qui a permis \u00e0 Jean-Fran\u00e7ois Cop\u00e9 de r\u00e9aliser un dr\u00f4le de sketch. Voil\u00e0 le pr\u00e9sident du premier parti d\u2019opposition feuilleter l\u2019album et aligner, mi-outr\u00e9 mi-ironique, les diff\u00e9rents \u00ab\u00a0tous \u00e0 poil\u00a0\u00bb, le b\u00e9b\u00e9, la mamie, la baby-sitter[1. Perso, je pr\u00e9f\u00e8re la baby-sitter \u00e0 la mamie, mais c\u2019est une question de go\u00fbt.], la ma\u00eetresse (\u00ab\u00a0c\u2019est bien pour l\u2019autorit\u00e9 du professeur\u00a0\u00bb), le chien, le PDG[2. Ce dernier, indignant encore davantage notre adversaire de la lutte des classes.]. Comme\u00a0<a href=\"http:\/\/www.atlantico.fr\/decryptage\/tous-poil-jean-francois-cope-indigne-bien-tort-benoit-rayski-977621.html?page=0%2C0\">Benoit Rayski l\u2019a expliqu\u00e9 sur Atlantico<\/a>, Cop\u00e9 a tap\u00e9 \u00e0 c\u00f4t\u00e9 de la cible. Alors qu\u2019il entendait sans doute s\u2019opposer \u00e0 la confusion des genres exp\u00e9riment\u00e9e dans plusieurs centaines d\u2019\u00e9coles maternelles et primaires, Cop\u00e9 a exhib\u00e9 un album rappelant aux enfants l\u2019alt\u00e9rit\u00e9 des sexes dans toute leur\u2026 nudit\u00e9.<\/p>\n<p>Mais surtout, il a permis \u00e0 ceux-l\u00e0 m\u00eames qui souhaitent karcheriser le paysage m\u00e9diatique fran\u00e7ais de se poser en d\u00e9fenseurs de la libert\u00e9 d\u2019\u00e9dition. Les gardes roses, selon la magnifique expression d\u2019Elisabeth L\u00e9vy, ont beau jeu d\u2019accuser la droite de souhaiter des autodaf\u00e9s. De l\u2019autre c\u00f4t\u00e9 du front, Cop\u00e9 a-t-il seulement envisag\u00e9 que cette initiative se faisait au moment o\u00f9 le Printemps fran\u00e7ais de B\u00e9atrice Bourges r\u00e9clamait qu\u2019on fasse le tri dans les biblioth\u00e8ques municipales\u00a0? Le pr\u00e9sident de l\u2019UMP a en tout cas rempli de joie les auteurs et l\u2019\u00e9diteur de l\u2019album puisque ce dernier ne s\u2019est jamais aussi bien vendu que depuis deux jours. Si un \u00e9diteur cherche un attach\u00e9 de presse\u2026<\/p>\n<p>Et si Cop\u00e9 \u00e9tait seul dans sa croisade morale, on pourrait plaider la maladresse d\u2019un homme. Or, Georges Fenech, d\u00e9put\u00e9 UMP et figure de la droite lyonnaise vient de signaler le groupe de Femen \u00e0 la Mission interminist\u00e9rielle de lutte contre les sectes (MIVILUDES) et de demander officiellement sa dissolution. Que les Femen se soient illustr\u00e9es par des actions ridicules, c\u2019est un fait. Qu\u2019elles doivent \u00eatre d\u00e9f\u00e9r\u00e9es devant la justice lorsqu\u2019elles violent la loi, c\u2019est \u00e9vident. Mais demander leur interdiction et, pis, permettre \u00e0 Caroline Fourest de se poser en militante de la libert\u00e9 d\u2019expression sur Canal +, l\u00e0 franchement, c\u2019est trop. Surtout juste apr\u00e8s le d\u00e9jeuner.<\/p>\n<p>Si la droite continue d\u2019\u00eatre dirig\u00e9e comme \u00e7a, Nicolas Sarkozy n\u2019a d\u00e9cid\u00e9ment pas de souci \u00e0 se faire. Il n\u2019aura qu\u2019\u00e0 se baisser pour la ramasser.<\/p>\n","protected":false},"excerpt":{"rendered":"<p>Un coup m\u00e9diatique dans l\u2019eau\u2026 Cela faisait des mois que la gauche m\u00e9diatique avait arrach\u00e9 \u00e0 la droite le flambeau de la Censure. Des \u00e9ditos plaintifs souhaitant faire taire Zemmour ou d\u2019autres n\u00e9o-r\u00e9acs de la m\u00eame esp\u00e8ce \u00e0 la cabale orchestr\u00e9e contre Fr\u00e9d\u00e9ric Tadd\u00e9i et son \u00e9mission exag\u00e9r\u00e9ment pluraliste, les nouveaux inquisiteurs ne se recrutaient [&hellip;]<\/p>\n","protected":false},"author":10,"featured_media":0,"comment_status":"open","ping_status":"open","sticky":false,"template":"","format":"standard","meta":{"footnotes":""},"categories":[5],"tags":[],"class_list":{"0":"post-2834","1":"post","2":"type-post","3":"status-publish","4":"format-standard","6":"category-sulfate"},"_links":{"self":[{"href":"https:\/\/blog.causeur.fr\/antidote\/wp-json\/wp\/v2\/posts\/2834","targetHints":{"allow":["GET"]}}],"collection":[{"href":"https:\/\/blog.causeur.fr\/antidote\/wp-json\/wp\/v2\/posts"}],"about":[{"href":"https:\/\/blog.causeur.fr\/antidote\/wp-json\/wp\/v2\/types\/post"}],"author":[{"embeddable":true,"href":"https:\/\/blog.causeur.fr\/antidote\/wp-json\/wp\/v2\/users\/10"}],"replies":[{"embeddable":true,"href":"https:\/\/blog.causeur.fr\/antidote\/wp-json\/wp\/v2\/comments?post=2834"}],"version-history":[{"count":0,"href":"https:\/\/blog.causeur.fr\/antidote\/wp-json\/wp\/v2\/posts\/2834\/revisions"}],"wp:attachment":[{"href":"https:\/\/blog.causeur.fr\/antidote\/wp-json\/wp\/v2\/media?parent=2834"}],"wp:term":[{"taxonomy":"category","embeddable":true,"href":"https:\/\/blog.causeur.fr\/antidote\/wp-json\/wp\/v2\/categories?post=2834"},{"taxonomy":"post_tag","embeddable":true,"href":"https:\/\/blog.causeur.fr\/antidote\/wp-json\/wp\/v2\/tags?post=2834"}],"curies":[{"name":"wp","href":"https:\/\/api.w.org\/{rel}","templated":true}]}}