{"id":2836,"date":"2014-02-21T06:00:45","date_gmt":"2014-02-21T06:00:45","guid":{"rendered":"http:\/\/blog.causeur.fr\/antidote\/?p=2836"},"modified":"2021-04-26T16:10:29","modified_gmt":"2021-04-26T14:10:29","slug":"pourquoi-je-ne-veux-plus-devenir-enseignant-par-jules-savagnin","status":"publish","type":"post","link":"https:\/\/blog.causeur.fr\/antidote\/pourquoi-je-ne-veux-plus-devenir-enseignant-par-jules-savagnin-2836","title":{"rendered":"Pourquoi je ne veux plus devenir enseignant, <em>par Jules Savagnin <\/em>"},"content":{"rendered":"<h4><span style=\"font-size: 1.5em\">Lettre ouverte \u00e0 Vincent Peillon<\/span><em><\/em><\/h4>\n<p><em><a href=\"http:\/\/blog.causeur.fr\/antidote\/files\/2010\/01\/peillon2.jpg\"><img loading=\"lazy\" decoding=\"async\" class=\"alignleft size-full wp-image-521\" src=\"http:\/\/blog.causeur.fr\/antidote\/files\/2010\/01\/peillon2.jpg\" alt=\"\" width=\"240\" height=\"160\" \/><\/a>Une fois n&rsquo;est pas coutume, nous accueillons sur Antidote, une plume ext\u00e9rieure. Derri\u00e8re <strong>Jules Savagnin<\/strong> se cache un \u00e9tudiant de nos amis. Nous publions avec plaisir sa lettre ouverte \u00e0 Vincent Peillon.<\/em><\/p>\n<p>Cher M. Peillon,<\/p>\n<p>Vous ne me connaissez pas, je suis l\u2019un de ces milliers d\u2019\u00e9tudiants de fac qui va chaque jour en cours, passe ses partiels, esp\u00e8re valider son ann\u00e9e et r\u00e9fl\u00e9chit \u00e0 son avenir.<!--more--><br \/>\nDepuis la classe de cinqui\u00e8me, je souhaite devenir enseignant par amour des lettres, de la litt\u00e9rature, de notre langue et de la culture en g\u00e9n\u00e9ral. Anim\u00e9 de cette passion, je souhaitais la transmettre aux prochaines g\u00e9n\u00e9rations, comme de brillants professeurs m\u2019ont transmis leur go\u00fbt pour leur discipline.<br \/>\nJe crois en la force \u00e9mancipatrice de l\u2019\u00e9cole, en sa capacit\u00e9 de promotion de tous, jusqu\u2019aux plus modestes. Ou, plut\u00f4t, devrais-je dire : j\u2019y croyais. Car lorsque je vous regarde vous agiter dans tous les sens, monter les enseignants les uns contre les autres, d\u00e9fendre des lubies compl\u00e8tement d\u00e9connect\u00e9es des r\u00e9alit\u00e9s de l\u2019enseignement, les bras m\u2019en tombent.<\/p>\n<p>\u00c0 votre arriv\u00e9e au minist\u00e8re de l\u2019\u00c9ducation nationale, j\u2019\u00e9tais sans doute trop confiant. Votre parcours d\u2019agr\u00e9g\u00e9 de philosophie, sp\u00e9cialiste de Ferdinand Buisson, me rassurait : enfin un enseignant \u00e0 la t\u00eate du minist\u00e8re, enfin un passionn\u00e9 d\u2019\u00e9cole, me disais-je. Vous ne pouviez que mieux faire que les DRH et autres saltimbanques vous ayant pr\u00e9c\u00e9d\u00e9, qui se sont fait une joie de d\u00e9truire l\u2019\u00e9cole de la R\u00e9publique. Mais j\u2019ai vite d\u00e9chant\u00e9. Vous vous \u00eates en effet empress\u00e9 d\u2019appliquer le programme \u00e9galitariste ultralib\u00e9ral dont toute une partie de la gauche r\u00eavait depuis des ann\u00e9es.<\/p>\n<p>J\u2019ai manifest\u00e9 avec les enseignants et les \u00e9tudiants de pr\u00e9pa quand vous avez d\u00e9cid\u00e9 d\u2019en faire les b\u00eates noires de l\u2019\u00c9ducation nationale. Si je suis sorti dans la rue, c\u2019est que la classe pr\u00e9paratoire, son fonctionnement et ses exigences, m\u2019ont permis d\u2019arriver l\u00e0 o\u00f9 je suis aujourd\u2019hui. Ne vous en d\u00e9plaise, les pr\u00e9pas ne sont pas des repaires de nantis qui pratiquent avec ardeur la cooptation et entretiennent la haine du pauvre cantonn\u00e9 au BEP ma\u00e7onnerie. Fils d\u2019ouvrier de l\u2019est de la France, pouss\u00e9 par mes parents conscients du r\u00f4le capital de l\u2019instruction, je suis aujourd\u2019hui mont\u00e9 \u00e0 Paris pour m\u2019\u00e9panouir intellectuellement apr\u00e8s mon passage en classe pr\u00e9pa. Demain, l\u2019agr\u00e9gation pourrait \u00eatre votre prochaine cible puisque vous la jugez sans doute tout aussi \u00e9litiste et anachronique que les pr\u00e9pas.<\/p>\n<p>Mais ce n\u2019est pas tout. Vous avez d\u00e9cid\u00e9 de r\u00e9former le CAPES pour en faire un vague brevet de p\u00e9dagogie et d\u2019animation de classe quand il faudrait que les professeurs excellent dans leur discipline pour qu\u2019ils recouvrent leur autorit\u00e9. En lettres, la connaissance disciplinaire compte seulement pour un tiers de la note finale, cela t\u00e9moigne d\u2019un grave m\u00e9pris pour le savoir.<br \/>\nJe me suis \u00e9trangl\u00e9 quand vous avez d\u00e9cid\u00e9 de supprimer manu militari le CAPES de lettres classiques, accompagnant ainsi la mort des humanit\u00e9s classiques dans le secondaire et bient\u00f4t en fac. Par vos r\u00e9formes, vous aggravez les pires in\u00e9galit\u00e9s : les \u00e9l\u00e8ves d\u2019Henri-IV et Louis-le-Grand perfectionneront encore leur latin dans quinze ans alors que \u00ab les pauvres de banlieue \u00bb seront r\u00e9duits \u00e0 organiser des \u00ab itin\u00e9raires de d\u00e9couverte \u00bb sur le \u00ab vivre-ensemble \u00bb et la s\u00e9curit\u00e9 routi\u00e8re.<\/p>\n<p>Tout occup\u00e9 \u00e0 promouvoir l\u2019\u00e9cole du num\u00e9rique, vous refusez mordicus de vous attaquer aux 20% d\u2019\u00e9l\u00e8ves de sixi\u00e8me qui ne savent ni lire ni \u00e9crire, aux largesses de correction \u00e0 tous les examens, au passage automatique dans la classe sup\u00e9rieure.<br \/>\nLa liste de vos m\u00e9faits est encore longue. Ne parlons pas du gel de l&rsquo;avancement des fonctionnaires, piste que vous avez \u00e9voqu\u00e9e avant de la d\u00e9mentir face \u00e0 la bronca du corps enseignant.<\/p>\n<p>Du reste, je sais que vous avez une carri\u00e8re politique \u00e0 mener. J\u2019ignorais n\u00e9anmoins que le tribut \u00e0 payer pour atteindre Matignon \u00e9tait si lourd. Soit dit en passant, si vous en avez l\u2019occasion, recommandez \u00e0 Fran\u00e7ois Hollande de ne pas choisir la jeunesse comme priorit\u00e9 de son second mandat, elle a d\u00e9j\u00e0 assez souffert de votre \u00ab refondation \u00bb. Vos brillantes saillies sur la la\u00efcit\u00e9 ou les principes fondateurs de la R\u00e9publique n\u2019y changeront rien. De gr\u00e2ce, cessez de rendre hommage \u00e0 Jules Ferry, il s\u2019est d\u00e9j\u00e0 assez retourn\u00e9 dans sa tombe\u2026<\/p>\n<p>Une petite lueur au fond de moi me pousse \u00e0 me battre pour aider les enfants, notamment les plus d\u00e9favoris\u00e9s. J\u2019aurais aim\u00e9 leur faire d\u00e9couvrir les humanit\u00e9s et la grande culture, \u00e9l\u00e9ments certes inutiles au quotidien mais indispensables au d\u00e9veloppement de l\u2019esprit. H\u00e9las, l\u2019\u00e9cole ne le permet plus. Je d\u00e9missionne donc de l\u2019\u00c9ducation nationale avant m\u00eame d\u2019y \u00eatre entr\u00e9.<\/p>\n<p>&nbsp;<\/p>\n","protected":false},"excerpt":{"rendered":"<p>Lettre ouverte \u00e0 Vincent Peillon Une fois n&rsquo;est pas coutume, nous accueillons sur Antidote, une plume ext\u00e9rieure. Derri\u00e8re Jules Savagnin se cache un \u00e9tudiant de nos amis. Nous publions avec plaisir sa lettre ouverte \u00e0 Vincent Peillon. Cher M. Peillon, Vous ne me connaissez pas, je suis l\u2019un de ces milliers d\u2019\u00e9tudiants de fac qui [&hellip;]<\/p>\n","protected":false},"author":10,"featured_media":0,"comment_status":"open","ping_status":"open","sticky":false,"template":"","format":"standard","meta":{"footnotes":""},"categories":[5],"tags":[],"class_list":{"0":"post-2836","1":"post","2":"type-post","3":"status-publish","4":"format-standard","6":"category-sulfate"},"_links":{"self":[{"href":"https:\/\/blog.causeur.fr\/antidote\/wp-json\/wp\/v2\/posts\/2836","targetHints":{"allow":["GET"]}}],"collection":[{"href":"https:\/\/blog.causeur.fr\/antidote\/wp-json\/wp\/v2\/posts"}],"about":[{"href":"https:\/\/blog.causeur.fr\/antidote\/wp-json\/wp\/v2\/types\/post"}],"author":[{"embeddable":true,"href":"https:\/\/blog.causeur.fr\/antidote\/wp-json\/wp\/v2\/users\/10"}],"replies":[{"embeddable":true,"href":"https:\/\/blog.causeur.fr\/antidote\/wp-json\/wp\/v2\/comments?post=2836"}],"version-history":[{"count":0,"href":"https:\/\/blog.causeur.fr\/antidote\/wp-json\/wp\/v2\/posts\/2836\/revisions"}],"wp:attachment":[{"href":"https:\/\/blog.causeur.fr\/antidote\/wp-json\/wp\/v2\/media?parent=2836"}],"wp:term":[{"taxonomy":"category","embeddable":true,"href":"https:\/\/blog.causeur.fr\/antidote\/wp-json\/wp\/v2\/categories?post=2836"},{"taxonomy":"post_tag","embeddable":true,"href":"https:\/\/blog.causeur.fr\/antidote\/wp-json\/wp\/v2\/tags?post=2836"}],"curies":[{"name":"wp","href":"https:\/\/api.w.org\/{rel}","templated":true}]}}