{"id":2839,"date":"2014-02-28T08:00:54","date_gmt":"2014-02-28T08:00:54","guid":{"rendered":"http:\/\/blog.causeur.fr\/antidote\/?p=2839"},"modified":"2021-04-26T16:10:29","modified_gmt":"2021-04-26T14:10:29","slug":"sarkozy-pour-moi-cest-lideal","status":"publish","type":"post","link":"https:\/\/blog.causeur.fr\/antidote\/sarkozy-pour-moi-cest-lideal-2839","title":{"rendered":"\u00abSarkozy ? Pour moi, c\u2019est l\u2019id\u00e9al  !\u00bb"},"content":{"rendered":"<h3>\u00a0<span style=\"font-size: 1.5em\">A Montb\u00e9liard, Marine Le Pen choisit son candidat UMP pr\u00e9f\u00e9r\u00e9<\/span><\/h3>\n<p><a href=\"http:\/\/blog.causeur.fr\/antidote\/files\/2014\/02\/2014-02-26-18.16.14.jpg\"><img loading=\"lazy\" decoding=\"async\" class=\"alignleft size-medium wp-image-2840\" src=\"http:\/\/blog.causeur.fr\/antidote\/files\/2014\/02\/2014-02-26-18.16.14-225x300.jpg\" alt=\"\" width=\"225\" height=\"300\" srcset=\"https:\/\/blog.causeur.fr\/antidote\/wp-content\/uploads\/sites\/9\/2014\/02\/2014-02-26-18.16.14-225x300.jpg 225w, https:\/\/blog.causeur.fr\/antidote\/wp-content\/uploads\/sites\/9\/2014\/02\/2014-02-26-18.16.14.jpg 384w\" sizes=\"auto, (max-width: 225px) 100vw, 225px\" \/><\/a><\/p>\n<p>Marine Le Pen \u00e9tait donc de passage \u00e0 Montb\u00e9liard mercredi en fin d\u2019apr\u00e8s-midi pour soutenir la liste du FN aux \u00e9lections municipales. Dans cette ville \u00ab\u00a0caricaturale de l\u2019UMPS\u00a0\u00bb, elle y a tenu\u00a0 une conf\u00e9rence de presse \u00e0 laquelle j\u2019ai particip\u00e9.<\/p>\n<p>\u00ab\u00a0La Franche-Comt\u00e9, c\u2019est la s\u0153ur jumelle de ma r\u00e9gion\u00a0\u00bb, a-t-elle expliqu\u00e9 \u00e0 la presse et aux militants, \u00e9num\u00e9rant quelques points communs avec le Nord-Pas-de-Calais. On pourrait ajouter que la t\u00eate de liste locale et patronne du FN franc-comtois,Sophie Montel, ressemble \u00e0 Marine Le Pen comme une s\u0153ur jumelle. Grande, blonde, d\u2019un an sa cadette, elle partage son verbe offensif, \u00e0 la diction pr\u00e8s.<!--more--><\/p>\n<p>Il se pourrait bien que les \u00e9lecteurs de Montb\u00e9liard cr\u00e9ent la surprise le 30 mars prochain alors que la presse nationale ne cite jamais leur ville parmi les possibles prises de guerre du parti frontiste, pointant plut\u00f4t des villes du Sud-Est, du Pas-de-Calais voire Forbach, guign\u00e9e par Florian Philippot. Des municipalit\u00e9s, Marine Le Pen souhaite en prendre quelques-unes, \u00ab\u00a0press\u00e9e de montrer aux Fran\u00e7ais que le FN peut faire ses preuves\u00a0\u00bb, et aspire \u00e0 faire \u00e9lire de nombreux conseillers municipaux d\u2019opposition parmi les 500 listes qu\u2019elle esp\u00e8re bien d\u00e9poser avant le 6 mars prochain. Son mod\u00e8le, le bassin minier du Pas-de-Calais, n\u2019\u00e9tonnera personne\u00a0: \u00ab\u00a0Au d\u00e9but, il n\u2019y avait qu\u2019une liste\u00a0: H\u00e9nin-Beaumont. Aujourd\u2019hui, il n\u2019y a qu\u2019une seule ville du bassin minier o\u00f9 nous n\u2019avons pas de liste\u00a0\u00bb. L\u2019objectif qu\u2019elle fixe \u00e0 son parti est d\u2019accomplir les m\u00eames progr\u00e8s dans dix ans, cette fois-ci \u00e0 l\u2019\u00e9chelle de tout le pays.<\/p>\n<p>Marine Le Pen n\u2019a pas pour autant oubli\u00e9 les \u00e9lections europ\u00e9ennes du 25 mai prochain. Dans le Grand Est, son strat\u00e8ge Philippot conduira une liste dont les autres candidats ne seront d\u00e9sign\u00e9s qu\u2019apr\u00e8s les \u00e9lections municipales, histoire de recaser les perdants. La pr\u00e9sidente du FN esp\u00e8re bien arriver en t\u00eate dans la circonscription Est mais aussi sur le plan national. Ambition qui m\u2019a inspir\u00e9 une question : \u00ab une premi\u00e8re place de votre parti aux europ\u00e9ennes ne vous nuirait-elle pas en pr\u00e9cipitant le retour de Nicolas Sarkozy\u00a0?\u00a0\u00bb. Je ne r\u00e9siste pas au plaisir de reproduire le verbatim complet de sa r\u00e9ponse\u00a0: \u00ab\u00a0Je l\u2019attends\u00a0!\u00a0 Ses esp\u00e9rances de retour ne sont pas si consid\u00e9rables que \u00e7a\u00a0! Pour quelqu\u2019un qui a \u00e9t\u00e9 pr\u00e9sident de la R\u00e9publique, il y a 60% des sympathisants de son propre mouvement qui souhaitent qu\u2019il soit candidat\u00a0; ce n\u2019est pas \u00e9norme\u00a0! Moi, j\u2019ai toujours pens\u00e9 qu\u2019il ne reviendrait pas. J\u2019ai pari\u00e9 quelques bouteilles, je vais peut-\u00eatre les perdre (rires), c\u2019est le principe du pari. Mais je ne r\u00eave que d\u2019une chose, c\u2019est qu\u2019il revienne\u00a0\u00bb.<\/p>\n<p>Je me permets alors d\u2019insister\u00a0:\u00a0 \u00ab\u00a0vous ne pr\u00e9f\u00e9reriez pas Jupp\u00e9\u00a0? Cela vous donnerait davantage d\u2019espace\u00a0!\u00a0\u00bb. En guise de r\u00e9ponse, elle en rajoute une couche :\u00a0 \u00ab\u00a0Non, non, le meilleur candidat pour moi, c\u2019est Nicolas Sarkozy. D\u2019abord, parce qu\u2019entre 2007 et 2012, c\u2019est quand m\u00eame gr\u00e2ce \u00e0 lui que nous avons pu rena\u00eetre de nos cendres, tel le Sphinx. Donc, je suis tr\u00e8s contente de le revoir. En plus, \u00e0 chaque fois que je le revois, je retrouve tous ses d\u00e9fauts que les Fran\u00e7ais ont d\u00fb oublier parce qu\u2019il a la sympathie des morts. Les types, ils sont morts et on les trouve vachement sympas. Et puis en fait, quand on le revoit on se souvient pourquoi on ne pouvait plus, pourquoi on n&rsquo;y arrivait plus. Quand j\u2019ai vu le reportage de D8[1. Diffus\u00e9 le 5 novembre 2013.], je me disais\u00a0: je me souviens pourquoi je ne supportais plus. Et je pense que les Fran\u00e7ais auront la m\u00eame d\u00e9marche. Il a vraiment cette mani\u00e8re de faire, ces d\u00e9fauts qui sont insupportables et d\u2019autant plus insupportables que la crise s\u2019est aggrav\u00e9e. Nicolas Sarkozy qui revient, avec la personnalit\u00e9 qui est la sienne, avec toute la liste ses conf\u00e9rences \u00e0 100 000 euros, pour moi c\u2019est l\u2019id\u00e9al. Si j\u2019en avais un \u00e0 choisir, je choisirais celui-l\u00e0. Mais je ne suis pas s\u00fbre que ce soit moi qui d\u00e9cide.\u00a0\u00bb<\/p>\n<p>Marine Le Pen bluffe-t-elle\u00a0? Je n\u2019en ai pas eu l\u2019impression, tant sa sortie m\u2019a paru spontan\u00e9e. Se trompe-t-elle\u00a0? Oui et non. Les arguments sur la personnalit\u00e9 de Nicolas Sarkozy ne manquent \u00e9videmment pas de force.\u00a0Les d\u00e9fauts personnels de l\u2019ancien pr\u00e9sident ont incontestablement jou\u00e9 dans une France plus conservatrice que le r\u00e9sultat du second tour de l\u2019\u00e9lection pr\u00e9sidentielle ne le laisse entrevoir. Mais, malgr\u00e9 tous ses d\u00e9fauts, l\u2019ex-pr\u00e9sident \u00e9tait parvenu \u00e0 inqui\u00e9ter Fran\u00e7ois Hollande jusqu\u2019au dernier jour de la campagne, r\u00e9alisant in fine un score sup\u00e9rieur aux pr\u00e9dictions des sondeurs. Bilan des courses : si certains traits de caract\u00e8re peuvent d\u00e9plaire, le vote tient g\u00e9n\u00e9ralement du r\u00e9flexe politique, peu importe la sympathie ou l\u2019antipathie qu\u2019inspire le candidat. Qu\u2019on le veuille ou non, Nicolas Sarkozy reste un combattant beaucoup plus aguerri que Fran\u00e7ois Fillon et Alain Jupp\u00e9. Tout d\u00e9pend\u00a0 aussi du positionnement qu\u2019adopterait l\u2019ex-pr\u00e9sident en cas de \u00a0nouvelle candidature. Sur la m\u00eame ligne droiti\u00e8re qu\u2019en 2012 ou plus centriste comme les gazettes s\u2019en font l\u2019\u00e9cho ces derni\u00e8res semaines\u00a0? Cette donn\u00e9e aurait une grande influence sur l\u2019espace laiss\u00e9 \u00e0 la candidate du FN.<\/p>\n<p>Reste que les propos de Marine Le Pen, dont les yeux p\u00e9tillaient lorsqu\u2019elle \u00e9voquait Sarkozy, m\u2019 ont convaincu d\u2019une chose\u00a0: si cette confrontation a lieu, on ne risque pas de s\u2019ennuyer.<\/p>\n","protected":false},"excerpt":{"rendered":"<p>\u00a0A Montb\u00e9liard, Marine Le Pen choisit son candidat UMP pr\u00e9f\u00e9r\u00e9 Marine Le Pen \u00e9tait donc de passage \u00e0 Montb\u00e9liard mercredi en fin d\u2019apr\u00e8s-midi pour soutenir la liste du FN aux \u00e9lections municipales. Dans cette ville \u00ab\u00a0caricaturale de l\u2019UMPS\u00a0\u00bb, elle y a tenu\u00a0 une conf\u00e9rence de presse \u00e0 laquelle j\u2019ai particip\u00e9. \u00ab\u00a0La Franche-Comt\u00e9, c\u2019est la s\u0153ur [&hellip;]<\/p>\n","protected":false},"author":10,"featured_media":0,"comment_status":"open","ping_status":"open","sticky":false,"template":"","format":"standard","meta":{"footnotes":""},"categories":[4],"tags":[],"class_list":{"0":"post-2839","1":"post","2":"type-post","3":"status-publish","4":"format-standard","6":"category-oxygene"},"_links":{"self":[{"href":"https:\/\/blog.causeur.fr\/antidote\/wp-json\/wp\/v2\/posts\/2839","targetHints":{"allow":["GET"]}}],"collection":[{"href":"https:\/\/blog.causeur.fr\/antidote\/wp-json\/wp\/v2\/posts"}],"about":[{"href":"https:\/\/blog.causeur.fr\/antidote\/wp-json\/wp\/v2\/types\/post"}],"author":[{"embeddable":true,"href":"https:\/\/blog.causeur.fr\/antidote\/wp-json\/wp\/v2\/users\/10"}],"replies":[{"embeddable":true,"href":"https:\/\/blog.causeur.fr\/antidote\/wp-json\/wp\/v2\/comments?post=2839"}],"version-history":[{"count":0,"href":"https:\/\/blog.causeur.fr\/antidote\/wp-json\/wp\/v2\/posts\/2839\/revisions"}],"wp:attachment":[{"href":"https:\/\/blog.causeur.fr\/antidote\/wp-json\/wp\/v2\/media?parent=2839"}],"wp:term":[{"taxonomy":"category","embeddable":true,"href":"https:\/\/blog.causeur.fr\/antidote\/wp-json\/wp\/v2\/categories?post=2839"},{"taxonomy":"post_tag","embeddable":true,"href":"https:\/\/blog.causeur.fr\/antidote\/wp-json\/wp\/v2\/tags?post=2839"}],"curies":[{"name":"wp","href":"https:\/\/api.w.org\/{rel}","templated":true}]}}