{"id":284,"date":"2009-05-20T06:00:03","date_gmt":"2009-05-20T05:00:03","guid":{"rendered":"http:\/\/carnet.causeur.fr\/antidote\/?p=284"},"modified":"2021-04-26T16:12:04","modified_gmt":"2021-04-26T14:12:04","slug":"lettre-ouverte-a-edwy-plenel","status":"publish","type":"post","link":"https:\/\/blog.causeur.fr\/antidote\/lettre-ouverte-a-edwy-plenel-284","title":{"rendered":"Lettre ouverte \u00e0 Edwy Plenel"},"content":{"rendered":"<p>Monsieur Plenel,<\/p>\n<p>Je viens de lire votre tribune dans mon hebdomadaire pr\u00e9f\u00e9r\u00e9 et vos le\u00e7ons \u00e0 vos confr\u00e8res m&rsquo;ont laiss\u00e9 sur le cul. Le v\u00f4tre, de cul, gagnerait \u00e0 \u00eatre propre lorsque vous grimpez ainsi au cocotier, selon la c\u00e9l\u00e8bre formule.<\/p>\n<p>Vous accusez, vous pointez du doigt, vous mettez en garde tous les journalistes contre l&rsquo;indiff\u00e9rence, la collusion ou la complicit\u00e9 qu&rsquo;ils pourraient entretenir avec Nicolas Sarkozy. Vous les suppliez de faire leur devoir. Mais \u00e0 ce sujet, avez-vous toujours fait le v\u00f4tre ?<\/p>\n<p>Il se trouve que les livres, ou que la m\u00e9moire tout simplement, existent. Et je me souviens, justement, d&rsquo;un Edwy Plenel dans les ann\u00e9es 1993-1995, directeur de la r\u00e9daction du Monde, qui entretenait les meilleures relations avec ceux qu&rsquo;il fustige aujourd&rsquo;hui. Je me souviens de la campagne \u00e9hont\u00e9e du journal du soir que vous dirigiez pour le candidat Balladur et ses comparses Bazire et Sarkozy. Je me souviens du n\u00e9ologisme qu&rsquo;on avait accol\u00e9 au quotidien de r\u00e9f\u00e9rence : trosko-balladurien ! Vous \u00e9tiez alors associ\u00e9 \u00e0 quelqu&rsquo;un dont M\u00e9diapart fustige aujourd&rsquo;hui justement les errements, le trop c\u00e9l\u00e8bre Alain Minc. Ce monsieur \u00e9tait d\u00e9j\u00e0 le m\u00eame il y a quinze ans. Le double jeu de ce triste personnage, que vous d\u00e9noncez aujourd&rsquo;hui avec force, il existait d\u00e9j\u00e0. Seulement voil\u00e0, c&rsquo;\u00e9tait pour la bonne cause, celle que vous d\u00e9fendiez pour des motifs id\u00e9ologiques que je n&rsquo;aborderai pas ici tant elles ne m\u00e9ritent pas un simple billet mais un livre entier[1. Sur cette p\u00e9riode, on peut se reporter \u00e0 <em>La face cach\u00e9e du Monde<\/em> de Pierre P\u00e9an et Philippe Cohen &#8211; Editions des Mille et une nuits -f\u00e9vrier 2003].<\/p>\n<p>Quinze ans, me direz-vous, c&rsquo;est une \u00e9ternit\u00e9 en politique. Peut-\u00eatre le regrettez-vous. Peut-\u00eatre pas. Toujours est-il qu&rsquo;il peut para\u00eetre injuste de ne pas vous accorder la prescription. Les hommes, apr\u00e8s tout, peuvent changer.<\/p>\n<p>C&rsquo;est donc \u00e0 propos du Trait\u00e9 de Lisbonne que ma col\u00e8re -oui, ma col\u00e8re- vous vaut cette interpellation. Car le silence de la presse sur cette forfaiture, ce coup d&rsquo;Etat simplifi\u00e9, vous y avez bel et bien particip\u00e9. Le Peuple avait dit NON trois ans plus t\u00f4t au m\u00eame texte. On le remaquille ; on lui donne le faux nom de Trait\u00e9 simplifi\u00e9 ; on le fait voter par les parlementaires ; et la Presse fran\u00e7aise la ferme, vous compris.\u00a0 Pas par amiti\u00e9 pour Nicolas Sarkozy, bien s\u00fbr. Vous n&rsquo;\u00e9margez pas au Figaro. Mais pour prendre avec lui, et gr\u00e2ce \u00e0 lui, votre revanche sur le Peuple, ce peuple si x\u00e9nophobe, raciste, nationaliste et \u00e9troit comme vous aimez tant le d\u00e9crire. Ce peuple qui avait si mal vot\u00e9 et qu&rsquo;il fallait censurer. Il est l\u00e0 le plus gros p\u00e9ch\u00e9 du Pr\u00e9sident de la R\u00e9publique contre la D\u00e9mocratie. Le fait de nommer les dirigeants de l&rsquo;audiovisuel public en conseil des ministres, l&rsquo;affaire P\u00e9rol, vos chevaux de bataille, que j&rsquo;ai moi-m\u00eame contest\u00e9s aussi sur ce blog, constituent de v\u00e9ritables broutilles \u00e0 c\u00f4t\u00e9 de ce viol de la d\u00e9mocratie auquel vous avez particip\u00e9 par votre inaction et votre l\u00e2che soulagement.<\/p>\n<p>Alors aujourd&rsquo;hui, lorsque vous prenez vos airs sup\u00e9rieurs devant vos anciens compagnons de route id\u00e9ologiques tel Philippe Val en leur enjoignant de ne point c\u00e9der aux invitations de l&rsquo;Inf\u00e2me, on ne peut pas s&#8217;emp\u00eacher de penser qu&rsquo;il y a quelque part quelque jalousie que de telles gamelles ne vous soient pas propos\u00e9es \u00e0 vous, pourtant si m\u00e9ritant.<\/p>\n<h6><span style=\"color: #ff0000\">Photo en Une : Capture \u00e9cran France 5<br \/>\n<\/span><\/h6>\n","protected":false},"excerpt":{"rendered":"<p>Anti-Sarko en peau de lapin<\/p>\n","protected":false},"author":10,"featured_media":0,"comment_status":"open","ping_status":"closed","sticky":false,"template":"","format":"standard","meta":{"footnotes":""},"categories":[5],"tags":[],"class_list":{"0":"post-284","1":"post","2":"type-post","3":"status-publish","4":"format-standard","6":"category-sulfate"},"_links":{"self":[{"href":"https:\/\/blog.causeur.fr\/antidote\/wp-json\/wp\/v2\/posts\/284","targetHints":{"allow":["GET"]}}],"collection":[{"href":"https:\/\/blog.causeur.fr\/antidote\/wp-json\/wp\/v2\/posts"}],"about":[{"href":"https:\/\/blog.causeur.fr\/antidote\/wp-json\/wp\/v2\/types\/post"}],"author":[{"embeddable":true,"href":"https:\/\/blog.causeur.fr\/antidote\/wp-json\/wp\/v2\/users\/10"}],"replies":[{"embeddable":true,"href":"https:\/\/blog.causeur.fr\/antidote\/wp-json\/wp\/v2\/comments?post=284"}],"version-history":[{"count":0,"href":"https:\/\/blog.causeur.fr\/antidote\/wp-json\/wp\/v2\/posts\/284\/revisions"}],"wp:attachment":[{"href":"https:\/\/blog.causeur.fr\/antidote\/wp-json\/wp\/v2\/media?parent=284"}],"wp:term":[{"taxonomy":"category","embeddable":true,"href":"https:\/\/blog.causeur.fr\/antidote\/wp-json\/wp\/v2\/categories?post=284"},{"taxonomy":"post_tag","embeddable":true,"href":"https:\/\/blog.causeur.fr\/antidote\/wp-json\/wp\/v2\/tags?post=284"}],"curies":[{"name":"wp","href":"https:\/\/api.w.org\/{rel}","templated":true}]}}