{"id":2857,"date":"2014-04-09T07:00:48","date_gmt":"2014-04-09T07:00:48","guid":{"rendered":"http:\/\/blog.causeur.fr\/antidote\/?p=2857"},"modified":"2021-04-26T16:10:28","modified_gmt":"2021-04-26T14:10:28","slug":"valls-se-met-aux-verts","status":"publish","type":"post","link":"https:\/\/blog.causeur.fr\/antidote\/valls-se-met-aux-verts-2857","title":{"rendered":"Valls se met aux Verts"},"content":{"rendered":"<h3>Plac\u00e9 et Duflot pr\u00e9f\u00e8rent leurs si\u00e8ges \u00e0 leur \u00e2me<\/h3>\n<p><a href=\"http:\/\/blog.causeur.fr\/antidote\/files\/2014\/04\/duflot.jpg\"><img loading=\"lazy\" decoding=\"async\" class=\"alignleft size-medium wp-image-2858\" src=\"http:\/\/blog.causeur.fr\/antidote\/files\/2014\/04\/duflot-200x300.jpg\" alt=\"\" width=\"200\" height=\"300\" srcset=\"https:\/\/blog.causeur.fr\/antidote\/wp-content\/uploads\/sites\/9\/2014\/04\/duflot-200x300.jpg 200w, https:\/\/blog.causeur.fr\/antidote\/wp-content\/uploads\/sites\/9\/2014\/04\/duflot.jpg 220w\" sizes=\"auto, (max-width: 200px) 100vw, 200px\" \/><\/a>Les compte-rendus analytiques des votes \u00e0 l\u2019Assembl\u00e9e nationale constituent toujours des mines de renseignements pour l\u2019observateur attentif. Tenez, par exemple, on peut tirer quelques conclusions du relev\u00e9 de vote des d\u00e9put\u00e9s \u00e9cologistes sur la d\u00e9claration de politique g\u00e9n\u00e9rale de Manuel Valls.<\/p>\n<p>Sur les dix-sept membres du groupe \u00e9cologiste, un seul n\u2019a pas vot\u00e9 la confiance. Pas la peine de s\u2019y attarder, Isabelle Attard, d\u00e9put\u00e9 du Calvados, annonce le m\u00eame jour que, bien que membre du groupe EELV, elle fera campagne aux europ\u00e9ennes pour le parti Nouvelle Donne, cr\u00e9\u00e9 r\u00e9cemment autour de Pierre Larrouturou et Bruno Gaccio.<\/p>\n<p>Restent seize \u00a0parlementaires dont dix ont accord\u00e9 leur confiance au Premier ministre, au premier rang desquels on recense les co-pr\u00e9sidents Barbara Pompili et Fran\u00e7ois de Rugy. Le vote de ces deux-l\u00e0 n\u2019\u00e9tonnera que les distraits. Car l\u2019un et l\u2019autre avaient publiquement regrett\u00e9 le refus du bureau ex\u00e9cutif de leur parti de participer au gouvernement.<\/p>\n<p>Six d\u00e9put\u00e9s \u00e9colos se sont courageusement abstenus. Qu\u2019est ce qui me retient de ne pas voter la confiance aurait pu s\u2019interroger, \u00e0 l\u2019instar de Jean-Claude Dusse, No\u00ebl Mam\u00e8re, un autre moustachu c\u00e9l\u00e8bre, qui fut de ces six-l\u00e0\u00a0? La trouille, peut-\u00eatre\u00a0? C\u2019est ce qu\u2019avait r\u00e9pondu \u00ab\u00a0Popeye\u00a0\u00bb dans\u00a0<em>Les Bronz\u00e9s font du ski.<\/em><\/p>\n<p>La trouille porte un nom, ou plut\u00f4t deux\u00a0: dissolution et investiture. Eh oui, les d\u00e9put\u00e9s \u00e9cologistes ne sont pas fous. Pas davantage, d\u2019ailleurs, que leurs coll\u00e8gues de l\u2019aile gauche du PS. Ils savent bien que si le gouvernement Valls n\u2019avait pas obtenu la majorit\u00e9 hier, ils prenaient le risque de retourner devant les \u00e9lecteurs. En tant que d\u00e9put\u00e9 \u00e9cologiste, ils risquaient m\u00eame de n\u2019y retourner qu\u2019avec la seule investiture de leur parti avec un concurrent socialiste face \u00e0 eux. Combien de d\u00e9put\u00e9s EELV reviendraient \u00e0 l\u2019Assembl\u00e9e dans ces conditions\u00a0? \u00c0 l\u2019\u00e9vidence, ils ne se compteraient que sur les doigts d\u2019une seule main. No\u00ebl Mam\u00e8re qui n\u2019avait pas de mots assez durs pour qualifier le nouveau Premier ministre il y a quelques jours, avait donc, selon la formule d\u2019un excellent esprit, davantage confiance en Manuel Valls qu\u2019en la dissolution.<\/p>\n<p>Mardi, aux alentours de dix-neuf heures, l\u2019article 12 de la constitution du 4 octobre 1958 marquait un but d\u00e9cisif face \u00e0 la politique humaniste, sociale et \u00e9cologiste incarn\u00e9e par le d\u00e9put\u00e9 de B\u00e8gles. Malgr\u00e9 mon opposition globale au discours de Manuel Valls, \u00e7a m\u2019a fait plut\u00f4t marrer, il faut bien le reconna\u00eetre.<\/p>\n<p>C\u00e9cile Duflot semble compter sur les prochaines \u00e9lections europ\u00e9ennes pour montrer ses muscles avant de faire miroiter sa candidature en 2017. L\u2019id\u00e9e serait de faire monnayer son retrait de derni\u00e8re minute contre le maintien d\u2019un groupe parlementaire vert \u00e0 l\u2019Assembl\u00e9e nationale.<\/p>\n<p>Face \u00e0 un PS amorphe emmen\u00e9 par un leader aussi m\u00e9diocre qu\u2019Harlem D\u00e9sir, les \u00e9colos pourraient effectivement r\u00e9ussir un joli coup le 25 mai. Mais en attendant, il ne faudrait pas tout g\u00e2cher en pr\u00e9cipitant des \u00e9lections l\u00e9gislatives anticip\u00e9es. La transition \u00e9nerg\u00e9tique, les progr\u00e8s sociaux et soci\u00e9taux peuvent attendre, passant loin, tr\u00e8s loin, derri\u00e8re les calculs de boutiquiers du duo Plac\u00e9-Duflot.<\/p>\n","protected":false},"excerpt":{"rendered":"<p>Plac\u00e9 et Duflot pr\u00e9f\u00e8rent leurs si\u00e8ges \u00e0 leur \u00e2me Les compte-rendus analytiques des votes \u00e0 l\u2019Assembl\u00e9e nationale constituent toujours des mines de renseignements pour l\u2019observateur attentif. Tenez, par exemple, on peut tirer quelques conclusions du relev\u00e9 de vote des d\u00e9put\u00e9s \u00e9cologistes sur la d\u00e9claration de politique g\u00e9n\u00e9rale de Manuel Valls. Sur les dix-sept membres du [&hellip;]<\/p>\n","protected":false},"author":10,"featured_media":0,"comment_status":"open","ping_status":"open","sticky":false,"template":"","format":"standard","meta":{"footnotes":""},"categories":[5],"tags":[],"class_list":{"0":"post-2857","1":"post","2":"type-post","3":"status-publish","4":"format-standard","6":"category-sulfate"},"_links":{"self":[{"href":"https:\/\/blog.causeur.fr\/antidote\/wp-json\/wp\/v2\/posts\/2857","targetHints":{"allow":["GET"]}}],"collection":[{"href":"https:\/\/blog.causeur.fr\/antidote\/wp-json\/wp\/v2\/posts"}],"about":[{"href":"https:\/\/blog.causeur.fr\/antidote\/wp-json\/wp\/v2\/types\/post"}],"author":[{"embeddable":true,"href":"https:\/\/blog.causeur.fr\/antidote\/wp-json\/wp\/v2\/users\/10"}],"replies":[{"embeddable":true,"href":"https:\/\/blog.causeur.fr\/antidote\/wp-json\/wp\/v2\/comments?post=2857"}],"version-history":[{"count":0,"href":"https:\/\/blog.causeur.fr\/antidote\/wp-json\/wp\/v2\/posts\/2857\/revisions"}],"wp:attachment":[{"href":"https:\/\/blog.causeur.fr\/antidote\/wp-json\/wp\/v2\/media?parent=2857"}],"wp:term":[{"taxonomy":"category","embeddable":true,"href":"https:\/\/blog.causeur.fr\/antidote\/wp-json\/wp\/v2\/categories?post=2857"},{"taxonomy":"post_tag","embeddable":true,"href":"https:\/\/blog.causeur.fr\/antidote\/wp-json\/wp\/v2\/tags?post=2857"}],"curies":[{"name":"wp","href":"https:\/\/api.w.org\/{rel}","templated":true}]}}