{"id":2872,"date":"2014-05-14T09:00:09","date_gmt":"2014-05-14T09:00:09","guid":{"rendered":"http:\/\/blog.causeur.fr\/antidote\/?p=2872"},"modified":"2021-04-26T16:10:28","modified_gmt":"2021-04-26T14:10:28","slug":"cope-guaino-et-juppe-petit-rappel-historique","status":"publish","type":"post","link":"https:\/\/blog.causeur.fr\/antidote\/cope-guaino-et-juppe-petit-rappel-historique-2872","title":{"rendered":"Cop\u00e9, Guaino et Jupp\u00e9 : petit rappel historique"},"content":{"rendered":"<div>\n<h3>La chasse au Guaino est ouverte \u00e0 l\u2019UMP<\/h3>\n<\/div>\n<div>\n<div>\n<p>&nbsp;<\/p>\n<p><a href=\"http:\/\/blog.causeur.fr\/antidote\/files\/2009\/03\/juppe.jpg\"><img loading=\"lazy\" decoding=\"async\" class=\"alignleft size-full wp-image-238\" src=\"http:\/\/blog.causeur.fr\/antidote\/files\/2009\/03\/juppe.jpg\" alt=\"\" width=\"240\" height=\"155\" \/><\/a>C\u2019est celui que toute la presse parisienne consid\u00e8re, \u00e0 grands renforts de sondages, comme la personnalit\u00e9 sage et consensuelle qu\u2019il faut \u00e0 la France, qui a d\u00e9gain\u00e9 le premier dimanche soir, conseillant virilement \u00e0 l\u2019ancien conseiller sp\u00e9cial du Pr\u00e9sident Sarkozy de \u00ab\u00a0tirer toutes les cons\u00e9quences\u00a0\u00bb de son d\u00e9saccord sur l\u2019Europe, invoquant la dignit\u00e9, rien que \u00e7a. L\u2019intention, maintes fois r\u00e9it\u00e9r\u00e9e d\u2019Henri Guaino de ne pas voter pour la liste d\u2019Alain Lamassoure aux prochaines \u00e9lections europ\u00e9ennes, choque l\u2019ancien secr\u00e9taire g\u00e9n\u00e9ral du RPR,\u00a0<a href=\"http:\/\/www.causeur.fr\/front-republicain-chirac-juppe-26796.html\">dont nous avions rappel\u00e9<\/a>\u00a0dans ces colonnes qu\u2019il ne badine pas avec la discipline de parti\u2026 \u00e0 condition qu\u2019elle ne le concerne pas lui-m\u00eame, a d\u2019ailleurs rappel\u00e9 le d\u00e9put\u00e9 des Yvelines, faisant \u00e9cho au soutien apport\u00e9 par le maire de Bordeaux \u00e0 Fran\u00e7ois Bayrou lorsqu\u2019un candidat \u00e9tait encore investi par l\u2019UMP \u00e0 la municipale de Pau. <!--more-->Lundi matin, le pr\u00e9sident de l\u2019UMP lui-m\u00eame a soutenu la position de Jupp\u00e9, en bon \u00e9l\u00e8ve de l\u2019ex-clan Chirac.<\/p>\n<p>Mais, assistant \u00e0 ces bisbilles, nous nous sommes souvenus des termes de<a href=\"http:\/\/home.nordnet.fr\/rprlille\/seguin.html\" target=\"_blank\" rel=\"noopener\">\u00a0la lettre de d\u00e9mission de la pr\u00e9sidence du RPR de feu Philippe S\u00e9guin,<\/a>\u00a0le 16 avril 1999\u00a0: \u00ab\u00a0Lorsque le Pr\u00e9sident de l\u2019Association des Amis de Jacques Chirac (NDLR\u00a0: il s\u2019agissait de Bernard Pons) peut, sans \u00eatre d\u00e9menti, proclamer que voter pour la liste S\u00e9guin-Madelin ou pour la liste Pasqua-Villiers, marque une m\u00eame volont\u00e9 d\u2019adh\u00e9rer \u00e0 la majorit\u00e9 pr\u00e9sidentielle, lorsque le m\u00eame fait publiquement la promotion de la liste f\u00e9d\u00e9raliste, avant que le chef de l\u2019Etat, quelques heures plus tard, ne re\u00e7oive son animateur, il est clair que je n\u2019ai plus rien \u00e0 faire \u00e0 la pr\u00e9sidence du Rassemblement pour la R\u00e9publique ni, a fortiori, \u00e0 la t\u00eate d\u2019une liste europ\u00e9enne cens\u00e9e d\u00e9fendre la politique du Pr\u00e9sident de la R\u00e9publique.\u00a0\u00bb<\/p>\n<p>\u00c0 l\u2019\u00e9poque, on n\u2019avait pas entendu Alain Jupp\u00e9 et Jean-Fran\u00e7ois Cop\u00e9 condamner les propos de Bernard Pons. Il faut dire que c\u2019\u00e9tait l\u2019occasion id\u00e9ale de flinguer l\u2019ennemi S\u00e9guin. La bonne cause, quoi\u2026<\/p>\n<p>En solidarit\u00e9 avec Henri Guaino, je demande solennellement mon exclusion r\u00e9troactive du RPR pour avoir vot\u00e9 pour la liste MDC aux europ\u00e9ennes de 1994. Bon, c\u2019est vrai, le RPR n\u2019existe plus et j\u2019en avais d\u00e9missionn\u00e9 en octobre 1998. Mais Jupp\u00e9 n\u2019est pas \u00e0 \u00e7a pr\u00e8s, non\u00a0?<\/p>\n<\/div>\n<\/div>\n","protected":false},"excerpt":{"rendered":"<p>La chasse au Guaino est ouverte \u00e0 l\u2019UMP &nbsp; C\u2019est celui que toute la presse parisienne consid\u00e8re, \u00e0 grands renforts de sondages, comme la personnalit\u00e9 sage et consensuelle qu\u2019il faut \u00e0 la France, qui a d\u00e9gain\u00e9 le premier dimanche soir, conseillant virilement \u00e0 l\u2019ancien conseiller sp\u00e9cial du Pr\u00e9sident Sarkozy de \u00ab\u00a0tirer toutes les cons\u00e9quences\u00a0\u00bb de [&hellip;]<\/p>\n","protected":false},"author":10,"featured_media":0,"comment_status":"open","ping_status":"open","sticky":false,"template":"","format":"standard","meta":{"footnotes":""},"categories":[5],"tags":[],"class_list":{"0":"post-2872","1":"post","2":"type-post","3":"status-publish","4":"format-standard","6":"category-sulfate"},"_links":{"self":[{"href":"https:\/\/blog.causeur.fr\/antidote\/wp-json\/wp\/v2\/posts\/2872","targetHints":{"allow":["GET"]}}],"collection":[{"href":"https:\/\/blog.causeur.fr\/antidote\/wp-json\/wp\/v2\/posts"}],"about":[{"href":"https:\/\/blog.causeur.fr\/antidote\/wp-json\/wp\/v2\/types\/post"}],"author":[{"embeddable":true,"href":"https:\/\/blog.causeur.fr\/antidote\/wp-json\/wp\/v2\/users\/10"}],"replies":[{"embeddable":true,"href":"https:\/\/blog.causeur.fr\/antidote\/wp-json\/wp\/v2\/comments?post=2872"}],"version-history":[{"count":0,"href":"https:\/\/blog.causeur.fr\/antidote\/wp-json\/wp\/v2\/posts\/2872\/revisions"}],"wp:attachment":[{"href":"https:\/\/blog.causeur.fr\/antidote\/wp-json\/wp\/v2\/media?parent=2872"}],"wp:term":[{"taxonomy":"category","embeddable":true,"href":"https:\/\/blog.causeur.fr\/antidote\/wp-json\/wp\/v2\/categories?post=2872"},{"taxonomy":"post_tag","embeddable":true,"href":"https:\/\/blog.causeur.fr\/antidote\/wp-json\/wp\/v2\/tags?post=2872"}],"curies":[{"name":"wp","href":"https:\/\/api.w.org\/{rel}","templated":true}]}}