{"id":2873,"date":"2014-05-27T11:04:31","date_gmt":"2014-05-27T11:04:31","guid":{"rendered":"http:\/\/blog.causeur.fr\/antidote\/?p=2873"},"modified":"2021-04-26T16:10:28","modified_gmt":"2021-04-26T14:10:28","slug":"ump-et-maintenant","status":"publish","type":"post","link":"https:\/\/blog.causeur.fr\/antidote\/ump-et-maintenant-2873","title":{"rendered":"UMP : Et maintenant?"},"content":{"rendered":"<h3>Exit Cop\u00e9, la bataille id\u00e9ologique est ouverte<\/h3>\n<p>&nbsp;<\/p>\n<p><a href=\"http:\/\/blog.causeur.fr\/antidote\/files\/2014\/01\/Henri_Guaino.jpg\"><img loading=\"lazy\" decoding=\"async\" class=\"alignleft size-full wp-image-2820\" src=\"http:\/\/blog.causeur.fr\/antidote\/files\/2014\/01\/Henri_Guaino.jpg\" alt=\"\" width=\"220\" height=\"235\" \/><\/a>Fort Chabrol n\u2019a pas tenu. Contrairement \u00e0 l\u2019hiver 2012 o\u00f9 Jean-Fran\u00e7ois Cop\u00e9, vaille que vaille, avait tenu bon, y compris face \u00e0 la scission d\u2019une bonne moiti\u00e9 des d\u00e9put\u00e9s UMP, le d\u00e9part du pr\u00e9sident de l\u2019UMP a cette fois-ci \u00e9t\u00e9 obtenu.<\/p>\n<p>Le bureau politique de ce matin accouche donc de la d\u00e9mission collective de la direction actuelle de l\u2019UMP qui prendra effet le 15 juin prochain, un congr\u00e8s extraordinaire \u00e9tant convoqu\u00e9 pour octobre, avec \u00e0 la clef, l\u2019\u00e9lection d\u2019un nouveau pr\u00e9sident. En attendant, c\u2019est une tro\u00efka compos\u00e9e de trois premiers ministres UMP qui assurera l\u2019int\u00e9rim. Alain Jupp\u00e9, Jean-Pierre Raffarin et Fran\u00e7ois Fillon dirigeront donc le parti et pr\u00e9pareront le congr\u00e8s[1. Dominique de Villepin ne cotise plus \u00e0 l\u2019UMP et ne fait plus partie du bureau politique. Il n\u2019est donc plus consid\u00e9r\u00e9 comme un ancien Premier ministre UMP par ses coll\u00e8gues.].<\/p>\n<p>Depuis l\u2019\u00e9clatement de l\u2019affaire Bygmalion, Cop\u00e9 avait d\u00e9cid\u00e9 de faire celui qui ne savait pas, ce qui traduit en langage Zemmour, signifiait qu\u2019il \u00ab\u00a0pr\u00e9f\u00e9rait passer pour un con que pour un voleur\u00a0\u00bb.<!--more--> J\u00e9r\u00f4me Lavrilleux, hier soir sur BFMTV, l\u2019a d\u00e9douan\u00e9, ainsi que Nicolas Sarkozy, assumant le fait que le d\u00e9passement du plafond des d\u00e9penses de sa derni\u00e8re campagne pr\u00e9sidentielle avait \u00e9t\u00e9 maquill\u00e9 par de fausses factures. Mais laissons l\u2019enqu\u00eate se d\u00e9rouler et d\u00e9m\u00ealer le vrai du faux. Ce n\u2019est pas notre sujet.<\/p>\n<p>Attardons-nous plut\u00f4t sur les forces \u00a0politiques en pr\u00e9sence. Parmi les rares personnalit\u00e9s qui ont soutenu Cop\u00e9 ce matin, figurait la \u00ab\u00a0sarkop\u00e9iste\u00a0\u00bb Nadine Morano, \u00e0 la fois tr\u00e9sori\u00e8re de l\u2019association des amis de Nicolas Sarkozy et l\u2019une des partisanes les plus fid\u00e8les de Cop\u00e9 lors de la guerre face \u00e0 Fillon il y a dix-huit mois. La nouvelle d\u00e9put\u00e9e europ\u00e9enne est doute mue par la crainte de voir Fillon et Jupp\u00e9 entraver le retour de Nicolas Sarkozy en organisant des primaires en 2016. Aujourd\u2019hui, l\u2019ancien pr\u00e9sident est non seulement \u00e9clabouss\u00e9 par les retomb\u00e9es de l\u2019affaire Bygmalion mais voit ses deux principaux adversaires prendre le contr\u00f4le du parti. Le maintien d\u2019un Cop\u00e9 affaibli aurait davantage servi la strat\u00e9gie du retour de l\u2019homme providentiel.<\/p>\n<p>Examinons la tro\u00efka d\u00e9sormais aux commandes de l\u2019UMP.\u00a0Raffarin a soulign\u00e9 que le congr\u00e8s aurait lieu \u00ab\u00a0apr\u00e8s les s\u00e9natoriales\u00a0\u00bb, pr\u00e9cision qui n\u2019est pas anodine dans sa bouche d\u2019un candidat \u00e0 \u00a0la pr\u00e9sidence de la chambre haute du Parlement, laquelle devrait re-basculer \u00e0 droite \u00e0 l\u2019automne. Jupp\u00e9 et Fillon, quant \u00e0 eux, ne pensent qu\u2019\u00e0 la future primaire qui d\u00e9signera le candidat de la droite \u00e0 la pr\u00e9sidentielle. C\u2019est pour cette raison qu\u2019ils ne devraient pas postuler \u00e0 la pr\u00e9sidence de l\u2019UMP. Et qu\u2019ils se mettront certainement d\u2019accord sur le nom d\u2019un dirigeant int\u00e9rimaire, ne pr\u00e9sentant aucun danger imm\u00e9diat. Ainsi, Xavier Bertrand, Bruno Le Maire et NKM ne correspondent pas au profil.<\/p>\n<p>Jupp\u00e9 et Fillon pourraient aussi tenter de convaincre Raffarin de ne pas briguer le \u00ab\u00a0Plateau\u00a0\u00bb pour occuper la pr\u00e9sidence de l\u2019UMP. Un tel sc\u00e9nario ravirait G\u00e9rard Larcher, qui aspire \u00e0 retrouver la t\u00eate du S\u00e9nat, mais l\u2019ancien premier ministre de Chirac ne renoncera pas facilement \u00e0 son r\u00eave. Par \u00e9liminations successives, on d\u00e9duit que \u00a0l\u2019homme le mieux plac\u00e9 pour est bien Fran\u00e7ois Baroin. L\u2019ancien porte-parole de Chirac a soutenu Fillon pendant sa guerre avec Cop\u00e9 et il garde des liens anciens avec Alain Jupp\u00e9. Surtout, il incarne \u00e0 merveille la nouvelle ligne r\u00e9clam\u00e9e par le maire de Bordeaux et le d\u00e9put\u00e9 de Paris\u00a0: r\u00e9solument hostile \u00e0 la strat\u00e9gie Buisson, favorable \u00e0 une alliance plus franche avec le centre UDI-Modem. Baroin a en outre l\u2019avantage de ne pas trop d\u00e9plaire \u00e0 Nicolas Sarkozy.<\/p>\n<p>Mais quel que soit le candidat estampill\u00e9 Fillon-Jupp\u00e9, il aura un adversaire. Car Henri Guaino et Laurent Wauquiez ont l\u2019air bien d\u00e9cid\u00e9s \u00e0 faire entendre leur voix. Une fois n\u2019est pas coutume, nous pourrions alors assister \u00e0 une vraie bataille id\u00e9ologique. Le refus ostensible de Guaino de voter pour Lamassoure aux \u00e9lections europ\u00e9ennes cachait un d\u00e9bat beaucoup plus noble que la guerre Fillon-Cop\u00e9. Le d\u00e9put\u00e9 des Yvelines et celui de la Haute-Loire ont m\u00eame publi\u00e9 ensemble une tribune fustigeant le tour actuel de la construction europ\u00e9enne. Leur candidature commune[2. Les militants de l\u2019UMP votent pour un ticket de trois personnes \u2013 un pr\u00e9sident, un vice-pr\u00e9sident et un secr\u00e9taire g\u00e9n\u00e9ral. Il leur resterait \u00e0 trouver un troisi\u00e8me larron.] pourrait rappeler les heures glorieuses de 1990 o\u00f9 \u00a0Pasqua et S\u00e9guin affrontaient Chirac\u2026 et Jupp\u00e9.<\/p>\n<p>Et offrir aux adh\u00e9rents UMP autre chose qu\u2019un combat de personnes qui pensent la m\u00eame chose sur tout.<\/p>\n","protected":false},"excerpt":{"rendered":"<p>Exit Cop\u00e9, la bataille id\u00e9ologique est ouverte &nbsp; Fort Chabrol n\u2019a pas tenu. Contrairement \u00e0 l\u2019hiver 2012 o\u00f9 Jean-Fran\u00e7ois Cop\u00e9, vaille que vaille, avait tenu bon, y compris face \u00e0 la scission d\u2019une bonne moiti\u00e9 des d\u00e9put\u00e9s UMP, le d\u00e9part du pr\u00e9sident de l\u2019UMP a cette fois-ci \u00e9t\u00e9 obtenu. Le bureau politique de ce matin [&hellip;]<\/p>\n","protected":false},"author":10,"featured_media":0,"comment_status":"open","ping_status":"open","sticky":false,"template":"","format":"standard","meta":{"footnotes":""},"categories":[4],"tags":[],"class_list":{"0":"post-2873","1":"post","2":"type-post","3":"status-publish","4":"format-standard","6":"category-oxygene"},"_links":{"self":[{"href":"https:\/\/blog.causeur.fr\/antidote\/wp-json\/wp\/v2\/posts\/2873","targetHints":{"allow":["GET"]}}],"collection":[{"href":"https:\/\/blog.causeur.fr\/antidote\/wp-json\/wp\/v2\/posts"}],"about":[{"href":"https:\/\/blog.causeur.fr\/antidote\/wp-json\/wp\/v2\/types\/post"}],"author":[{"embeddable":true,"href":"https:\/\/blog.causeur.fr\/antidote\/wp-json\/wp\/v2\/users\/10"}],"replies":[{"embeddable":true,"href":"https:\/\/blog.causeur.fr\/antidote\/wp-json\/wp\/v2\/comments?post=2873"}],"version-history":[{"count":0,"href":"https:\/\/blog.causeur.fr\/antidote\/wp-json\/wp\/v2\/posts\/2873\/revisions"}],"wp:attachment":[{"href":"https:\/\/blog.causeur.fr\/antidote\/wp-json\/wp\/v2\/media?parent=2873"}],"wp:term":[{"taxonomy":"category","embeddable":true,"href":"https:\/\/blog.causeur.fr\/antidote\/wp-json\/wp\/v2\/categories?post=2873"},{"taxonomy":"post_tag","embeddable":true,"href":"https:\/\/blog.causeur.fr\/antidote\/wp-json\/wp\/v2\/tags?post=2873"}],"curies":[{"name":"wp","href":"https:\/\/api.w.org\/{rel}","templated":true}]}}