{"id":2876,"date":"2014-06-04T07:00:18","date_gmt":"2014-06-04T07:00:18","guid":{"rendered":"http:\/\/blog.causeur.fr\/antidote\/?p=2876"},"modified":"2021-04-26T16:10:28","modified_gmt":"2021-04-26T14:10:28","slug":"non-a-leurope-aux-cent-drapeaux","status":"publish","type":"post","link":"https:\/\/blog.causeur.fr\/antidote\/non-a-leurope-aux-cent-drapeaux-2876","title":{"rendered":"Non \u00e0 l\u2019Europe aux cent drapeaux!"},"content":{"rendered":"<h3>Et si Fran\u00e7ois Hollande voulait enterrer sa propre r\u00e9forme?<\/h3>\n<p>&nbsp;<\/p>\n<p><a href=\"http:\/\/blog.causeur.fr\/antidote\/files\/2014\/06\/14-regions-hollande-valls1.jpg\"><img loading=\"lazy\" decoding=\"async\" class=\"alignleft size-full wp-image-2877\" src=\"http:\/\/blog.causeur.fr\/antidote\/files\/2014\/06\/14-regions-hollande-valls1.jpg\" alt=\"\" width=\"460\" height=\"280\" srcset=\"https:\/\/blog.causeur.fr\/antidote\/wp-content\/uploads\/sites\/9\/2014\/06\/14-regions-hollande-valls1.jpg 460w, https:\/\/blog.causeur.fr\/antidote\/wp-content\/uploads\/sites\/9\/2014\/06\/14-regions-hollande-valls1-300x182.jpg 300w\" sizes=\"auto, (max-width: 460px) 100vw, 460px\" \/><\/a>Cela ressemblait \u00e0 une immense blague. Au point que le maire socialiste d\u2019une ville charentaise r\u00e9put\u00e9e pour ses hu\u00eetres se demandait sur Twitter si la carte des 14 grandes r\u00e9gions n\u2019\u00e9tait pas un faux. Mais non, ce n\u2019\u00e9tait pas une blague. Les auteurs du d\u00e9coupage de la future carte administrative avaient bien plac\u00e9 sa commune dans la m\u00eame r\u00e9gion que Dreux, Orl\u00e9ans et Brive-la-Gaillarde. Cet immense machin colori\u00e9 en bleu clair[1. Que j\u2019ai d\u00e9cid\u00e9 de baptiser \u00ab\u00a0Hollando-Absurdie\u00a0\u00bb mais\u00a0<a href=\"http:\/\/videos.tf1.fr\/infos\/2014\/bussereau-on-pourrait-appeler-ma-region-salut-les-copains-ou-8429284.html\" target=\"_blank\" rel=\"noopener\">que d\u2019autres, plus m\u00e9chants encore, ont surnomm\u00e9 \u00ab\u00a0Promotion Voltaire\u00a0\u00bb<\/a>\u00a0puisqu\u2019elle rassemble les r\u00e9gions de Michel Sapin, S\u00e9gol\u00e8ne Royal et Fran\u00e7ois Hollande.] \u00a0ne constitue pas la seule incongruit\u00e9 de la carte.<!--more--> Ainsi, la c\u00e9l\u00e8bre croix de Lorraine de Colombey-les-deux-Eglises aura d\u00e9sormais sa plage, o\u00f9 l\u2019on pourra m\u00eame chasser le canard, en baie de Somme. Saint-Flour, ravissante bourgade du Cantal, aura aussi la sienne, sur les bords du lac L\u00e9man. Le journal de France 2 s\u2019est amus\u00e9 \u00e0 interroger des quidams dans la rue pour leur demander comment ils pourraient (sur)nommer les nouvelles entit\u00e9s. Cette exp\u00e9rience s\u2019est r\u00e9v\u00e9l\u00e9e impitoyablement r\u00e9v\u00e9latrice. Impossible de trouver un nom sans sombrer dans le ridicule \u00e0 l\u2019exception de la Normandie. Si l\u2019on ne peut point nommer quelque chose, c\u2019est que cette chose n\u2019existe pas, aurait dit ma grand-m\u00e8re.<\/p>\n<p>Certes, certaines r\u00e9gions issues du pr\u00e9c\u00e9dent d\u00e9coupage, comme le Centre ou les Pays de la Loire, \u00e9taient aussi des cr\u00e9ations technocratiques de nos \u00e9narques de l\u2019apr\u00e8s-guerre. Certes, les d\u00e9put\u00e9s qui cr\u00e9\u00e8rent les d\u00e9partements avaient d\u00e9coup\u00e9 la France dans une logique de tabula rasa. Mais ces cr\u00e9ations avaient au moins une logique que tout le monde comprenait. La journ\u00e9e de cheval pour faire l\u2019aller-retour du chef-lieu en tout point du d\u00e9partement, cela avait de la gueule. Et cela tient depuis plus de deux cents ans alors que nous voyageons d\u00e9sormais en automobile, en train et en avion. On peut se demander quelle est le but des nouvelles super-r\u00e9gions, sinon d\u2019ob\u00e9ir aux logiques d\u2019un congr\u00e8s socialiste[2. Martine Aubry garde son Nord-Pas de Calais intact, Jean-Yves Le Drian sa Bretagne, Ayrault n\u2019a pas \u00e9t\u00e9 mang\u00e9 par S\u00e9gol\u00e8ne Royal, laquelle ne voulait pas se faire bouffer par Alain Rousset.].<\/p>\n<p><a href=\"http:\/\/www.causeur.fr\/14-regions-hollande-valls-27868.html\">R\u00e9gis de Castelnau a expliqu\u00e9 fort brillamment\u00a0<\/a>que cette r\u00e9forme n\u2019engendrera aucune \u00e9conomie, bien au contraire. De surcro\u00eet, la disparition des conseils g\u00e9n\u00e9raux entra\u00eenera le transfert de la gestion (construction, entretien, fonctionnement) des coll\u00e8ges, des d\u00e9partements \u00e0 ces nouvelles r\u00e9gions. Pour un d\u00e9partement comme le Doubs, la charge d\u2019une grosse quarantaine de coll\u00e8ges et la gestion de tous leurs personnels techniques n\u2019est d\u00e9j\u00e0 pas facile. Imaginez combien de coll\u00e8ges la r\u00e9gion qui s\u2019\u00e9tend du Limousin au Centre aura \u00e0 g\u00e9rer. \u00a0Elle fera quoi, la future grosse r\u00e9gion\u00a0? Et bien, je vous l\u2019annonce\u00a0: elle va (re)territorialiser sa gestion. Et elle se basera sur quoi pour le faire\u00a0? Sur les anciens d\u00e9partements, pardi\u00a0! Tout \u00e7a pour \u00e7a\u00a0!<\/p>\n<p>Donc, les \u00e9conomies, on \u00e9limine. D\u2019ailleurs les pr\u00e9sidents de r\u00e9gion, m\u00eame ceux qui souhaitaient fusionner amoureusement avec leur grande voisine, avant m\u00eame la diffusion de la carte, comme Marie-Guite Dufay, qui pr\u00e9side le conseil r\u00e9gional de la Franche-Comt\u00e9, en conviennent. Que nous dit Manuel Valls\u00a0? Qu\u2019il nous faut des r\u00e9gions fortes, des r\u00e9gions comp\u00e9titives, des r\u00e9gions \u00ab\u00a0qui p\u00e8sent en Europe\u00a0\u00bb. Et nous voil\u00e0 devant l\u2019une des plus grandes fadaises de notre \u00e9poque\u00a0; la notion de \u00ab\u00a0masse critique\u00a0\u00bb pour une entit\u00e9 administrative. Or, comme me le glissait il y a peu le d\u00e9put\u00e9 europ\u00e9en UMP Arnaud Danjean, autant on peut parler de \u00ab\u00a0masse critique\u00a0\u00bb pour une entreprise qui aspire \u00e0 conqu\u00e9rir march\u00e9s, autant pour une r\u00e9gion, c\u2019est ridicule. \u00a0Je me souviens de Philippe S\u00e9guin qui \u00e9crivait en 1990\u00a0: \u00ab\u00a0Parlez-moi des r\u00e9gions anglaises\u00a0! Cela n\u2019emp\u00eache pas les Anglais d\u2019\u00eatre forts\u00a0!\u00a0\u00bb. Je passerai sur les cantons suisses qui me paraissent bien plus dynamiques que les r\u00e9gions espagnoles, au premier rang desquelles la Catalogne ch\u00e8re \u00e0 notre Premier Ministre, proche de la banqueroute. Mais bon, il para\u00eet qu\u2019il faut ressembler aux Allemands, alors on \u00ab\u00a0eurolanderise\u00a0\u00bb ![3. Fran\u00e7ois Hollande n\u2019a aucune imagination\u00a0! Il aurait tout aussi bien pu cr\u00e9er deux \u00ab\u00a0villes L\u00e4nder\u00a0\u00bb comme Br\u00eame et Hambourg.].<\/p>\n<p>Cette volont\u00e9 de disposer de r\u00e9gions \u00ab\u00a0comp\u00e9titives\u00a0\u00bb, \u00ab\u00a0\u00e0 taille europ\u00e9enne\u00a0\u00bb vient bien bien de quelque part.<\/p>\n<p>Il m\u2019est arriv\u00e9 d\u2019\u00e9changer avec des conseillers r\u00e9gionaux et \u00e0 chaque fois, l\u2019argument tombe\u00a0: \u00ab\u00a0c\u2019est pour \u00eatre plus fort pour aller n\u00e9gocier \u00e0 Bruxelles\u00a0\u00bb. La voil\u00e0, l\u2019id\u00e9e fourbe qui se cachait derri\u00e8re l\u2019\u00e9cran de fum\u00e9e. L\u2019Etat construit des super-r\u00e9gions pour que celles-ci puissent mieux n\u00e9gocier par-dessus sa t\u00eate avec Bruxelles. La fameuse \u00ab\u00a0Europe des r\u00e9gions et des tribus\u00a0\u00bb que d\u00e9non\u00e7ait, l\u00e0 encore, Philippe S\u00e9guin pendant la campagne de Maastricht.<\/p>\n<p>Mais cela ne suffit pas \u00e0 expliquer cette carte ridicule. Certaines propositions qui ont circul\u00e9, notamment celle\u00a0<a href=\"http:\/\/www.huffingtonpost.fr\/jean-christophe-fromantin\/post_7746_b_5429753.html?utm_hp_ref=france\" target=\"_blank\" rel=\"noopener\">du d\u00e9put\u00e9 UDI Jean-Christophe Fromentin\u00a0<\/a>ou m\u00eame la carte de feue la commission Balladur,\u00a0 s\u2019appuyaient sur des bases plus solides. Elles ne sentaient pas l\u2019improvisation \u00e0 cinquante kilom\u00e8tres et si elles pouvaient susciter de l\u2019opposition, elles ne d\u00e9clenchaient pas l\u2019hilarit\u00e9. \u00c0 moins d\u2019imaginer que le pr\u00e9sident soit un \u00e2ne b\u00e2t\u00e9, on peut envisager une hypoth\u00e8se\u00a0: Fran\u00e7ois Hollande n\u2019a pas envie que la r\u00e9forme soit vot\u00e9e. Il fait en sorte, avec la pire carte possible, qu\u2019aucune majorit\u00e9 ne se d\u00e9gage en faveur de cette r\u00e9forme territoriale, qui n\u00e9cessitera une modification constitutionnelle du fait de la disparition des conseils g\u00e9n\u00e9raux. Alors que Manuel Valls a d\u00e9j\u00e0 exclu le recours au r\u00e9f\u00e9rendum, il sera plut\u00f4t p\u00e9rilleux d\u2019avoir l\u2019accord de l\u2019Assembl\u00e9e Nationale, du S\u00e9nat, puis d\u2019un congr\u00e8s avec une majorit\u00e9 des trois cinqui\u00e8mes. Ainsi si le projet \u00e9tait alors rejet\u00e9, Fran\u00e7ois Hollande pourrait prendre \u00e0 t\u00e9moin le peuple et dire\u00a0: \u00ab\u00a0J\u2019ai essay\u00e9 de r\u00e9former mais j\u2019ai \u00e9chou\u00e9 face aux conservatismes\u00a0!\u00a0\u00bb.<\/p>\n<p>Mais n\u2019est pas De Gaulle qui veut. D\u2019ailleurs, De Gaulle a consult\u00e9 le peuple et d\u00e9missionn\u00e9 quand il fut d\u00e9savou\u00e9.\u00a0 Fran\u00e7ois Hollande, lui, incarnerait plut\u00f4t \u00ab\u00a0la maladresse des habiles\u00a0\u00bb ch\u00e8re \u00e0 Fran\u00e7ois Mauriac.<\/p>\n","protected":false},"excerpt":{"rendered":"<p>Et si Fran\u00e7ois Hollande voulait enterrer sa propre r\u00e9forme? &nbsp; Cela ressemblait \u00e0 une immense blague. Au point que le maire socialiste d\u2019une ville charentaise r\u00e9put\u00e9e pour ses hu\u00eetres se demandait sur Twitter si la carte des 14 grandes r\u00e9gions n\u2019\u00e9tait pas un faux. Mais non, ce n\u2019\u00e9tait pas une blague. Les auteurs du d\u00e9coupage [&hellip;]<\/p>\n","protected":false},"author":10,"featured_media":0,"comment_status":"open","ping_status":"open","sticky":false,"template":"","format":"standard","meta":{"footnotes":""},"categories":[5],"tags":[],"class_list":{"0":"post-2876","1":"post","2":"type-post","3":"status-publish","4":"format-standard","6":"category-sulfate"},"_links":{"self":[{"href":"https:\/\/blog.causeur.fr\/antidote\/wp-json\/wp\/v2\/posts\/2876","targetHints":{"allow":["GET"]}}],"collection":[{"href":"https:\/\/blog.causeur.fr\/antidote\/wp-json\/wp\/v2\/posts"}],"about":[{"href":"https:\/\/blog.causeur.fr\/antidote\/wp-json\/wp\/v2\/types\/post"}],"author":[{"embeddable":true,"href":"https:\/\/blog.causeur.fr\/antidote\/wp-json\/wp\/v2\/users\/10"}],"replies":[{"embeddable":true,"href":"https:\/\/blog.causeur.fr\/antidote\/wp-json\/wp\/v2\/comments?post=2876"}],"version-history":[{"count":0,"href":"https:\/\/blog.causeur.fr\/antidote\/wp-json\/wp\/v2\/posts\/2876\/revisions"}],"wp:attachment":[{"href":"https:\/\/blog.causeur.fr\/antidote\/wp-json\/wp\/v2\/media?parent=2876"}],"wp:term":[{"taxonomy":"category","embeddable":true,"href":"https:\/\/blog.causeur.fr\/antidote\/wp-json\/wp\/v2\/categories?post=2876"},{"taxonomy":"post_tag","embeddable":true,"href":"https:\/\/blog.causeur.fr\/antidote\/wp-json\/wp\/v2\/tags?post=2876"}],"curies":[{"name":"wp","href":"https:\/\/api.w.org\/{rel}","templated":true}]}}