{"id":288,"date":"2009-05-22T06:00:26","date_gmt":"2009-05-22T05:00:26","guid":{"rendered":"http:\/\/carnet.causeur.fr\/antidote\/?p=288"},"modified":"2021-04-26T16:12:04","modified_gmt":"2021-04-26T14:12:04","slug":"quand-guillon-nest-plus-drole-du-tout","status":"publish","type":"post","link":"https:\/\/blog.causeur.fr\/antidote\/quand-guillon-nest-plus-drole-du-tout-288","title":{"rendered":"Quand Guillon n&#039;est plus dr\u00f4le du tout"},"content":{"rendered":"<p>Mardi matin, France Inter recevant Philippe de Villiers, l&rsquo;humoriste St\u00e9phane Guillon a consacr\u00e9 son billet quotidien au Pr\u00e9sident du MPF. Je dois avouer que Guillon me fait souvent rire. Mais il a parfois des baisses de forme. Apr\u00e8s tout, c&rsquo;est humain.<\/p>\n<p>Ainsi, il avait choisi la facilit\u00e9 en plagiant les Guignols de l&rsquo;Info d&rsquo;il y a quinze ans sur fonds de musique m\u00e9di\u00e9vale et les \u00ab\u00a0oy\u00e9, oy\u00e9\u00a0\u00bb qui vont avec. Jusque l\u00e0, on peut juste noter un manque d&rsquo;inspiration \u00e9vident. C&rsquo;est apr\u00e8s que \u00e7a se corse. St\u00e9phane Guillon a trouv\u00e9 intelligent d&rsquo;\u00e9voquer en termes choisis le drame familial que vit Philippe de Villiers. Je m&rsquo;en voudrais d&rsquo;\u00e9voquer le d\u00e9tail de cette malheureuse histoire. Ecrivons simplement qu&rsquo;il s&rsquo;agit d&rsquo;un \u00e9v\u00e8nement qu&rsquo;on ne souhaite pas \u00e0 la famille de son pire ennemi.<\/p>\n<p>Autant St\u00e9phane Guillon m&rsquo;avait bien fait rire <a href=\"http:\/\/carnet.causeur.fr\/antidote\/don-juan,00206\" target=\"_self\" rel=\"noopener\">en moquant les d\u00e9bordements donjuanesques de Dominique Strauss-Kahn<\/a>, autant \u00e9voquer une douloureuse affaire de famille provoque davantage du d\u00e9go\u00fbt et une furieuse envie de vomir. \u00ab\u00a0Ma limite, c&rsquo;est quand ce n&rsquo;est pas dr\u00f4le\u00a0\u00bb, avait d\u00e9clar\u00e9 l&rsquo;humoriste dans les \u00e9missions qui ont suivi l&rsquo;affaire Guillon-DSK. Comme j&rsquo;ai post\u00e9 la vid\u00e9o sous le billet, le lecteur se rendra compte par lui-m\u00eame combien le trublion de France Inter a d\u00e9pass\u00e9 all\u00e8grement le mur du \u00e7on.<\/p>\n<p>Et qu&rsquo;on ne compte pas sur la classe m\u00e9diatique pour soutenir Villiers. Plaindre DSK, \u00e7a peut le faire mais le Vicomte, pouah ! Je n&rsquo;ai pas, loin s&rsquo;en faut, d&rsquo;atomes crochus avec Philippe de Villiers. Faire campagne avec certains de ses comparses en 1999 fut un v\u00e9ritable chemin de croix ; son c\u00f4t\u00e9 \u00ab\u00a0flotteur droit de l&rsquo;UMP qui se r\u00e9veille pour les \u00e9lections europ\u00e9ennes\u00a0\u00bb m&rsquo;agace ; son all\u00e9geance \u00e0 l&rsquo;euro-atlantiste Libertas me r\u00e9vulse. Mais je d\u00e9plore ce genre d&rsquo;attaques sur la prog\u00e9niture des personnalit\u00e9s[1. Sauf lorsqu&rsquo;il s&rsquo;agit de personnalit\u00e9s elles-m\u00eames comme Martine Aubry ou Jean Sarkozy]. Ces enfants l\u00e0 n&rsquo;ont pas forc\u00e9ment choisi que leurs parents fassent de la politique. Et parfois m\u00eame, ils le subissent davantage qu&rsquo;autre chose. Je regrette tout autant qu&rsquo;il ne se trouve pas beaucoup de gens pour prendre la d\u00e9fense de Philippe de Villiers en ces circonstances. C&rsquo;est pourquoi, \u00e0 ma modeste mesure, je me suis aujourd&rsquo;hui permis de le faire.<\/p>\n<p>[daily]x9bxlt[\/daily]<\/p>\n<h6><span style=\"color: #ff0000\">Photo en Une : Capture \u00e9cran Cha\u00eene DailyMotion-France Inter<\/span><\/h6>\n","protected":false},"excerpt":{"rendered":"<p>Panne d&rsquo;inspiration vomitive<\/p>\n","protected":false},"author":10,"featured_media":0,"comment_status":"open","ping_status":"closed","sticky":false,"template":"","format":"standard","meta":{"footnotes":""},"categories":[5],"tags":[],"class_list":{"0":"post-288","1":"post","2":"type-post","3":"status-publish","4":"format-standard","6":"category-sulfate"},"_links":{"self":[{"href":"https:\/\/blog.causeur.fr\/antidote\/wp-json\/wp\/v2\/posts\/288","targetHints":{"allow":["GET"]}}],"collection":[{"href":"https:\/\/blog.causeur.fr\/antidote\/wp-json\/wp\/v2\/posts"}],"about":[{"href":"https:\/\/blog.causeur.fr\/antidote\/wp-json\/wp\/v2\/types\/post"}],"author":[{"embeddable":true,"href":"https:\/\/blog.causeur.fr\/antidote\/wp-json\/wp\/v2\/users\/10"}],"replies":[{"embeddable":true,"href":"https:\/\/blog.causeur.fr\/antidote\/wp-json\/wp\/v2\/comments?post=288"}],"version-history":[{"count":0,"href":"https:\/\/blog.causeur.fr\/antidote\/wp-json\/wp\/v2\/posts\/288\/revisions"}],"wp:attachment":[{"href":"https:\/\/blog.causeur.fr\/antidote\/wp-json\/wp\/v2\/media?parent=288"}],"wp:term":[{"taxonomy":"category","embeddable":true,"href":"https:\/\/blog.causeur.fr\/antidote\/wp-json\/wp\/v2\/categories?post=288"},{"taxonomy":"post_tag","embeddable":true,"href":"https:\/\/blog.causeur.fr\/antidote\/wp-json\/wp\/v2\/tags?post=288"}],"curies":[{"name":"wp","href":"https:\/\/api.w.org\/{rel}","templated":true}]}}