{"id":2884,"date":"2014-06-10T07:00:21","date_gmt":"2014-06-10T07:00:21","guid":{"rendered":"http:\/\/blog.causeur.fr\/antidote\/?p=2884"},"modified":"2021-04-26T16:10:28","modified_gmt":"2021-04-26T14:10:28","slug":"sarkozix-chez-les-helvetes","status":"publish","type":"post","link":"https:\/\/blog.causeur.fr\/antidote\/sarkozix-chez-les-helvetes-2884","title":{"rendered":"Sarkozix chez les Helv\u00e8tes"},"content":{"rendered":"<h3>La d\u00e9mocratie directe, c\u2019est pas son truc<\/h3>\n<p>&nbsp;<\/p>\n<p><a href=\"http:\/\/blog.causeur.fr\/antidote\/files\/2014\/06\/ast\u00e9rix-helv\u00e8tes.jpg\"><img loading=\"lazy\" decoding=\"async\" class=\"alignleft size-full wp-image-2885\" src=\"http:\/\/blog.causeur.fr\/antidote\/files\/2014\/06\/ast\u00e9rix-helv\u00e8tes.jpg\" alt=\"\" width=\"128\" height=\"167\" \/><\/a>Nicolas Sarkozy fait parler de lui en Suisse. Hier apr\u00e8s-midi, le quotidien helv\u00e9tique\u00a0<a href=\"http:\/\/www.lematin.ch\/suisse\/Adolf-Ogi-cloue-le-bec-de-Sarkozy\/story\/28988414\" target=\"_blank\" rel=\"noopener\"><em>Le Matin\u00a0<\/em>rapportait que l\u2019\u2019ancien pr\u00e9sident aurait eu des mots plus que d\u00e9sobligeants\u00a0<\/a>envers le syst\u00e8me politique de la Conf\u00e9d\u00e9ration, le qualifiant \u00ab\u00a0d\u2019inefficace\u00a0\u00bb et lui reprochant sa volont\u00e9 de ne pas int\u00e9grer l\u2019Union europ\u00e9enne. En fait, le scoop, \u00e0 l\u2019origine, n\u2019est pas du\u00a0<em>Matin<\/em>\u00a0mais du\u00a0<em>Sonntag Blicks<\/em>, hebdomadaire tr\u00e8s populaire du c\u00f4t\u00e9 de Berne. D\u2019apr\u00e8s le r\u00e9dacteur en chef d\u2019un autre journal suisse avec lequel j\u2019ai pu \u00e9changer,\u00a0<em>Le Matin<\/em>\u00a0n\u2019a pas laiss\u00e9 l\u2019occasion de titrer sur ce scoop, en faisant r\u00e9agir l\u2019un des protagonistes de la r\u00e9union organis\u00e9e sur les hauteurs d\u2019Interlaken.<!--more--><\/p>\n<p>Nicolas Sarkozy ayant demand\u00e9 que la presse et les journalistes de t\u00e9l\u00e9vision ne soient pas convi\u00e9s \u00e0 l\u2019\u00e9v\u00e9nement, il pensait\u00a0pouvoir parler librement. Il s\u2019est donc laiss\u00e9 aller \u00e0 ces consid\u00e9rations peu am\u00e8nes sur le syst\u00e8me politique suisse. S\u2019il n\u2019a pas explicitement attaqu\u00e9 la d\u00e9mocratie directe, v\u00e9ritable pilier de la d\u00e9mocratie suisse, le c\u0153ur y \u00e9tait. On sait en effet tr\u00e8s bien que sans elle, cela ferait belle lurette que les Suisses seraient membres de l\u2019UE, et peut-\u00eatre m\u00eame de l\u2019euro. On sait aussi la consid\u00e9ration que Nicolas Sarkozy porte aux consultations directes des peuples. Sur cette question, il a toujours \u00e9t\u00e9 plus proche de\u00a0<a href=\"http:\/\/www.causeur.fr\/rendez-vous-en-terre-inconnue-12955.html\">Jean Quatremer<\/a>\u00a0que de Patrick Buisson.<\/p>\n<p>Toujours est-il que cette intervention n\u2019a pas eu l\u2019heur de plaire \u00e0\u00a0 Adolf Ogi, ex-pr\u00e9sident de la Conf\u00e9d\u00e9ration, lequel lui aurait vertement\u00a0expliqu\u00e9 que la d\u00e9mocratie suisse n\u2019avait gu\u00e8re de le\u00e7ons \u00e0 recevoir en la mati\u00e8re. Il faut \u00e9galement tenir compte de la popularit\u00e9 d\u2019Adolf Ogi en Suisse, qui tranche avec le sentiment assez r\u00e9pandu l\u00e0-bas que les Fran\u00e7ais les prennent un peu de haut, alors que ce sont bien les Helv\u00e8tes qui habitent \u00e0 la montagne.<\/p>\n<p>Le papier du\u00a0<em>Matin<\/em>\u00a0a \u00e9videmment eu de l\u2019\u00e9cho en France. C\u2019est l\u00e0 que cela devient encore plus dr\u00f4le. Car on a assist\u00e9 \u00e0 un concert de sifflets sur les r\u00e9seaux sociaux contre Nicolas Sarkozy, qui a une nouvelle fois ridiculis\u00e9 la France \u00e0 l\u2019\u00e9tranger par son comportement \u00a0irrespectueux. Mais la plupart de ceux qui ont trouv\u00e9 l\u00e0 l\u2019occasion de se payer Sarkozy conspuaient il y a peu la d\u00e9mocratie directe suisse, qui permet \u00e0 ses citoyens de refuser des minarets ou de limiter l\u2019immigration. L\u2019antisarkozysme moutonnier a ceci d\u2019absurde que ses pratiquants s\u2019attaquent \u00e0 un Sarkozy en phase avec leurs convictions europ\u00e9ennes et leur aversion pour la souverainet\u00e9 de peuples forc\u00e9ment dangereux.<\/p>\n","protected":false},"excerpt":{"rendered":"<p>La d\u00e9mocratie directe, c\u2019est pas son truc &nbsp; Nicolas Sarkozy fait parler de lui en Suisse. Hier apr\u00e8s-midi, le quotidien helv\u00e9tique\u00a0Le Matin\u00a0rapportait que l\u2019\u2019ancien pr\u00e9sident aurait eu des mots plus que d\u00e9sobligeants\u00a0envers le syst\u00e8me politique de la Conf\u00e9d\u00e9ration, le qualifiant \u00ab\u00a0d\u2019inefficace\u00a0\u00bb et lui reprochant sa volont\u00e9 de ne pas int\u00e9grer l\u2019Union europ\u00e9enne. En fait, le [&hellip;]<\/p>\n","protected":false},"author":10,"featured_media":0,"comment_status":"open","ping_status":"open","sticky":false,"template":"","format":"standard","meta":{"footnotes":""},"categories":[5],"tags":[],"class_list":{"0":"post-2884","1":"post","2":"type-post","3":"status-publish","4":"format-standard","6":"category-sulfate"},"_links":{"self":[{"href":"https:\/\/blog.causeur.fr\/antidote\/wp-json\/wp\/v2\/posts\/2884","targetHints":{"allow":["GET"]}}],"collection":[{"href":"https:\/\/blog.causeur.fr\/antidote\/wp-json\/wp\/v2\/posts"}],"about":[{"href":"https:\/\/blog.causeur.fr\/antidote\/wp-json\/wp\/v2\/types\/post"}],"author":[{"embeddable":true,"href":"https:\/\/blog.causeur.fr\/antidote\/wp-json\/wp\/v2\/users\/10"}],"replies":[{"embeddable":true,"href":"https:\/\/blog.causeur.fr\/antidote\/wp-json\/wp\/v2\/comments?post=2884"}],"version-history":[{"count":0,"href":"https:\/\/blog.causeur.fr\/antidote\/wp-json\/wp\/v2\/posts\/2884\/revisions"}],"wp:attachment":[{"href":"https:\/\/blog.causeur.fr\/antidote\/wp-json\/wp\/v2\/media?parent=2884"}],"wp:term":[{"taxonomy":"category","embeddable":true,"href":"https:\/\/blog.causeur.fr\/antidote\/wp-json\/wp\/v2\/categories?post=2884"},{"taxonomy":"post_tag","embeddable":true,"href":"https:\/\/blog.causeur.fr\/antidote\/wp-json\/wp\/v2\/tags?post=2884"}],"curies":[{"name":"wp","href":"https:\/\/api.w.org\/{rel}","templated":true}]}}