{"id":2887,"date":"2014-06-20T10:06:41","date_gmt":"2014-06-20T10:06:41","guid":{"rendered":"http:\/\/blog.causeur.fr\/antidote\/?p=2887"},"modified":"2021-04-26T16:10:28","modified_gmt":"2021-04-26T14:10:28","slug":"parlement-europeen-pas-facile-de-rester-groupir","status":"publish","type":"post","link":"https:\/\/blog.causeur.fr\/antidote\/parlement-europeen-pas-facile-de-rester-groupir-2887","title":{"rendered":"Parlement europ\u00e9en : pas facile de rester groupir !"},"content":{"rendered":"<h3>Farage 1 Le Pen 0<\/h3>\n<p><a href=\"http:\/\/blog.causeur.fr\/antidote\/files\/2014\/06\/Nigel_Farage.jpg\"><img loading=\"lazy\" decoding=\"async\" class=\"alignleft size-full wp-image-2888\" src=\"http:\/\/blog.causeur.fr\/antidote\/files\/2014\/06\/Nigel_Farage.jpg\" alt=\"\" width=\"220\" height=\"330\" srcset=\"https:\/\/blog.causeur.fr\/antidote\/wp-content\/uploads\/sites\/9\/2014\/06\/Nigel_Farage.jpg 220w, https:\/\/blog.causeur.fr\/antidote\/wp-content\/uploads\/sites\/9\/2014\/06\/Nigel_Farage-200x300.jpg 200w\" sizes=\"auto, (max-width: 220px) 100vw, 220px\" \/><\/a>Alors que la semaine derni\u00e8re Giovanna Pancheri, une correspondante d\u2019un m\u00e9dia italien \u00e0 Bruxelles annon\u00e7ait sur twitter la formation d\u2019un groupe au Parlement europ\u00e9en par Marine Le Pen, il s\u2019av\u00e8re aujourd\u2019hui qu\u2019elle a \u00e9t\u00e9 devanc\u00e9e par son d\u00e9sormais adversaire eurosceptique, le britannique Nigel Farage. C\u2019est en effet le leader de l\u2019UKIP qui a annonc\u00e9 hier la formation de son groupe \u00e0 Strasbourg.<!--more--><\/p>\n<p>Notre cons\u0153ur avait un peu pr\u00e9cipitamment attribu\u00e9 \u00e0 Marine Le Pen le renfort de deux d\u00e9put\u00e9s lituaniens du Partija Tvarka ir Teisingumas lesquels, en fait, n\u2019avaient que tr\u00e8s peu de chances de manquer \u00e0 Farage. Avec ces derniers, son propre parti, mais aussi le Mouvement 5 \u00e9toiles de Beppe Grillo, une Lettone du ZZS-LZS, deux Su\u00e9dois du SD, et un Tch\u00e8que du SSO, il en manquait \u00e0 son groupe, l\u2019ALD, une seule nationalit\u00e9 pour \u00eatre officiellement constitu\u00e9. Et c\u2019est l\u00e0 que la patronne du FN doit l\u2019avoir mauvaise puisque c\u2019est parmi les \u00e9lus du FN que le taquin Farage est all\u00e9 trouver son bonheur.<\/p>\n<p>Jo\u00eblle Bergeron qui \u00e9tait sur la liste mariniste de la circonscription Ouest s\u2019\u00e9tait fait conna\u00eetre pendant la campagne pour avoir expliqu\u00e9 qu\u2019elle \u00e9tait favorable au droit de vote des \u00e9trangers aux \u00e9lections locales. Elle avait \u00e9t\u00e9 imm\u00e9diatement d\u00e9savou\u00e9e en haut lieu et invit\u00e9e, aussit\u00f4t \u00e9lue, \u00e0 d\u00e9missionner pour laisser la place \u00e0 un suivant de liste plus conforme \u00e0 la ligne du parti.<\/p>\n<p>Non seulement Jo\u00eblle Bergeron n\u2019a pas ob\u00e9i \u00e0 l\u2019injonction mais elle a rejoint Farage, v\u00e9ritable camouflet pour Marine Le Pen qui, elle, n\u2019a toujours pas pu constituer de groupe. Rien ne dit qu\u2019elle y parviendra finalement puisque les n\u00e9gociations s\u2019\u00e9ternisent. Il semble que le renfort \u00e9ventuel du KNP polonais ne soit pas du go\u00fbt de l\u2019alli\u00e9 Wilders. Pour l\u2019instant, Farage m\u00e8ne 1 \u00e0 0. Et m\u00eame si Marine Le Pen parvient \u00e0 \u00e9galiser sur le fil, les Anglais auront emport\u00e9 une bataille. Suffira-ce \u00e0 les consoler du Mondial\u00a0?<\/p>\n","protected":false},"excerpt":{"rendered":"<p>Farage 1 Le Pen 0 Alors que la semaine derni\u00e8re Giovanna Pancheri, une correspondante d\u2019un m\u00e9dia italien \u00e0 Bruxelles annon\u00e7ait sur twitter la formation d\u2019un groupe au Parlement europ\u00e9en par Marine Le Pen, il s\u2019av\u00e8re aujourd\u2019hui qu\u2019elle a \u00e9t\u00e9 devanc\u00e9e par son d\u00e9sormais adversaire eurosceptique, le britannique Nigel Farage. C\u2019est en effet le leader de [&hellip;]<\/p>\n","protected":false},"author":10,"featured_media":0,"comment_status":"open","ping_status":"open","sticky":false,"template":"","format":"standard","meta":{"footnotes":""},"categories":[4],"tags":[],"class_list":{"0":"post-2887","1":"post","2":"type-post","3":"status-publish","4":"format-standard","6":"category-oxygene"},"_links":{"self":[{"href":"https:\/\/blog.causeur.fr\/antidote\/wp-json\/wp\/v2\/posts\/2887","targetHints":{"allow":["GET"]}}],"collection":[{"href":"https:\/\/blog.causeur.fr\/antidote\/wp-json\/wp\/v2\/posts"}],"about":[{"href":"https:\/\/blog.causeur.fr\/antidote\/wp-json\/wp\/v2\/types\/post"}],"author":[{"embeddable":true,"href":"https:\/\/blog.causeur.fr\/antidote\/wp-json\/wp\/v2\/users\/10"}],"replies":[{"embeddable":true,"href":"https:\/\/blog.causeur.fr\/antidote\/wp-json\/wp\/v2\/comments?post=2887"}],"version-history":[{"count":0,"href":"https:\/\/blog.causeur.fr\/antidote\/wp-json\/wp\/v2\/posts\/2887\/revisions"}],"wp:attachment":[{"href":"https:\/\/blog.causeur.fr\/antidote\/wp-json\/wp\/v2\/media?parent=2887"}],"wp:term":[{"taxonomy":"category","embeddable":true,"href":"https:\/\/blog.causeur.fr\/antidote\/wp-json\/wp\/v2\/categories?post=2887"},{"taxonomy":"post_tag","embeddable":true,"href":"https:\/\/blog.causeur.fr\/antidote\/wp-json\/wp\/v2\/tags?post=2887"}],"curies":[{"name":"wp","href":"https:\/\/api.w.org\/{rel}","templated":true}]}}