{"id":2890,"date":"2014-06-24T09:59:31","date_gmt":"2014-06-24T09:59:31","guid":{"rendered":"http:\/\/blog.causeur.fr\/antidote\/?p=2890"},"modified":"2021-04-26T16:10:28","modified_gmt":"2021-04-26T14:10:28","slug":"crise-a-lump-on-a-deja-trouve-un-coupable","status":"publish","type":"post","link":"https:\/\/blog.causeur.fr\/antidote\/crise-a-lump-on-a-deja-trouve-un-coupable-2890","title":{"rendered":"Crise \u00e0 l\u2019UMP : on a d\u00e9j\u00e0 trouv\u00e9 un coupable"},"content":{"rendered":"<h3>En excluant Lavrilleux, Jupp\u00e9 se couvre de ridicule<\/h3>\n<p><a href=\"http:\/\/blog.causeur.fr\/antidote\/files\/2014\/06\/erome_lavrilleux.jpg\"><img loading=\"lazy\" decoding=\"async\" class=\"alignleft size-medium wp-image-2891\" src=\"http:\/\/blog.causeur.fr\/antidote\/files\/2014\/06\/erome_lavrilleux-300x165.jpg\" alt=\"\" width=\"300\" height=\"165\" srcset=\"https:\/\/blog.causeur.fr\/antidote\/wp-content\/uploads\/sites\/9\/2014\/06\/erome_lavrilleux-300x165.jpg 300w, https:\/\/blog.causeur.fr\/antidote\/wp-content\/uploads\/sites\/9\/2014\/06\/erome_lavrilleux.jpg 662w\" sizes=\"auto, (max-width: 300px) 100vw, 300px\" \/><\/a>Aujourd\u2019hui, le bureau politique de l\u2019UMP devrait\u00a0lancer\u00a0une proc\u00e9dure d\u2019exclusion contre J\u00e9r\u00f4me\u00a0Lavrilleux. Aussit\u00f4t install\u00e9e, la tro\u00efka d\u2019anciens h\u00f4tes de Matignon, aid\u00e9e par Luc Chatel, ne fait pas dans la demi-mesure. Voil\u00e0 un homme qui s\u2019est d\u00e9vou\u00e9 corps et \u00e2me pour son parti, qui explique avoir couvert des agissements ill\u00e9gaux dans l\u2019int\u00e9r\u00eat du candidat Sarkozy, qu\u2019il refuse de mouiller ainsi que Jean-Fran\u00e7ois Cop\u00e9, et qui va se faire ex\u00e9cuter par les siens avant m\u00eame que la Justice ait rendu son verdict. <!--more-->Voil\u00e0 un homme qui est all\u00e9 expliquer tout ceci \u00e0 la t\u00e9l\u00e9vision, ce qui a pr\u00e9cipit\u00e9 la d\u00e9ch\u00e9ance de son chef et ami Cop\u00e9, et donc l\u2019installation de ladite Tro\u00efka, qui lui doit donc beaucoup.<\/p>\n<p>J\u2019ai bien \u00e9cout\u00e9 Luc Ch\u00e2tel, dimanche sur Europe 1. Selon le nouveau bras\u00a0arm\u00e9 de la Tro\u00efka, que les sarkop\u00e9istes ont souhait\u00e9 imposer \u00e0\u00a0 cette derni\u00e8re (ils doivent d\u00e9j\u00e0 s\u2019en mordre les doigts\u00a0!), les aveux m\u00e9diatiques de Lavrilleux justifient une exclusion, avant m\u00eame que la justice ne passe.<\/p>\n<p>Examinons la position\u00a0des\u00a0membres de la Tro\u00efka. Fillon veut se payer Lavrilleux en souvenir de l\u2019hiver 2012. Souvenons-nous de cet \u00e9pisode extraordinaire o\u00f9 le directeur de cabinet de Cop\u00e9 avait \u2013en direct\u00a0sur les cha\u00eenes d\u2019info- assum\u00e9 le putsch en expliquant grosso modo que les fillonistes avaient tellement bourr\u00e9 les urnes dans les Alpes-maritimes qu\u2019on pouvait tenir pour quantit\u00e9 n\u00e9gligeable l\u2019oubli de scrutins ultramarins. Il suffit d\u2019avoir vu la mine atterr\u00e9e d\u2019une tr\u00e8s proche de Fran\u00e7ois Fillon quand on \u00e9voque le nom de Lavrilleux pour \u00eatre convaincu des sentiments hostiles que cet homme d\u00e9clenche dans son camp. Passons sur Jean-Pierre Raffarin qui veut bien exclure ou inclure n\u2019importe qui du moment qu\u2019on ne d\u00e9range pas son petit chemin vers la pr\u00e9sidence du S\u00e9nat et attardons-nous sur le cas d\u2019Alain Jupp\u00e9. On accuse souvent le maire de Bordeaux de manquer d\u2019humour. Quand il annonce vouloir exclure Lavrilleux, rendons-lui justice, il n\u2019en manque assur\u00e9ment pas. Car la figure de celui qui se sacrifie pour le chef et assume les agissements ill\u00e9gaux, jusqu\u2019\u00e0 ce que Lavrilleux d\u00e9cide de la jouer avec plus ou moins de talent, jusqu\u2019ici, par qui \u00e9tait-elle incarn\u00e9e \u00e0 droite\u00a0?<\/p>\n<p>Si on suit la logique de la nouvelle\u00a0direction\u00a0de l\u2019UMP, attendre que les magistrats d\u00e9clarent Alain Jupp\u00e9\u00a0coupable\u00a0de d\u00e9lits dans l\u2019affaire\u00a0des emplois\u00a0fictifs de la mairie de Paris, c\u2019\u00e9tait une faute\u00a0? Il aurait fallu, d\u00e9s les premiers soup\u00e7ons, lui montrer la direction de la porte de son parti, alors que le principal coupable \u00e9tait \u00e0 l\u2019Elys\u00e9e\u00a0? Jupp\u00e9 resta m\u00eame pr\u00e9sident de l\u2019UMP jusqu\u2019\u00e0 cette condamnation. L\u00e0 encore, il s\u2019agissait de contourner les lois sur le financement de la vie politique\u00a0; l\u00e0 encore, il s\u2019agissait de ne pas faire tomber celui \u00e0 qui profitait le d\u00e9lit. Le ridicule ne tuera donc pas Alain Jupp\u00e9, rassurons-nous, comme il ne sera pas fatal \u00e0 Geoffroy Didier qui, en pleine affaire\u00a0Bygmalion, a cru bon de donner des le\u00e7ons de bonne gestion de l\u2019argent public aux syndicats. Pour couronner le tout, il ne manquerait plus que Jean-Fran\u00e7ois Cop\u00e9 d\u00e9pose une proposition de loi sur la moralisation du financement des partis politiques\u2026<\/p>\n","protected":false},"excerpt":{"rendered":"<p>En excluant Lavrilleux, Jupp\u00e9 se couvre de ridicule Aujourd\u2019hui, le bureau politique de l\u2019UMP devrait\u00a0lancer\u00a0une proc\u00e9dure d\u2019exclusion contre J\u00e9r\u00f4me\u00a0Lavrilleux. Aussit\u00f4t install\u00e9e, la tro\u00efka d\u2019anciens h\u00f4tes de Matignon, aid\u00e9e par Luc Chatel, ne fait pas dans la demi-mesure. Voil\u00e0 un homme qui s\u2019est d\u00e9vou\u00e9 corps et \u00e2me pour son parti, qui explique avoir couvert des agissements [&hellip;]<\/p>\n","protected":false},"author":10,"featured_media":0,"comment_status":"open","ping_status":"open","sticky":false,"template":"","format":"standard","meta":{"footnotes":""},"categories":[5],"tags":[],"class_list":{"0":"post-2890","1":"post","2":"type-post","3":"status-publish","4":"format-standard","6":"category-sulfate"},"_links":{"self":[{"href":"https:\/\/blog.causeur.fr\/antidote\/wp-json\/wp\/v2\/posts\/2890","targetHints":{"allow":["GET"]}}],"collection":[{"href":"https:\/\/blog.causeur.fr\/antidote\/wp-json\/wp\/v2\/posts"}],"about":[{"href":"https:\/\/blog.causeur.fr\/antidote\/wp-json\/wp\/v2\/types\/post"}],"author":[{"embeddable":true,"href":"https:\/\/blog.causeur.fr\/antidote\/wp-json\/wp\/v2\/users\/10"}],"replies":[{"embeddable":true,"href":"https:\/\/blog.causeur.fr\/antidote\/wp-json\/wp\/v2\/comments?post=2890"}],"version-history":[{"count":0,"href":"https:\/\/blog.causeur.fr\/antidote\/wp-json\/wp\/v2\/posts\/2890\/revisions"}],"wp:attachment":[{"href":"https:\/\/blog.causeur.fr\/antidote\/wp-json\/wp\/v2\/media?parent=2890"}],"wp:term":[{"taxonomy":"category","embeddable":true,"href":"https:\/\/blog.causeur.fr\/antidote\/wp-json\/wp\/v2\/categories?post=2890"},{"taxonomy":"post_tag","embeddable":true,"href":"https:\/\/blog.causeur.fr\/antidote\/wp-json\/wp\/v2\/tags?post=2890"}],"curies":[{"name":"wp","href":"https:\/\/api.w.org\/{rel}","templated":true}]}}