{"id":29,"date":"2008-10-14T16:54:15","date_gmt":"2008-10-14T15:54:15","guid":{"rendered":"http:\/\/carnet.causeur.fr\/antidote\/?p=29"},"modified":"2021-04-26T16:12:18","modified_gmt":"2021-04-26T14:12:18","slug":"europeen-en-peau-de-lapin","status":"publish","type":"post","link":"https:\/\/blog.causeur.fr\/antidote\/europeen-en-peau-de-lapin-29","title":{"rendered":"Europ\u00e9en en peau de lapin"},"content":{"rendered":"<p>Marina Petrella ne sera pas extrad\u00e9e en Italie. C&rsquo;est Madame Sarkozy elle-m\u00eame qui l&rsquo;a annonc\u00e9 \u00e0 la concern\u00e9e. Outre que tout cela para\u00eet peu coh\u00e9rent apr\u00e8s la remise en cellule de Jean-Marc Rouillan, cela pose quand un m\u00eame un probl\u00e8me : comment tout ce que Paris peut compter en eurol\u00e2tres proclam\u00e9s parvient-il \u00e0 assumer une telle d\u00e9cision ?<\/p>\n<p>Car, enfin, comment peut-on s\u00e9rieusement demander sans cesse l&rsquo;Europe politique, l&rsquo;Europe de la coop\u00e9ration polici\u00e8re et, surtout, l&rsquo;Europe de la Justice lorsque l&rsquo;on se d\u00e9fie ainsi des institutions judiciaires de la R\u00e9publique italienne, membre fondateur avec la France et d&rsquo;autres de la Communaut\u00e9 Europ\u00e9enne ? La Justice italienne est-elle \u00e0 ce point liberticide ? Si c&rsquo;est le cas, il faut d&rsquo;urgence demander son expulsion de l&rsquo;UE sans tarder. Soyons s\u00e9rieux. L&rsquo;Italie poss\u00e8de une justice qui vaut bien la n\u00f4tre. Et l&rsquo;Italie a le droit de consid\u00e9rer que les Brigades Rouges valent bien Action Directe. Elles valent m\u00eame davantage en terme de d\u00e9c\u00e8s provoqu\u00e9s.<\/p>\n<p>Les \u00e9lections europ\u00e9ennes approchent. Il est acquis que j&rsquo;aurai \u00e0 mener campagne pour des listes qui seront tax\u00e9es d&rsquo;anti-europ\u00e9ennes par ceux l\u00e0 m\u00eame qui, aujourd&rsquo;hui, de l&rsquo;UMP ou du PS, soutiennent cette d\u00e9cision. Il va de soi que nous leur rappellerons cet \u00e9pisode le moment venu.<\/p>\n","protected":false},"excerpt":{"rendered":"<p>Marina Petrella ne sera pas extrad\u00e9e en Italie. C&rsquo;est Madame Sarkozy elle-m\u00eame qui l&rsquo;a annonc\u00e9 \u00e0 la concern\u00e9e. Outre que tout cela para\u00eet peu coh\u00e9rent apr\u00e8s la remise en cellule de Jean-Marc Rouillan, cela pose quand un m\u00eame un probl\u00e8me : comment tout ce que Paris peut compter en eurol\u00e2tres proclam\u00e9s parvient-il \u00e0 assumer une [&hellip;]<\/p>\n","protected":false},"author":10,"featured_media":0,"comment_status":"open","ping_status":"closed","sticky":false,"template":"","format":"standard","meta":{"footnotes":""},"categories":[4],"tags":[],"class_list":{"0":"post-29","1":"post","2":"type-post","3":"status-publish","4":"format-standard","6":"category-oxygene"},"_links":{"self":[{"href":"https:\/\/blog.causeur.fr\/antidote\/wp-json\/wp\/v2\/posts\/29","targetHints":{"allow":["GET"]}}],"collection":[{"href":"https:\/\/blog.causeur.fr\/antidote\/wp-json\/wp\/v2\/posts"}],"about":[{"href":"https:\/\/blog.causeur.fr\/antidote\/wp-json\/wp\/v2\/types\/post"}],"author":[{"embeddable":true,"href":"https:\/\/blog.causeur.fr\/antidote\/wp-json\/wp\/v2\/users\/10"}],"replies":[{"embeddable":true,"href":"https:\/\/blog.causeur.fr\/antidote\/wp-json\/wp\/v2\/comments?post=29"}],"version-history":[{"count":0,"href":"https:\/\/blog.causeur.fr\/antidote\/wp-json\/wp\/v2\/posts\/29\/revisions"}],"wp:attachment":[{"href":"https:\/\/blog.causeur.fr\/antidote\/wp-json\/wp\/v2\/media?parent=29"}],"wp:term":[{"taxonomy":"category","embeddable":true,"href":"https:\/\/blog.causeur.fr\/antidote\/wp-json\/wp\/v2\/categories?post=29"},{"taxonomy":"post_tag","embeddable":true,"href":"https:\/\/blog.causeur.fr\/antidote\/wp-json\/wp\/v2\/tags?post=29"}],"curies":[{"name":"wp","href":"https:\/\/api.w.org\/{rel}","templated":true}]}}