{"id":290,"date":"2009-05-24T13:10:13","date_gmt":"2009-05-24T12:10:13","guid":{"rendered":"http:\/\/carnet.causeur.fr\/antidote\/?p=290"},"modified":"2021-04-26T16:12:04","modified_gmt":"2021-04-26T14:12:04","slug":"entre-gens-de-bonne-compagnie","status":"publish","type":"post","link":"https:\/\/blog.causeur.fr\/antidote\/entre-gens-de-bonne-compagnie-290","title":{"rendered":"Entre gens de bonne compagnie"},"content":{"rendered":"<p>Demain soir, Yves Calvi consacre son \u00e9mission \u00ab\u00a0Mots crois\u00e9s\u00a0\u00bb aux \u00e9lections europ\u00e9ennes. Je viens de l&rsquo;apprendre par une bande-annonce. Celle-ci pose la question \u00ab\u00a0tarte \u00e0 la cr\u00e8me\u00a0\u00bb : pourquoi diable les Fran\u00e7ais ne s&rsquo;int\u00e9ressent-ils pas \u00e0 ce scrutin qui va tout de m\u00eame avoir lieu dans moins de deux semaines ?<\/p>\n<p>La r\u00e9ponse \u00e0 la question, on l&rsquo;a l&rsquo;instant d&rsquo;apr\u00e8s, puisque pendant qu&rsquo;Yves Calvi annonce que ce d\u00e9bat aura lieu en pr\u00e9sence des repr\u00e9sentants des \u00ab\u00a0principales formations\u00a0\u00bb, apparaissent successivement les bobines de Michel Barnier, Harlem D\u00e9sir, Marielle de Sarnez et Daniel Cohn-Bendit[1. Respectivement de l&rsquo;UMP, du PS, du MoDem et d&rsquo;Europe-Ecologie]. Que des partisans du OUI \u00e0 la constitution europ\u00e9enne refus\u00e9e par les Fran\u00e7ais et rebaptis\u00e9e Trait\u00e9 de Lisbonne, donc. Dans un souci de pr\u00e9cision, alors que je me pr\u00e9cipitais pour r\u00e9diger ce billet d&rsquo;humeur, je me suis rendu sur <a href=\"http:\/\/mots-croises.france2.fr\/54585795-fr.php\" target=\"_blank\" rel=\"noopener\">le site internet de l&rsquo;\u00e9mission<\/a> afin de voir si la bande-annonce n&rsquo;oubliait pas d&rsquo;autres participants \u00e9ventuels au \u00ab\u00a0d\u00e9bat\u00a0\u00bb. Je n&rsquo;ai pas \u00e9t\u00e9 d\u00e9\u00e7u de mon voyage sur le Net : Aux quatre cit\u00e9s plus haut, s&rsquo;ajoutent Jean Quatremer, journaliste blogueur militant du Oui au TCE, Alexandre Adler, partisan du Oui, et Claude Askolovitch, qui n&rsquo;a jamais cach\u00e9 ses penchants oui-ouistes non plus. J&rsquo;allais oublier Brice Teinturier, dont le m\u00e9tier consiste \u00e0 sonder les Fran\u00e7ais, c&rsquo;est \u00e0 dire \u00e0 expliquer pourquoi les \u00e9lecteurs du Oui l&rsquo;ont fait pour de bonnes raisons, et surtout pourquoi les autres ont si mal vot\u00e9 en 2005.<\/p>\n<p>Mais je n&rsquo;\u00e9tais pas au bout de mes surprises. Sentant bien que le d\u00e9bat risquerait de manquer de piquant entre ces gens qui votent tous les m\u00eames trait\u00e9s et qui se battent juste pour savoir qui de Barroso, Rasmussen ou Monti va continuer de faire triompher la concurrence libre et non fauss\u00e9e, France 2 s&rsquo;est permis une petite folie. Le site de \u00ab\u00a0Mots crois\u00e9s\u00a0\u00bb annonce la participation de Nathalie Arthaud et de Nicolas Dupont-Aignan, <a href=\"http:\/\/carnet.causeur.fr\/antidote\/voir-leurope-en-mauve,00281\" target=\"_self\" rel=\"noopener\">le candidat qui a ma pr\u00e9f\u00e9rence<\/a>. Non, vous ne r\u00eavez pas ! Seulement voil\u00e0, pour ces deux l\u00e0, il est fi\u00e8rement (?) pr\u00e9cis\u00e9 : \u00ab\u00a0Et en duplex\u00a0\u00bb&#8230; Quand m\u00eame, on n&rsquo;allait pas les inviter \u00e0 s&rsquo;asseoir sur le plateau, ces manants. Qu&rsquo;ils s&rsquo;estiment d\u00e9j\u00e0 heureux qu&rsquo;on leur laisse quelques miettes[2. Peut-\u00eatre d&rsquo;ailleurs une mani\u00e8re de ne pas les inviter plus tard dans le grand d\u00e9bat entre t\u00eates de listes dans la derni\u00e8re semaine avant le scrutin ?]. On leur donnera donc la parole pour se donner bonne conscience. Mais on ne leur laissera pas longtemps. Quand le duplex sera coup\u00e9, les quatre autres pourront railler les archa\u00efques anti-europ\u00e9ens, ceux-ci ne pourront plus r\u00e9pondre. Que c&rsquo;est beau la d\u00e9mocratie en 2009 !<\/p>\n<p>Que devaient faire Nathalie Arthaud et Nicolas Dupont-Aignan ? Refuser de participer \u00e0 cette parodie de d\u00e9bat ? Difficile : on les convie si peu et, de plus, M\u00e9lenchon et Villiers pourraient les remplacer au pied lev\u00e9. Pourtant, laisser tous ces partisans de l&rsquo;Europe rejet\u00e9e par les Fran\u00e7ais discutailler entre eux, entre gens de bonne compagnie, aurait bien symbolis\u00e9 l&rsquo;\u00e9tat dans lequel se trouvent L&rsquo;Europe, la D\u00e9mocratie, notre service public de t\u00e9l\u00e9vision et nos \u00e9lites en g\u00e9n\u00e9ral. Un conseil amical aux \u00ab\u00a0duplex\u00e9s\u00a0\u00bb : mettez vous d&rsquo;accord ; au dernier moment, dites en direct \u00e0 Calvi que vous trouvez ce duplex humiliant, et demandez \u00e0 tous les autres s&rsquo;il ne serait pas plus simple d&rsquo;interdire leurs listes le 7 juin.<\/p>\n","protected":false},"excerpt":{"rendered":"<p>France 2 ne m\u00e9lange pas torchons du Non et serviettes du Oui.<\/p>\n","protected":false},"author":10,"featured_media":0,"comment_status":"open","ping_status":"closed","sticky":false,"template":"","format":"standard","meta":{"footnotes":""},"categories":[5],"tags":[],"class_list":{"0":"post-290","1":"post","2":"type-post","3":"status-publish","4":"format-standard","6":"category-sulfate"},"_links":{"self":[{"href":"https:\/\/blog.causeur.fr\/antidote\/wp-json\/wp\/v2\/posts\/290","targetHints":{"allow":["GET"]}}],"collection":[{"href":"https:\/\/blog.causeur.fr\/antidote\/wp-json\/wp\/v2\/posts"}],"about":[{"href":"https:\/\/blog.causeur.fr\/antidote\/wp-json\/wp\/v2\/types\/post"}],"author":[{"embeddable":true,"href":"https:\/\/blog.causeur.fr\/antidote\/wp-json\/wp\/v2\/users\/10"}],"replies":[{"embeddable":true,"href":"https:\/\/blog.causeur.fr\/antidote\/wp-json\/wp\/v2\/comments?post=290"}],"version-history":[{"count":0,"href":"https:\/\/blog.causeur.fr\/antidote\/wp-json\/wp\/v2\/posts\/290\/revisions"}],"wp:attachment":[{"href":"https:\/\/blog.causeur.fr\/antidote\/wp-json\/wp\/v2\/media?parent=290"}],"wp:term":[{"taxonomy":"category","embeddable":true,"href":"https:\/\/blog.causeur.fr\/antidote\/wp-json\/wp\/v2\/categories?post=290"},{"taxonomy":"post_tag","embeddable":true,"href":"https:\/\/blog.causeur.fr\/antidote\/wp-json\/wp\/v2\/tags?post=290"}],"curies":[{"name":"wp","href":"https:\/\/api.w.org\/{rel}","templated":true}]}}