{"id":2901,"date":"2014-07-22T10:00:09","date_gmt":"2014-07-22T10:00:09","guid":{"rendered":"http:\/\/blog.causeur.fr\/antidote\/?p=2901"},"modified":"2021-04-26T16:10:28","modified_gmt":"2021-04-26T14:10:28","slug":"affaire-taubira-vers-un-crime-darriere-pensee","status":"publish","type":"post","link":"https:\/\/blog.causeur.fr\/antidote\/affaire-taubira-vers-un-crime-darriere-pensee-2901","title":{"rendered":"Affaire Taubira : vers un crime d\u2019arri\u00e8re-pens\u00e9e"},"content":{"rendered":"<h3>Contre le FN, Ubu juge a frapp\u00e9 \u00e0 Cayenne<\/h3>\n<p>&nbsp;<\/p>\n<p><a href=\"http:\/\/blog.causeur.fr\/antidote\/files\/2014\/07\/taubira.jpg\"><img loading=\"lazy\" decoding=\"async\" class=\"alignleft size-medium wp-image-2902\" src=\"http:\/\/blog.causeur.fr\/antidote\/files\/2014\/07\/taubira-200x300.jpg\" alt=\"\" width=\"200\" height=\"300\" srcset=\"https:\/\/blog.causeur.fr\/antidote\/wp-content\/uploads\/sites\/9\/2014\/07\/taubira-200x300.jpg 200w, https:\/\/blog.causeur.fr\/antidote\/wp-content\/uploads\/sites\/9\/2014\/07\/taubira.jpg 220w\" sizes=\"auto, (max-width: 200px) 100vw, 200px\" \/><\/a><a href=\"http:\/\/www.causeur.fr\/affaire-taubira-juger-ou-militer-il-faut-choisir-28572.html\">Gr\u00e2ce \u00e0 notre ami R\u00e9gis de Castelnau<\/a>, les lecteurs de Causeur ont pu se faire une id\u00e9e claire de la proc\u00e9dure qui a amen\u00e9 \u00e0 la condamnation d\u2019Anne-Sophie Lecl\u00e8re et du Front national par le tribunal correctionnel de Cayenne. Son brillant article a apport\u00e9 quelques \u00e9l\u00e9ments politiques sur lesquels il est utile de rebondir.<\/p>\n<p>En premier lieu, dissipons tout malentendu. Les propos de cette dame sont abjects en sus d\u2019\u00eatre cr\u00e9tins. Comme le sugg\u00e8re R\u00e9gis, une citation \u00e0 compara\u00eetre par un procureur ardennais aurait \u00e9t\u00e9 plus logique et je n\u2019aurais pas \u00e9t\u00e9 personnellement choqu\u00e9 par une lourde peine d\u2019in\u00e9ligibilit\u00e9. Mais les conditions de la condamnation prononc\u00e9e \u00e0 Cayenne et <a href=\"http:\/\/www.liberation.fr\/societe\/2014\/07\/17\/taubira-comparee-a-un-singe-les-attendus-du-jugement_1065338\">les attendus sid\u00e9rants du jugement, publi\u00e9s par <em>Lib\u00e9ration<\/em><\/a>, motivent \u00e9galement la r\u00e9volte de tout citoyen attach\u00e9 aux libert\u00e9s publiques.<\/p>\n<p>Que se passe-t-il d\u2019habitude lorsque des faits, des paroles racistes ou jug\u00e9es comme telles sont relev\u00e9es\u00a0? Soit un procureur se saisit de l\u2019affaire, soit une ou plusieurs association(s) connue(s) de tous d\u00e9pose(nt) plainte. Dans le premier cas, les associations en question sont souvent parties civiles au proc\u00e8s. En g\u00e9n\u00e9ral, tout cela se termine \u00e0 la fameuse XVIIe chambre de Paris. En l\u2019occurrence, dans cette affaire, o\u00f9 le d\u00e9lit de provocation \u00e0 la haine raciale est a priori davantage constitu\u00e9 \u2013\u00f4 combien-\u00a0 que dans d\u2019autres scandales comme celui provoqu\u00e9 par les propos d\u2019Eric Zemmour sur les contr\u00f4les d\u2019identit\u00e9[1. Rappelons que le journaliste a \u00e9t\u00e9 relax\u00e9 sur cette d\u00e9claration et que c\u2019est sur une autre parole, prononc\u00e9e sur un autre plateau qu\u2019il a \u00e9t\u00e9 condamn\u00e9, non pas pour provocation \u00e0 la haine raciale mais pour provocation \u00e0 la discrimination.], SOS Racisme, la LICRA et le MRAP ont \u00e9t\u00e9 curieusement absents. Pourquoi\u00a0? L\u2019affaire n\u2019en valait-elle pas le coup\u00a0? Ce n\u2019est pourtant pas ce que Dominique Sopo, invit\u00e9 jeudi sur Europe 1, sugg\u00e9rait. S\u2019est-il abstenu pour laisser le terrain libre \u00e0 l\u2019association guyanaise\u00a0Walwari ? On peut d\u2019autant plus se poser la question que ladite association est domicili\u00e9e \u00e0 la r\u00e9sidence guyanaise de la Garde des Sceaux, ce qui semble ne pas \u00e9mouvoir grand monde, pas m\u00eame ceux qui pourraient interroger cette derni\u00e8re sur cette co\u00efncidence troublante, mais qui s\u2019en gardent bien. Il fallait donc que le proc\u00e8s se d\u00e9roul\u00e2t en Guyane, que les conditions d\u2019un proc\u00e8s \u00e9quitable ne soient pas r\u00e9unis, pour aboutir \u00e0 ces attendus que seule la crainte d\u2019\u00eatre poursuivi par les m\u00eames juges impr\u00e9visibles m\u2019emp\u00eachent de qualifier de loufoques.<\/p>\n<p>C\u2019est bien simple, je me suis vraiment demand\u00e9 si les habituels r\u00e9dacteurs des tracts du MJS n\u2019\u00e9taient pas dans le coup. Ce sont les attendus justifiant la condamnation du Front National, qui a pourtant exclu Anne-Sophie Lecl\u00e8re, avec une diligence que d\u2019autres partis pourraient envier, qui laissent pantois. Le tribunal ne juge pas le parti frontiste complice, mais carr\u00e9ment co-auteur du d\u00e9lit. Un peu comme si dans le cadre d\u2019un assassinat, il avait fait le guet pendant qu\u2019on tirait sur la victime. Le FN est donc complice car il \u00ab lui a fourni les moyens en lui permettant d\u2019\u00eatre candidate\u00a0\u00bb et qu\u2019il ne s\u2019est pas assur\u00e9 \u00ab\u00a0de ses opinions r\u00e9publicaines\u00a0\u00bb. \u00c0 cette lecture, j\u2019ai fr\u00e9mi pour mes amis royalistes de gauche de la NAR. Le fait pour eux d\u2019\u00eatre favorables \u00e0 l\u2019\u00e9tablissement d\u2019une monarchie constitutionnelle fait-il d\u2019eux des d\u00e9linquants\u00a0? Y at-il une corr\u00e9lation obligatoire entre l\u2019organisation constitutionnelle d\u2019un pays et le racisme\u00a0? Pour les juges de Cayenne, c\u2019est \u00e9vident. \u00c0 moins qu\u2019on ne penche pour une grande l\u00e9g\u00e8ret\u00e9 et un manque de pr\u00e9cision syntaxique graves, pour des magistrats form\u00e9s dans la fameuse \u00e9cole de Bordeaux. Mais ce n\u2019est pas fini. Voil\u00e0 qu\u2019ils d\u00e9cident, \u00e0 la mani\u00e8re du premier commentateur facebookien venu, d\u2019interpr\u00e9ter \u00e0 sa guise le programme d\u2019un parti politique. Qu\u2019on lise ces quelques lignes\u00a0: \u00ab\u00a0Attendu qu\u2019il (le FN) y a particip\u00e9 (au d\u00e9lit) de mani\u00e8re plus directe encore en v\u00e9hiculant un discours parfois raciste, plus ouvertement x\u00e9nophobe et n\u00e9gatif vis-\u00e0-vis de toutes les personnes ou communaut\u00e9s susceptibles de ne pas correspondre \u00e0 son id\u00e9al du \u00ab\u00a0fran\u00e7ais de souche\u00a0\u00bb, de race blanche\u00a0\u00bb. Que Jean-Marie Le Pen, et m\u00eame Marine Le Pen, puissent penser en leur for int\u00e9rieur que cet id\u00e9al est bien le leur, c\u2019est possible\u00a0; on peut \u2013et on doit si on en la conviction &#8211; m\u00eame leur reprocher certaines arri\u00e8re-pens\u00e9es, et pointer certaines contradictions, comme j\u2019ai pu le faire moi-m\u00eame. Mais sur le terrain politique et m\u00e9diatique. Or, formellement, le programme du FN dit exactement l\u2019inverse. Que le juge se permette de sonder les reins et les c\u0153urs, voil\u00e0 qui est particuli\u00e8rement flippant. Mais sonder les reins et les c\u0153urs, c\u2019est le leitmotiv de ces attendus puisque les juges reprochent aussi au FN de ne pas avoir suffisamment pr\u00e9vu qu\u2019Anne-Sophie Lecl\u00e8re se rendrait coupable d\u2019un tel d\u00e9lit. L\u2019exemple de Cahuzac, donn\u00e9 par mon comp\u00e8re R\u00e9gis, ne manque pas de sel. Mais si on veut absolument trouver un exemple sur le m\u00eame terrain, devra-t-on bient\u00f4t condamner le PS d\u2019avoir permis de faire d\u2019un adjoint au maire un homme capable de prononcer les propos suivants\u00a0:\u00a0 \u00ab\u00a0Tu me parlais des sionistes. Tu veux Zittoun ? Tu veux un juif ? Tu veux Zittoun ? Tu veux \u00e7a toi ? C\u2019est \u00e7a que t\u2019aime ! T\u2019aimes pas quand les gens qui te ressemblent sont en place et veulent t\u2019aider. Tu pr\u00e9f\u00e8res un encul\u00e9 qui te nique bien. C\u2019est \u00e7a ce que tu veux. Tu pr\u00e9f\u00e8res Philippe. Tu aimes bien Zittoun.\u00a0\u00bb\u00a0?<\/p>\n<p>Imaginons que le PS ait tout de suite exclu cet \u00e9lu et lui ait retir\u00e9 sa d\u00e9l\u00e9gation d\u2019adjoint, un peu comme le FN qui a exclu Mme Lecl\u00e8re. Pourrait-on lui reprocher d\u2019avoir permis l\u2019ascension de cet homme \u00e0 des responsabilit\u00e9s \u00e9minentes\u00a0? Certainement pas\u00a0! Le probl\u00e8me, c\u2019est <a href=\"http:\/\/lelab.europe1.fr\/L-adjoint-de-Vaulx-en-Velin-Ahmed-Chekhab-exclu-du-PS-apres-avoir-tenu-des-propos-antisemites-15542\">qu\u2019il a attendu trois semaines pour remercier l\u2019auteur de cette diatribe antis\u00e9mite.<\/a><\/p>\n<p>Mais revenons aux attendus du jugement de Cayenne. Le tribunal invente la qualification de \u00ab\u00a0pr\u00e9sident d\u2019honneur \u00e0 vie\u00a0\u00bb pour d\u00e9signer Jean-Marie Le Pen, alors que ce titre n\u2019existe pas dans les statuts du FN, m\u00eame si le grand \u00e2ge du titulaire de cette fonction laisse penser que ce sera sans doute le cas. Le reste est \u00e0 l\u2019avenant\u00a0: consid\u00e9rer que la libert\u00e9 d\u2019expression doit \u00eatre illimit\u00e9e, comme cela se passe aux Etats-Unis, ou pr\u00e9coniser une limitation drastique de l\u2019immigration fait de soi un complice objectif de Mme Lecl\u00e8re\u00a0; le tribunal a m\u00eame v\u00e9rifi\u00e9 le fait que Marine Le Pen et d\u2019autres personnalit\u00e9s du FN n\u2019avaient pas ray\u00e9 de leurs \u00ab\u00a0amis Facebook\u00a0\u00bb la candidate qu\u2019ils avaient exclue. L\u00e0 on est carr\u00e9ment dans la cour de r\u00e9cr\u00e9 des r\u00e9seaux sociaux\u00a0!<\/p>\n<p>Sur le plan des libert\u00e9s publiques comme sur celui de la formation des juges, ce jugement pose donc incontestablement probl\u00e8me. Sur le plan politique, on peut aussi s\u2019interroger sur l\u2019attitude de la Garde des sceaux. Au mieux, elle a laiss\u00e9 faire. En tout cas, elle est toujours tr\u00e8s imprudente. <a href=\"http:\/\/www.causeur.fr\/taubira-ecoutes-sarkozy-buisson-26618.html\">On l\u2019avait d\u00e9j\u00e0 vu brandir des papiers qui disaient le contraire de ce qu\u2019elle racontait<\/a>, voil\u00e0 qu\u2019elle ne demande pas \u00e0 ses copains de Walwari de d\u00e9m\u00e9nager leur si\u00e8ge avant de d\u00e9poser leur plainte. De nos jours, l\u2019amateurisme est d\u00e9cid\u00e9ment partout\u2026<\/p>\n","protected":false},"excerpt":{"rendered":"<p>Contre le FN, Ubu juge a frapp\u00e9 \u00e0 Cayenne &nbsp; Gr\u00e2ce \u00e0 notre ami R\u00e9gis de Castelnau, les lecteurs de Causeur ont pu se faire une id\u00e9e claire de la proc\u00e9dure qui a amen\u00e9 \u00e0 la condamnation d\u2019Anne-Sophie Lecl\u00e8re et du Front national par le tribunal correctionnel de Cayenne. Son brillant article a apport\u00e9 quelques [&hellip;]<\/p>\n","protected":false},"author":10,"featured_media":0,"comment_status":"open","ping_status":"open","sticky":false,"template":"","format":"standard","meta":{"footnotes":""},"categories":[5],"tags":[],"class_list":{"0":"post-2901","1":"post","2":"type-post","3":"status-publish","4":"format-standard","6":"category-sulfate"},"_links":{"self":[{"href":"https:\/\/blog.causeur.fr\/antidote\/wp-json\/wp\/v2\/posts\/2901","targetHints":{"allow":["GET"]}}],"collection":[{"href":"https:\/\/blog.causeur.fr\/antidote\/wp-json\/wp\/v2\/posts"}],"about":[{"href":"https:\/\/blog.causeur.fr\/antidote\/wp-json\/wp\/v2\/types\/post"}],"author":[{"embeddable":true,"href":"https:\/\/blog.causeur.fr\/antidote\/wp-json\/wp\/v2\/users\/10"}],"replies":[{"embeddable":true,"href":"https:\/\/blog.causeur.fr\/antidote\/wp-json\/wp\/v2\/comments?post=2901"}],"version-history":[{"count":0,"href":"https:\/\/blog.causeur.fr\/antidote\/wp-json\/wp\/v2\/posts\/2901\/revisions"}],"wp:attachment":[{"href":"https:\/\/blog.causeur.fr\/antidote\/wp-json\/wp\/v2\/media?parent=2901"}],"wp:term":[{"taxonomy":"category","embeddable":true,"href":"https:\/\/blog.causeur.fr\/antidote\/wp-json\/wp\/v2\/categories?post=2901"},{"taxonomy":"post_tag","embeddable":true,"href":"https:\/\/blog.causeur.fr\/antidote\/wp-json\/wp\/v2\/tags?post=2901"}],"curies":[{"name":"wp","href":"https:\/\/api.w.org\/{rel}","templated":true}]}}