{"id":2905,"date":"2014-07-29T07:00:50","date_gmt":"2014-07-29T07:00:50","guid":{"rendered":"http:\/\/blog.causeur.fr\/antidote\/?p=2905"},"modified":"2021-04-26T16:10:28","modified_gmt":"2021-04-26T14:10:28","slug":"recherche-president-desesperement","status":"publish","type":"post","link":"https:\/\/blog.causeur.fr\/antidote\/recherche-president-desesperement-2905","title":{"rendered":"Recherche Pr\u00e9sident d\u00e9sesp\u00e9r\u00e9ment"},"content":{"rendered":"<h3>Bourses au m\u00e9rite, roman national : les mauvais signaux de Hollande<\/h3>\n<p><a href=\"http:\/\/blog.causeur.fr\/antidote\/files\/2012\/04\/hollande2.jpg\"><img loading=\"lazy\" decoding=\"async\" class=\"alignleft size-full wp-image-2458\" src=\"http:\/\/blog.causeur.fr\/antidote\/files\/2012\/04\/hollande2.jpg\" alt=\"\" width=\"240\" height=\"204\" \/><\/a>Ce mois de juillet riche en actualit\u00e9s tragiques a achev\u00e9 d\u2019affaiblir le couple ex\u00e9cutif. Symptomatiques de la perte d\u2019autorit\u00e9 du pouvoir, plusieurs manifestations pro-palestiniennes interdites ont n\u00e9anmoins lieu. Le duo Hollande-Valls montre ainsi son inertie\u00a0: coups de menton pour affirmer l\u2019autorit\u00e9 de l\u2019Etat, incapacit\u00e9 \u00e0 faire appliquer sa d\u00e9cision, coups de menton pour fustiger les organisations et les \u00e9lus qui ont brav\u00e9 l\u2019interdiction, lesquels n\u2019ont pas \u00e0 s\u2019inqui\u00e9ter. Jacques Boutault, maire du 2e arrondissement de Paris, pourra continuer de pr\u00e9sider ses s\u00e9ances. Cl\u00e9mentine Autain et Olivier Besancenot pourront toujours donner des le\u00e7ons de morale sur les plateaux de t\u00e9l\u00e9vision<!--more-->, fustigeant les d\u00e9lits des uns et des autres alors qu\u2019ils ont contrevenu gravement au Code p\u00e9nal en d\u00e9filant et en appelant \u00e0 participer \u00e0 des manifestations ill\u00e9gales. Qui sait, peut-\u00eatre m\u00eame iront-ils jusqu\u2019\u00e0 se f\u00e9liciter publiquement d\u2019une \u00e9ventuelle condamnation\u00a0<a href=\"http:\/\/www.causeur.fr\/henri-guaino-gentil-22519.html\" target=\"_blank\" rel=\"noopener\">d\u2019Henri Guaino, parce qu\u2019il a os\u00e9 critiquer un juge.<\/a><\/p>\n<p>Autre mauvais signal, l\u2019ex\u00e9cutif a d\u00e9cid\u00e9 de supprimer des bourses au m\u00e9rite, qui \u00e9taient attribu\u00e9es aux \u00e9l\u00e8ves ayant obtenu au moins 18\/20 au baccalaur\u00e9at. Chacune de ses bourses s\u2019\u00e9levait \u00e0 1 800 euros par an. Il para\u00eet que leur suppression permettra de r\u00e9cup\u00e9rer 14,5 millions d\u2019euros. Que Michel Sapin racle les fonds de tiroir, soit. Mais cette d\u00e9cision est avant tout id\u00e9ologique. Coupl\u00e9e \u00e0 la future r\u00e9forme de la notation, Beno\u00eet Hamon jugeant le syst\u00e8me actuel trop stigmatisant, le d\u00e9mant\u00e8lement des bourses au m\u00e9rite appara\u00eet pour ce qu\u2019il est\u00a0: une volont\u00e9 de refuser toute forme d\u2019\u00e9litisme, f\u00fbt-il le fruit de l\u2019effort et du m\u00e9rite. Quel signal envoie-t-on \u00e0 un peuple lorsqu\u2019on supprime ce genre de bourses\u00a0? Quel signal Fran\u00e7ois Hollande envoie-t-il \u00e0 la jeunesse qui \u00e9tait sa \u00ab\u00a0priorit\u00e9\u00a0\u00bb de campagne\u00a0?<\/p>\n<p>Ce n\u2019est pas tout. Dimanche, \u00e0 Bouvines, on c\u00e9l\u00e9brait les huit cents ans de la c\u00e9l\u00e8bre bataille, essentielle dans l\u2019histoire de la nation fran\u00e7aise. Des associations locales, organisatrices de l\u2019\u00e9v\u00e9nement, ainsi que les \u00e9diles socialistes du Nord, s\u2019\u00e9taient vu promettre la visite des plus hautes autorit\u00e9s de l\u2019Etat. Mais le pr\u00e9sident de la R\u00e9publique n\u2019a pas daign\u00e9 se d\u00e9placer, tandis que le Premier ministre assistait au d\u00e9part d\u2019\u00e9tape du Tour de France \u00e0 Evry. Aucun membre du gouvernement, ni m\u00eame le Pr\u00e9fet n\u2019\u00e9taient pr\u00e9sents. Bref, quand Fran\u00e7ois Mitterrand \u00e9tait capable de citer tous les rois de France et d\u2019expliquer comment ces derniers avaient marqu\u00e9 l\u2019histoire de notre pays, Fran\u00e7ois Hollande la m\u00e9prise ostensiblement. Peut-\u00eatre un communiquant avait-il souffl\u00e9 au Pr\u00e9sident qu\u2019un tel d\u00e9placement confinait \u00e0 la ringardise\u00a0et\/ou qu\u2019il risquait de brouiller son \u00ab\u00a0message europ\u00e9en\u00a0\u00bb ? Pour le coup, les \u00e9lus socialistes locaux se sont retrouv\u00e9s en t\u00eate \u00e0 t\u00eate avec Louis de Bourbon, pr\u00e9tendant au tr\u00f4ne de France. La R\u00e9publique n\u2019\u00e9tait pas au rendez-vous. Signal d\u00e9testable. En oubliant Marc Bloch, pour qui \u00ab\u00a0il est deux cat\u00e9gories de Fran\u00e7ais qui ne comprendront jamais l\u2019histoire de France, ceux qui refusent de vibrer au souvenir du sacre de Reims\u00a0; ceux qui lisent sans \u00e9motion le r\u00e9cit de la f\u00eate de la F\u00e9d\u00e9ration\u00a0\u00bb, Fran\u00e7ois Hollande d\u00e9montre sa profonde incompr\u00e9hension de la fonction pr\u00e9sidentielle. Il pr\u00e9f\u00e8re commenter les accidents a\u00e9riens depuis le perron de l\u2019Elys\u00e9e, r\u00f4le normalement d\u00e9volu \u00e0 un ministre, tout au plus au premier d\u2019entre eux. L\u2019incarnation et le roman national, connais pas\u00a0!<\/p>\n<p>On aurait tort de sous-estimer l\u2019importance de ce genre de d\u00e9cisions. La suppression des bourses au m\u00e9rite a touch\u00e9 de nombreuses familles des classes moyennes et populaires, comme en attestent nombre d\u2019articles dans la presse quotidienne r\u00e9gionale. De m\u00eame, la presse du Nord, qui est davantage lue que\u00a0<em>Lib\u00e9<\/em>\u00a0-on l\u2019oublie trop souvent rive gauche \u2013 n\u2019a pas \u00e9t\u00e9 tendre sur le boycott de Bouvines. Les r\u00e9seaux sociaux jouent aussi leur r\u00f4le de multiplicateur de diffusion. Et dans les conversations au bistrot ou sur les march\u00e9s, il y a toujours quelqu\u2019un pour rappeler ce genre de d\u00e9cision d\u00e9vastatrice pour le gouvernement, qui viennent s\u2019ajouter \u00e0 la carte ubuesque des r\u00e9gions.<\/p>\n<p>Que Fran\u00e7ois Hollande continue sur sa lanc\u00e9e, et il lui faudra un miracle pour que lui ou un autre candidat socialiste soit pr\u00e9sent au second tour en 2017\u00a0!Au train o\u00f9 vont les choses pour la majorit\u00e9, qui sait si l\u2019UMP, pourtant d\u00e9consid\u00e9r\u00e9e dans le pays, pourrait se permettre de pr\u00e9senter deux candidats sans courir le risque de subir un 21 avril \u00e0 l\u2019envers\u00a0?<\/p>\n","protected":false},"excerpt":{"rendered":"<p>Bourses au m\u00e9rite, roman national : les mauvais signaux de Hollande Ce mois de juillet riche en actualit\u00e9s tragiques a achev\u00e9 d\u2019affaiblir le couple ex\u00e9cutif. Symptomatiques de la perte d\u2019autorit\u00e9 du pouvoir, plusieurs manifestations pro-palestiniennes interdites ont n\u00e9anmoins lieu. Le duo Hollande-Valls montre ainsi son inertie\u00a0: coups de menton pour affirmer l\u2019autorit\u00e9 de l\u2019Etat, incapacit\u00e9 [&hellip;]<\/p>\n","protected":false},"author":10,"featured_media":0,"comment_status":"open","ping_status":"open","sticky":false,"template":"","format":"standard","meta":{"footnotes":""},"categories":[5],"tags":[],"class_list":{"0":"post-2905","1":"post","2":"type-post","3":"status-publish","4":"format-standard","6":"category-sulfate"},"_links":{"self":[{"href":"https:\/\/blog.causeur.fr\/antidote\/wp-json\/wp\/v2\/posts\/2905","targetHints":{"allow":["GET"]}}],"collection":[{"href":"https:\/\/blog.causeur.fr\/antidote\/wp-json\/wp\/v2\/posts"}],"about":[{"href":"https:\/\/blog.causeur.fr\/antidote\/wp-json\/wp\/v2\/types\/post"}],"author":[{"embeddable":true,"href":"https:\/\/blog.causeur.fr\/antidote\/wp-json\/wp\/v2\/users\/10"}],"replies":[{"embeddable":true,"href":"https:\/\/blog.causeur.fr\/antidote\/wp-json\/wp\/v2\/comments?post=2905"}],"version-history":[{"count":0,"href":"https:\/\/blog.causeur.fr\/antidote\/wp-json\/wp\/v2\/posts\/2905\/revisions"}],"wp:attachment":[{"href":"https:\/\/blog.causeur.fr\/antidote\/wp-json\/wp\/v2\/media?parent=2905"}],"wp:term":[{"taxonomy":"category","embeddable":true,"href":"https:\/\/blog.causeur.fr\/antidote\/wp-json\/wp\/v2\/categories?post=2905"},{"taxonomy":"post_tag","embeddable":true,"href":"https:\/\/blog.causeur.fr\/antidote\/wp-json\/wp\/v2\/tags?post=2905"}],"curies":[{"name":"wp","href":"https:\/\/api.w.org\/{rel}","templated":true}]}}