{"id":2910,"date":"2014-08-27T14:00:30","date_gmt":"2014-08-27T14:00:30","guid":{"rendered":"http:\/\/blog.causeur.fr\/antidote\/?p=2910"},"modified":"2021-04-26T16:10:28","modified_gmt":"2021-04-26T14:10:28","slug":"valls-ii-la-ligne-claire","status":"publish","type":"post","link":"https:\/\/blog.causeur.fr\/antidote\/valls-ii-la-ligne-claire-2910","title":{"rendered":"Valls II : la ligne claire"},"content":{"rendered":"<h3>Le premier gouvernement 100% lib\u00e9ral-libertaire !<\/h3>\n<p>&nbsp;<\/p>\n<p><a href=\"http:\/\/blog.causeur.fr\/antidote\/files\/2012\/04\/valls.jpg\"><img loading=\"lazy\" decoding=\"async\" class=\"alignleft size-medium wp-image-2473\" src=\"http:\/\/blog.causeur.fr\/antidote\/files\/2012\/04\/valls-300x201.jpg\" alt=\"\" width=\"300\" height=\"201\" srcset=\"https:\/\/blog.causeur.fr\/antidote\/wp-content\/uploads\/sites\/9\/2012\/04\/valls-300x201.jpg 300w, https:\/\/blog.causeur.fr\/antidote\/wp-content\/uploads\/sites\/9\/2012\/04\/valls.jpg 500w\" sizes=\"auto, (max-width: 300px) 100vw, 300px\" \/><\/a>On aurait presque envie de remercier chaleureusement Arnaud Montebourg. Au moins, gr\u00e2ce \u00e0 lui, tout est d\u00e9sormais clair. Les derniers masques tombent, et en particulier celui de Manuel Valls. Certes, on pourrait lui reprocher la forme. Le discours de Frangy-en-Bresse avait un c\u00f4t\u00e9 surr\u00e9aliste. Assistait-on \u00e0 une intervention du ministre de l\u2019Economie ou \u00e0 un discours du chef de l\u2019opposition\u00a0? N\u2019aurait-il pas \u00e9t\u00e9 plus raisonnable de pr\u00e9senter enfin sa d\u00e9mission, \u00e0 la mani\u00e8re d\u2019un Jacques Chirac trente-huit ans plus t\u00f4t ou d\u2019un Jean-Pierre Chev\u00e8nement en 1983\u00a0? Sans aucun doute. Mais \u00e0 l\u2019heure des cha\u00eenes infos et de Twitter, il vaut mieux entretenir le buzz.<!--more--> Un ministre \u00e7a ne ferme plus sa gueule \u00e0 moins de d\u00e9missionner, \u00e7a l\u2019ouvre sans cesse jusqu\u2019\u00e0 se faire virer. C\u2019est Rama Yade qui avait inaugur\u00e9 la formule sous l\u2019\u00e8re Sarkozy. Pas s\u00fbr que cela constitue un progr\u00e8s. Toujours est-il que Montebourg s\u2019est mis en accord avec son discours. Il ne participe d\u00e9sormais plus \u00e0 un gouvernement dont il fustige la politique. Il n\u2019h\u00e9site pas \u00e0 prendre un gros risque d\u2019un point de vue personnel, puisqu\u2019il n\u2019est plus que conseiller g\u00e9n\u00e9ral de Sa\u00f4ne-et-Loire et que, finalement, c\u2019est plut\u00f4t Beno\u00eet Hamon, dont il a aussi provoqu\u00e9 le d\u00e9part, qui va mettre la main sur l\u2019aile gauche du PS.<\/p>\n<p>Ce psychodrame comporte d\u2019autres avantages. Hamon, nous venons de le souligner, a aussi d\u00fb faire un choix entre son prestigieux maroquin et ses convictions. Christiane Taubira, en revanche, qui avait tenu \u00e0 faire savoir qu\u2019elle approuvait les r\u00e9volt\u00e9s de Frangy, a finalement choisi de se maintenir \u00e0 son poste. On passera sur le cas d\u2019Aur\u00e9lie Filippetti qui savait son sort scell\u00e9 depuis longtemps et a sans doute profit\u00e9 de l\u2019aubaine pour habiller sa sortie. Les \u00e9cologistes ont aussi r\u00e9affirm\u00e9 leur refus de participer au gouvernement. Et m\u00eame si Jean-Vincent Plac\u00e9, Barbara Pompili et Fran\u00e7ois de Rugy ont certainement connu des tentations, l\u2019unit\u00e9 de leur parti a \u00e9t\u00e9 pr\u00e9serv\u00e9e. Les Verts envoient ainsi un signal clair aux citoyens\u00a0: ils n\u2019approuvent pas l\u2019orientation \u00e9conomique du gouvernement. Les outils que la Ve R\u00e9publique met \u00e0 disposition de la clart\u00e9 politique permettront aussi de se faire une id\u00e9e de la force de conviction de ces m\u00eames \u00e9cologistes et des fameux frondeurs du PS. Valls a promis un vote de confiance. Twitter son d\u00e9saccord, c\u2019est bien, le manifester par un vote pouvant avoir des cons\u00e9quences sur son mandat, c\u2019est beaucoup mieux. \u00c0 cet \u00e9gard, le proc\u00e8s-verbal de l\u2019Assembl\u00e9e nationale qui \u00e9tablira la liste de ceux qui votent contre la confiance au gouvernement Valls II sera la plus belle des clarifications.<\/p>\n<p>Nous en savons d\u00e9sormais aussi davantage sur la personnalit\u00e9 du Premier ministre. Lui qui ne jurait que par Clemenceau, qui appr\u00e9ciait qu\u2019on le compare, gr\u00e2ce \u00e0 son go\u00fbt pour l\u2019autorit\u00e9 r\u00e9publicaine, \u00e0 Jean-Pierre Chev\u00e8nement, vient de tomber d\u00e9finitivement le masque. Le remplacement de Montebourg par Emmanuel Macron, consacr\u00e9 au \u00ab\u00a0Grand Journal\u00a0\u00bb comme \u00ab\u00a0l\u2019ami du patronat\u00a0\u00bb par son imprudent coll\u00e8gue Rebsamen, constitue un symbole fort. Ce prot\u00e9g\u00e9 de Jacques Attali vient occuper ce poste afin de mettre en place les fameuses mesures de \u00ab\u00a0lib\u00e9ration de l\u2019\u00e9conomie\u00a0\u00bb du plan command\u00e9 par Nicolas Sarkozy \u00e0 l\u2019ancien conseiller de Fran\u00e7ois Mitterrand, mesures que l\u2019ex-pr\u00e9sident avait pr\u00e9f\u00e9r\u00e9 mettre au rancart, assez prudemment \u00e0 notre go\u00fbt. Et puisque la barre est mise \u00e0 droite sur l\u2019\u00e9conomie avec Macron, il fallait donner des signes qu\u2019on est encore de gauche. Ainsi, Valls qui fustigeait mezza voce le laxisme de Taubira, a tout fait pour qu\u2019elle demeure dans son gouvernement. Et il a promu Najat Vallaud-Belkacem, chantre des ABCD de l\u2019\u00e9galit\u00e9, v\u00e9ritable chiffon rouge pour la galaxie \u00ab\u00a0Manif pour tous\u00a0\u00bb. Mobiliser la droite soci\u00e9tale contre soi afin de faire croire qu\u2019on est encore de gauche\u00a0: pitoyable calcul qui va \u00e0 l\u2019encontre de l\u2019apaisement de la soci\u00e9t\u00e9, apaisement qui \u00e9tait au centre de la fameuse anaphore du candidat Hollande dans son duel t\u00e9l\u00e9vis\u00e9 face \u00e0 Nicolas Sarkozy. Si d\u2019un point de vue politicien, il s\u2019agit bien d\u2019un enfumage, les lecteurs de Jean-Claude Mich\u00e9a savent que le lib\u00e9ralisme \u00e9conomique de Macron n\u2019a rien de contradictoire avec le lib\u00e9ralisme culturel, de Vallaud-Belkacem et Taubira. Voil\u00e0 encore une clarification, id\u00e9ologique celle-l\u00e0, sur les penchants lib\u00e9raux-libertaires de ce gouvernement. Finalement, la seule manifestation vallsienne de son opposition au lib\u00e9ralisme, c\u2019est sa propension \u00e0 r\u00e9duire le champ de la libert\u00e9 d\u2019expression. Convenons que ce n\u2019est pas forc\u00e9ment sympathique.<\/p>\n<p>On attend bien entendu d\u2019autres clarifications. Qui passeraient par l\u2019\u00e9clatement du PS et de l\u2019UMP et une recomposition n\u00e9cessaire du paysage politique fran\u00e7ais. Malheureusement, celles-ci, on risque de les attendre encore.<\/p>\n","protected":false},"excerpt":{"rendered":"<p>Le premier gouvernement 100% lib\u00e9ral-libertaire ! &nbsp; On aurait presque envie de remercier chaleureusement Arnaud Montebourg. Au moins, gr\u00e2ce \u00e0 lui, tout est d\u00e9sormais clair. Les derniers masques tombent, et en particulier celui de Manuel Valls. Certes, on pourrait lui reprocher la forme. Le discours de Frangy-en-Bresse avait un c\u00f4t\u00e9 surr\u00e9aliste. Assistait-on \u00e0 une intervention [&hellip;]<\/p>\n","protected":false},"author":10,"featured_media":0,"comment_status":"open","ping_status":"open","sticky":false,"template":"","format":"standard","meta":{"footnotes":""},"categories":[5],"tags":[],"class_list":{"0":"post-2910","1":"post","2":"type-post","3":"status-publish","4":"format-standard","6":"category-sulfate"},"_links":{"self":[{"href":"https:\/\/blog.causeur.fr\/antidote\/wp-json\/wp\/v2\/posts\/2910","targetHints":{"allow":["GET"]}}],"collection":[{"href":"https:\/\/blog.causeur.fr\/antidote\/wp-json\/wp\/v2\/posts"}],"about":[{"href":"https:\/\/blog.causeur.fr\/antidote\/wp-json\/wp\/v2\/types\/post"}],"author":[{"embeddable":true,"href":"https:\/\/blog.causeur.fr\/antidote\/wp-json\/wp\/v2\/users\/10"}],"replies":[{"embeddable":true,"href":"https:\/\/blog.causeur.fr\/antidote\/wp-json\/wp\/v2\/comments?post=2910"}],"version-history":[{"count":0,"href":"https:\/\/blog.causeur.fr\/antidote\/wp-json\/wp\/v2\/posts\/2910\/revisions"}],"wp:attachment":[{"href":"https:\/\/blog.causeur.fr\/antidote\/wp-json\/wp\/v2\/media?parent=2910"}],"wp:term":[{"taxonomy":"category","embeddable":true,"href":"https:\/\/blog.causeur.fr\/antidote\/wp-json\/wp\/v2\/categories?post=2910"},{"taxonomy":"post_tag","embeddable":true,"href":"https:\/\/blog.causeur.fr\/antidote\/wp-json\/wp\/v2\/tags?post=2910"}],"curies":[{"name":"wp","href":"https:\/\/api.w.org\/{rel}","templated":true}]}}