{"id":2914,"date":"2014-09-06T12:44:33","date_gmt":"2014-09-06T12:44:33","guid":{"rendered":"http:\/\/blog.causeur.fr\/antidote\/?p=2914"},"modified":"2021-04-26T16:10:28","modified_gmt":"2021-04-26T14:10:28","slug":"natacha-contre-le-declin","status":"publish","type":"post","link":"https:\/\/blog.causeur.fr\/antidote\/natacha-contre-le-declin-2914","title":{"rendered":"Natacha contre le d\u00e9clin"},"content":{"rendered":"<h3>Un recueil de chroniques revigorantes de Natacha Polony<\/h3>\n<p>&nbsp;<\/p>\n<p><a href=\"http:\/\/blog.causeur.fr\/antidote\/files\/2014\/09\/natachapolony.jpg\"><img loading=\"lazy\" decoding=\"async\" class=\"alignleft size-medium wp-image-2915\" src=\"http:\/\/blog.causeur.fr\/antidote\/files\/2014\/09\/natachapolony-225x300.jpg\" alt=\"\" width=\"225\" height=\"300\" srcset=\"https:\/\/blog.causeur.fr\/antidote\/wp-content\/uploads\/sites\/9\/2014\/09\/natachapolony-225x300.jpg 225w, https:\/\/blog.causeur.fr\/antidote\/wp-content\/uploads\/sites\/9\/2014\/09\/natachapolony.jpg 417w\" sizes=\"auto, (max-width: 225px) 100vw, 225px\" \/><\/a>Pendant cinq ans, d\u2019abord sur son blog \u00a0<em><a href=\"http:\/\/blog.lefigaro.fr\/education\/\" target=\"_blank\" rel=\"noopener\">\u00c9loge\u00a0de la transmission<\/a>\u00a0<\/em>\u00a0puis le samedi dans\u00a0<em>Le Figaro<\/em>, notre amie Natacha Polony a publi\u00e9 des chroniques. Plon a eu la bonne id\u00e9e de les regrouper dans un livre au titre tr\u00e8s malrucien, \u00a0<em>Ce pays qu\u2019on abat<\/em>, sorti au d\u00e9but de l\u2019\u00e9t\u00e9. Fid\u00e8le \u00e0 ses r\u00e9f\u00e9rences pr\u00e9f\u00e9r\u00e9es, la d\u00e9sormais ex-chroniqueuse de Laurent Ruquier, nous emm\u00e8ne notamment revisiter la pens\u00e9e Condorcet pour qui l\u2019\u00e9cole ne doit pas inculquer des \u00ab\u00a0<em>valeurs citoyennes<\/em>\u00a0\u00bb mais transmettre des savoirs qui \u00e9mancipent les individus. Elle \u00e9voque souvent Jean-Claude Mich\u00e9a mais aussi Nathana\u00ebl Dupr\u00e9 La Tour, \u00a0chercheur pr\u00e9matur\u00e9ment disparu, partisan d\u2019un \u00ab\u00a0<em>conservatisme \u00e9clair\u00e9\u00a0<\/em>\u00bb \u00e0 qui elle d\u00e9die l\u2019ouvrage. <!--more-->Elle nous rappelle \u00ab\u00a0<em>ce texte qu\u2019on ne saurait ignorer, car il n\u2019est rien de plus immense et de plus profond\u00e9ment essentiel qu\u2019un p\u00e8re (ou une m\u00e8re) puisse \u00e9crire \u00e0 son fils (ou \u00e0 sa fille), qu\u2019un \u00e9ducateur puisse \u00e9crire \u00e0 celui qu\u2019il a en charge d\u2019\u00e9duquer[&#8230;] la lettre de Gargantua \u00e0 son fils, dans le Pantagruel de Rabelais.\u00a0<\/em>\u00bb. Elle nous parle aussi de Jacques Puisais, qui avait cr\u00e9\u00e9 des \u00ab\u00a0classes de go\u00fbt\u00a0\u00bb dans les \u00e9coles et \u00a0expliquait que \u00ab\u00a0<em>le vin juste doit avoir la gueule de l\u2019endroit o\u00f9 il est n\u00e9 et les tripes du bonhomme qui l\u2019a fait \u00bb.<\/em><\/p>\n<p>Dressant des constats alarmants et implacables sur des sujets aussi divers que l\u2019Ecole, son sujet de pr\u00e9dilection, mais aussi qualit\u00e9 du d\u00e9bat politique fran\u00e7ais, l\u2019int\u00e9gration, la paysannerie et l\u2019environnement, Natacha Polony pourrait passer pour une ind\u00e9crottable pessimiste et \u00eatre tax\u00e9e de d\u00e9clinisme. Que nenni\u00a0! Bien que la noirceur de ses constats soit \u00e9vidente, Natacha Polony n\u2019est pas dans la d\u00e9ploration et cherche toujours \u00e0 en analyser les causes. Cela donne au lecteur la conviction que, pour autant qu\u2019on fasse exactement l\u2019inverse de ce qui se fait depuis trente ans, des gouvernants dignes de ce nom pourraient tr\u00e8s vite inverser la tendance. D\u2019ailleurs,\u00a0<a href=\"http:\/\/www.lefigaro.fr\/vox\/culture\/2014\/06\/13\/31006-20140613ARTFIG00427-natacha-polony-je-ne-suis-pas-decliniste-car-je-crois-en-la-france.php\" target=\"_blank\" rel=\"noopener\">interrog\u00e9e par nos excellents confr\u00e8res du\u00a0<em>Figaro-Vox,<\/em><\/a>\u00a0elle le clame\u00a0: \u00ab\u00a0Je ne suis pas d\u00e9cliniste car je crois en la France\u00a0\u00bb\u00a0!<\/p>\n<p>La lecture de cet ouvrage donne une excellente approche des convictions de la journaliste d\u2019Europe 1. Anti-lib\u00e9rale, souverainiste, \u00e9colo-conservatrice, Natacha Polony pourrait faire sienne la formule de Napol\u00e9on Bonaparte\u00a0:\u00a0\u00ab\u00a0 La politique d\u2019un Etat est contenue dans sa g\u00e9ographie\u00bb\u00a0; elle y ajouterait sans doute \u00ab\u00a0et de son Histoire\u00a0!\u00a0\u00bb en contestataire qu\u2019elle est et qu\u2019elle ne cessera jamais d\u2019\u00eatre.<\/p>\n<p>Natacha Polony,<em>\u00a0Ce pays qu\u2019on abat,<\/em>\u00a0Plon, 2014.<\/p>\n","protected":false},"excerpt":{"rendered":"<p>Un recueil de chroniques revigorantes de Natacha Polony &nbsp; Pendant cinq ans, d\u2019abord sur son blog \u00a0\u00c9loge\u00a0de la transmission\u00a0\u00a0puis le samedi dans\u00a0Le Figaro, notre amie Natacha Polony a publi\u00e9 des chroniques. Plon a eu la bonne id\u00e9e de les regrouper dans un livre au titre tr\u00e8s malrucien, \u00a0Ce pays qu\u2019on abat, sorti au d\u00e9but de [&hellip;]<\/p>\n","protected":false},"author":10,"featured_media":0,"comment_status":"open","ping_status":"open","sticky":false,"template":"","format":"standard","meta":{"footnotes":""},"categories":[4],"tags":[],"class_list":{"0":"post-2914","1":"post","2":"type-post","3":"status-publish","4":"format-standard","6":"category-oxygene"},"_links":{"self":[{"href":"https:\/\/blog.causeur.fr\/antidote\/wp-json\/wp\/v2\/posts\/2914","targetHints":{"allow":["GET"]}}],"collection":[{"href":"https:\/\/blog.causeur.fr\/antidote\/wp-json\/wp\/v2\/posts"}],"about":[{"href":"https:\/\/blog.causeur.fr\/antidote\/wp-json\/wp\/v2\/types\/post"}],"author":[{"embeddable":true,"href":"https:\/\/blog.causeur.fr\/antidote\/wp-json\/wp\/v2\/users\/10"}],"replies":[{"embeddable":true,"href":"https:\/\/blog.causeur.fr\/antidote\/wp-json\/wp\/v2\/comments?post=2914"}],"version-history":[{"count":0,"href":"https:\/\/blog.causeur.fr\/antidote\/wp-json\/wp\/v2\/posts\/2914\/revisions"}],"wp:attachment":[{"href":"https:\/\/blog.causeur.fr\/antidote\/wp-json\/wp\/v2\/media?parent=2914"}],"wp:term":[{"taxonomy":"category","embeddable":true,"href":"https:\/\/blog.causeur.fr\/antidote\/wp-json\/wp\/v2\/categories?post=2914"},{"taxonomy":"post_tag","embeddable":true,"href":"https:\/\/blog.causeur.fr\/antidote\/wp-json\/wp\/v2\/tags?post=2914"}],"curies":[{"name":"wp","href":"https:\/\/api.w.org\/{rel}","templated":true}]}}