{"id":2929,"date":"2014-10-14T11:00:06","date_gmt":"2014-10-14T11:00:06","guid":{"rendered":"http:\/\/blog.causeur.fr\/antidote\/?p=2929"},"modified":"2021-04-26T16:10:27","modified_gmt":"2021-04-26T14:10:27","slug":"de-zemmour-a-pasqua-en-passant-par-sos-racisme","status":"publish","type":"post","link":"https:\/\/blog.causeur.fr\/antidote\/de-zemmour-a-pasqua-en-passant-par-sos-racisme-2929","title":{"rendered":"De Zemmour \u00e0 Pasqua en passant par SOS-Racisme"},"content":{"rendered":"<div>\n<div>\n<p><a href=\"http:\/\/blog.causeur.fr\/antidote\/files\/2009\/08\/zemmour.jpg\"><img loading=\"lazy\" decoding=\"async\" class=\"alignleft size-medium wp-image-360\" src=\"http:\/\/blog.causeur.fr\/antidote\/files\/2009\/08\/zemmour-200x300.jpg\" alt=\"\" width=\"200\" height=\"300\" srcset=\"https:\/\/blog.causeur.fr\/antidote\/wp-content\/uploads\/sites\/9\/2009\/08\/zemmour-200x300.jpg 200w, https:\/\/blog.causeur.fr\/antidote\/wp-content\/uploads\/sites\/9\/2009\/08\/zemmour.jpg 403w\" sizes=\"auto, (max-width: 200px) 100vw, 200px\" \/><\/a>Toutes ces histoires et pol\u00e9miques autour de la sortie, de la promotion et du succ\u00e8s du dernier livre d\u2019Eric Zemmour ne sont pas compl\u00e8tement inutiles. Elles comportent l\u2019avantage de me faire ressentir une jolie palette de sentiments. Ainsi, je suis pass\u00e9 de la tristesse \u00e0 la consternation puis de la consternation \u00e0 la totale hilarit\u00e9 en quelques jours.<\/p>\n<p>Tristesse d\u2019abord, en \u00e9coutant Eric Zemmour \u00e0 l\u2019occasion des prestations promotionnelles de son livre, que nos chemins politiques avaient sacr\u00e9ment diverg\u00e9. J\u2019avais d\u00e9j\u00e0 manifest\u00e9 lors de la sortie de\u00a0<em>M\u00e9lancolie fran\u00e7aise<\/em>\u00a0<a href=\"http:\/\/www.causeur.fr\/lettre-a-un-melancolique-5940.html\">des d\u00e9saccords profonds<\/a>. Que l\u2019\u00e9ditorialiste continue \u00e0 clamer son \u00ab\u00a0tout\u00e9foutu\u00a0\u00bb depuis cinq ans \u2013c\u2019\u00e9tait l\u00e0 notre divergence fondamentale-\u00a0 passe encore. Mais qu\u2019il se lance dans une r\u00e9habilitation de facto du Mar\u00e9chal P\u00e9tain, on a davantage de mal \u00e0 l\u2019avaler. En offrant un certificat de patriotisme \u00e0 l\u2019homme de Montoire, \u00a0il parach\u00e8ve la r\u00e9\u00e9criture de l\u2019Histoire lanc\u00e9e par Chirac au Vel\u2019 d\u2019Hiv\u2019 en 1995, pi\u00e9tinant la ligne impos\u00e9e par le G\u00e9n\u00e9ral et poursuivie par ses successeurs jusqu\u2019\u00e0 Fran\u00e7ois Mitterrand\u00a0\u00a0\u00a0De Gaulle fait la toupie dans sa tombe, et moi, je suis d\u2019autant plus triste que je sais Eric Zemmour sympathique et brillant.<!--more--><\/p>\n<p>Consternation ensuite, en constatant l\u2019hyst\u00e9rie autour du livre de Zemmour, et tous les tr\u00e9pignements qui vont avec, entre ceux qui le traitent de \u00ab\u00a0cr\u00e9tin fini\u00a0\u00bb, ceux qui lui demandent\u00a0<a href=\"http:\/\/www.metronews.fr\/culture\/c-a-vous-sur-france-5-eric-zemmour-s-embrouille-maintenant-avec-anne-elisabeth-lemoine\/mnjg%21W8xABQuPi5gT2\/\">si son \u00e9pouse ne le trouve pas un peu misogyne<\/a>\u00a0(de quoi j\u2019me m\u00eale), ou les unes de\u00a0<em>Lib\u00e9<\/em>\u00a0qu\u2019on croit subventionn\u00e9es par Albin Michel. L\u2019\u00e9diteur peut se passer d\u2019attach\u00e9s de presse, les contempteurs syst\u00e9matiques de Zemmour s\u2019en chargent. Et ont r\u00e9ussi \u00e0 le propulser en t\u00eate des ventes, alors que l\u2019auteur, comme je viens de l\u2019expliquer, n\u2019est plus \u00e0 son meilleur.<\/p>\n<p>Hilarit\u00e9 enfin, en ce lundi, lorsque nous avons pris connaissance d\u2019un tweet de SOS Racisme. L\u2019organisation cr\u00e9\u00e9e par Julien Dray et Harlem D\u00e9sir et pr\u00e9sid\u00e9e aujourd\u2019hui par Dominique Sopo a en effet tweet\u00e9 solennellement une d\u00e9claration de Charles Pasqua, qui tan\u00e7ait Zemmour \u00e0 propos de ses r\u00e9centes acrobaties.<\/p>\n<p><img loading=\"lazy\" decoding=\"async\" src=\"http:\/\/www.causeur.fr\/wp-content\/uploads\/2014\/10\/zemmour-sos-racisme-pasqua.jpg\" alt=\"zemmour pasqua sos racisme\" width=\"460\" height=\"188\" \/><\/p>\n<p>SOS qui tweete Pasqua\u00a0! Se trouverait-elle des\u00a0<a href=\"http:\/\/www.lemonde.fr\/idees\/article\/2012\/06\/14\/ump-fn-le-poison-des-valeurs-communes_1718542_3232.html\" target=\"_blank\" rel=\"noopener\">\u00ab\u00a0valeurs communes\u00a0\u00bb<\/a>\u00a0avec le ministre de l\u2019Int\u00e9rieur des cohabitations mitterrandiennes\u00a0? Comme aurait dit Thierry Roland\u00a0: \u00ab\u00a0Apr\u00e8s avoir v\u00e9cu \u00e7a, on peut mourir tranquille\u00a0; enfin le plus tard possible, mais bon\u2026\u00a0\u00bb. Je suis aux aguets. J\u2019attends les ticheurtes du MJS \u00ab\u00a0Monsieur Charles For Ever\u00a0\u00bb et \u00ab\u00a0I love Charlie\u00a0\u00bb. Et je me r\u00e9jouis. Avoir \u00e9t\u00e9 colistier de Pasqua, depuis hier, c\u2019est hyper sexy\u00a0!<\/p>\n<\/div>\n<\/div>\n<p>&#8212;<\/p>\n<div dir=\"ltr\"><\/div>\n","protected":false},"excerpt":{"rendered":"<p>Toutes ces histoires et pol\u00e9miques autour de la sortie, de la promotion et du succ\u00e8s du dernier livre d\u2019Eric Zemmour ne sont pas compl\u00e8tement inutiles. Elles comportent l\u2019avantage de me faire ressentir une jolie palette de sentiments. Ainsi, je suis pass\u00e9 de la tristesse \u00e0 la consternation puis de la consternation \u00e0 la totale hilarit\u00e9 [&hellip;]<\/p>\n","protected":false},"author":10,"featured_media":0,"comment_status":"open","ping_status":"open","sticky":false,"template":"","format":"standard","meta":{"footnotes":""},"categories":[4],"tags":[],"class_list":{"0":"post-2929","1":"post","2":"type-post","3":"status-publish","4":"format-standard","6":"category-oxygene"},"_links":{"self":[{"href":"https:\/\/blog.causeur.fr\/antidote\/wp-json\/wp\/v2\/posts\/2929","targetHints":{"allow":["GET"]}}],"collection":[{"href":"https:\/\/blog.causeur.fr\/antidote\/wp-json\/wp\/v2\/posts"}],"about":[{"href":"https:\/\/blog.causeur.fr\/antidote\/wp-json\/wp\/v2\/types\/post"}],"author":[{"embeddable":true,"href":"https:\/\/blog.causeur.fr\/antidote\/wp-json\/wp\/v2\/users\/10"}],"replies":[{"embeddable":true,"href":"https:\/\/blog.causeur.fr\/antidote\/wp-json\/wp\/v2\/comments?post=2929"}],"version-history":[{"count":0,"href":"https:\/\/blog.causeur.fr\/antidote\/wp-json\/wp\/v2\/posts\/2929\/revisions"}],"wp:attachment":[{"href":"https:\/\/blog.causeur.fr\/antidote\/wp-json\/wp\/v2\/media?parent=2929"}],"wp:term":[{"taxonomy":"category","embeddable":true,"href":"https:\/\/blog.causeur.fr\/antidote\/wp-json\/wp\/v2\/categories?post=2929"},{"taxonomy":"post_tag","embeddable":true,"href":"https:\/\/blog.causeur.fr\/antidote\/wp-json\/wp\/v2\/tags?post=2929"}],"curies":[{"name":"wp","href":"https:\/\/api.w.org\/{rel}","templated":true}]}}