{"id":2947,"date":"2014-11-28T08:00:37","date_gmt":"2014-11-28T08:00:37","guid":{"rendered":"http:\/\/blog.causeur.fr\/antidote\/?p=2947"},"modified":"2021-04-26T16:10:27","modified_gmt":"2021-04-26T14:10:27","slug":"droit-a-livg-une-valeur-centriste","status":"publish","type":"post","link":"https:\/\/blog.causeur.fr\/antidote\/droit-a-livg-une-valeur-centriste-2947","title":{"rendered":"\u00abDroit \u00e0 l\u2019IVG \u00bb : une valeur centriste?"},"content":{"rendered":"<h3>Chantal Jouanno se prend les pieds dans le tapis<\/h3>\n<p>&nbsp;<\/p>\n<p><a href=\"http:\/\/blog.causeur.fr\/antidote\/files\/2014\/11\/jouanno.jpg\"><img loading=\"lazy\" decoding=\"async\" class=\"alignleft size-medium wp-image-2948\" src=\"http:\/\/blog.causeur.fr\/antidote\/files\/2014\/11\/jouanno-200x300.jpg\" alt=\"\" width=\"200\" height=\"300\" srcset=\"https:\/\/blog.causeur.fr\/antidote\/wp-content\/uploads\/sites\/9\/2014\/11\/jouanno-200x300.jpg 200w, https:\/\/blog.causeur.fr\/antidote\/wp-content\/uploads\/sites\/9\/2014\/11\/jouanno.jpg 220w\" sizes=\"auto, (max-width: 200px) 100vw, 200px\" \/><\/a>Chantal Jouanno n\u2019est pas contente. Elle ne comprend pas ce que fait Jean-Christophe Fromantin \u00e0 l\u2019UDI. \u00ab\u00a0Il n\u2019y a pas vraiment sa place\u00a0\u00bb, a-t-elle indiqu\u00e9 sur France 2. Pourtant, le d\u00e9put\u00e9-maire de Neuilly-sur-Seine fait partie des fondateurs de l\u2019UDI. Il a m\u00eame r\u00e9cemment \u00e9t\u00e9 candidat \u00e0 la pr\u00e9sidence de ce parti, obtenant 11,1% des voix, ce qui ne constitue pas un score ridicule. Quel est donc la cause du courroux de Madame Jouanno\u00a0? Quel crime M. Fromantin a-t-il perp\u00e9tr\u00e9\u00a0? Un braquage de banques\u00a0? Pire\u00a0? Il a donn\u00e9 une fess\u00e9e \u00e0 l\u2019un de ses enfants\u00a0? Pire\u00a0? Il n\u2019est pas favorable au mariage pour tous\u00a0? Oui, mais ce n\u2019est pas \u00e7a, cette fois, et c\u2019est encore pire. Vous ne voyez toujours pas\u00a0? Il a vot\u00e9 contre la r\u00e9solution \u00ab\u00a0r\u00e9affirmant le droit fondamental \u00e0 l\u2019IVG\u00a0\u00bb, lors du scrutin d\u2019hier \u00e0 l\u2019occasion de l\u2019anniversaire de l\u2019adoption par l\u2019Assembl\u00e9e nationale de la Loi Veil. Chantal Jouanno d\u00e9cr\u00e8te, impitoyable\u00a0:\u00a0\u00ab\u00a0 C\u2019est voter contre les femmes\u00a0\u00bb. Ah oui, c\u2019est grave, l\u00e0.<!--more--><\/p>\n<p>Le probl\u00e8me, c\u2019est que lorsque Chantal Jouanno tente d\u2019\u00eatre plus pr\u00e9cise, elle se prend les pieds dans le tapis. Et elle se ramasse lamentablement. Qu\u2019on en juge\u00a0:\u00a0\u00ab\u00a0<em>\u00a0<em>C\u2019est m\u00eame aller \u00e0 l\u2019encontre de l\u2019esprit de l\u2019UDI car Simone Veil\u00a0 a symboliquement la premi\u00e8re carte d\u2019adh\u00e9sion de l\u2019UDI, elle est membre d\u2019honneur, elle a la premi\u00e8re carte. Hier c\u2019\u00e9tait les 40 ans de son discours sur l\u2019IVG.\u00a0Voter contre, c\u2019est d\u00e9j\u00e0 voter contre les valeurs de l\u2019UDI\u00a0fondamentalement.\u00a0\u00bb\u00a0<\/em><\/em><\/p>\n<p>L\u2019inculture et\/ou la paresse de Madame Jouanno ne l\u2019ont visiblement pas conduite \u00e0 lire le discours prononc\u00e9 par Simone Veil il y a quarante ans. \u00c0 ceux qui h\u00e9sitaient encore sur leur vote, la ministre de la Sant\u00e9 de Val\u00e9ry Giscard d\u2019Estaing disait\u00a0: \u00ab\u00a0\u00c0 ceux-ci je veux dire que, si la loi est g\u00e9n\u00e9rale et donc abstraite, elle est faite pour s\u2019appliquer \u00e0 des situations individuelles souvent angoissantes ; que si elle n\u2019interdit plus, elle ne cr\u00e9e aucun droit \u00e0 l\u2019avortement et que, comme le disait Montesquieu : \u201cla nature des lois humaines est d\u2019\u00eatre soumise \u00e0 tous les accidents qui arrivent et de varier \u00e0 mesure que les volont\u00e9s des hommes changent.\u00a0\u00bb Non, Madame Jouanno, Simone Veil n\u2019a jamais souhait\u00e9 cr\u00e9\u00e9 un droit \u00e0 l\u2019IVG et encore moins le qualifier de fondamental. Ceci s\u2019adresse d\u2019ailleurs \u00e0 tous mes aimables consoeurs et confr\u00e8res qui ont r\u00e9p\u00e9t\u00e9 toute la journ\u00e9e d\u2019hier que cette r\u00e9solution r\u00e9affirmait le droit cr\u00e9\u00e9 par Simone Veil. Rien n\u2019est plus faux, le texte de son discours rest\u00e9 c\u00e9l\u00e8bre, et qu\u2019il convient de lire enti\u00e8rement, fait foi. Il est vrai que cette lecture peut sembler r\u00e9barbative \u00e0 Chantal Jouanno. Elle aurait pu alors regarder le t\u00e9l\u00e9film diffus\u00e9 par France 2 le m\u00eame soir. On y voit clairement Simone Veil, incarn\u00e9e par l\u2019actrice Emmanuelle Devos, s\u2019opposer frontalement \u00e0 Fran\u00e7oise Giroud, secr\u00e9taire d\u2019Etat \u00e0 la condition f\u00e9minine, laquelle souhaite affirmer \u00ab\u00a0le droit des femmes de disposer de leur corps\u00a0\u00bb. VGE et Jacques Chirac ont souhait\u00e9 que ce soit la ministre de la Sant\u00e9 qui porte ce projet parce qu\u2019il s\u2019agissait d\u2019une loi de sant\u00e9 publique, et rien d\u2019autre dans l\u2019esprit du gouvernement. Simone Veil r\u00e9digea sa loi et pronon\u00e7a le discours en ce sens. Dans le t\u00e9l\u00e9film, on la voit m\u00eame demander au ministre de l\u2019Int\u00e9rieur Poniatowski\u00a0:\u00a0\u00ab\u00a0Mais faites taire Giroud\u00a0!\u00a0\u00bb. Aujourd\u2019hui, elle dirait sans doute\u00a0:\u00a0\u00ab\u00a0Mais faites taire Jouanno\u00a0!\u00a0\u00bb.<\/p>\n<p>Car si quelqu\u2019un a \u00e9t\u00e9 fid\u00e8le au discours de Simone Veil, ce n\u2019est pas Chantal Jouanno, c\u2019est bien Jean-Christophe Fromantin.<\/p>\n","protected":false},"excerpt":{"rendered":"<p>Chantal Jouanno se prend les pieds dans le tapis &nbsp; Chantal Jouanno n\u2019est pas contente. Elle ne comprend pas ce que fait Jean-Christophe Fromantin \u00e0 l\u2019UDI. \u00ab\u00a0Il n\u2019y a pas vraiment sa place\u00a0\u00bb, a-t-elle indiqu\u00e9 sur France 2. Pourtant, le d\u00e9put\u00e9-maire de Neuilly-sur-Seine fait partie des fondateurs de l\u2019UDI. Il a m\u00eame r\u00e9cemment \u00e9t\u00e9 candidat [&hellip;]<\/p>\n","protected":false},"author":10,"featured_media":0,"comment_status":"open","ping_status":"open","sticky":false,"template":"","format":"standard","meta":{"footnotes":""},"categories":[5],"tags":[],"class_list":{"0":"post-2947","1":"post","2":"type-post","3":"status-publish","4":"format-standard","6":"category-sulfate"},"_links":{"self":[{"href":"https:\/\/blog.causeur.fr\/antidote\/wp-json\/wp\/v2\/posts\/2947","targetHints":{"allow":["GET"]}}],"collection":[{"href":"https:\/\/blog.causeur.fr\/antidote\/wp-json\/wp\/v2\/posts"}],"about":[{"href":"https:\/\/blog.causeur.fr\/antidote\/wp-json\/wp\/v2\/types\/post"}],"author":[{"embeddable":true,"href":"https:\/\/blog.causeur.fr\/antidote\/wp-json\/wp\/v2\/users\/10"}],"replies":[{"embeddable":true,"href":"https:\/\/blog.causeur.fr\/antidote\/wp-json\/wp\/v2\/comments?post=2947"}],"version-history":[{"count":0,"href":"https:\/\/blog.causeur.fr\/antidote\/wp-json\/wp\/v2\/posts\/2947\/revisions"}],"wp:attachment":[{"href":"https:\/\/blog.causeur.fr\/antidote\/wp-json\/wp\/v2\/media?parent=2947"}],"wp:term":[{"taxonomy":"category","embeddable":true,"href":"https:\/\/blog.causeur.fr\/antidote\/wp-json\/wp\/v2\/categories?post=2947"},{"taxonomy":"post_tag","embeddable":true,"href":"https:\/\/blog.causeur.fr\/antidote\/wp-json\/wp\/v2\/tags?post=2947"}],"curies":[{"name":"wp","href":"https:\/\/api.w.org\/{rel}","templated":true}]}}