{"id":2983,"date":"2015-03-04T15:00:29","date_gmt":"2015-03-04T15:00:29","guid":{"rendered":"http:\/\/blog.causeur.fr\/antidote\/?p=2983"},"modified":"2021-04-26T16:10:27","modified_gmt":"2021-04-26T14:10:27","slug":"darmanin-contre-taubira-un-tacle-telephone","status":"publish","type":"post","link":"https:\/\/blog.causeur.fr\/antidote\/darmanin-contre-taubira-un-tacle-telephone-2983","title":{"rendered":"Darmanin contre Taubira : un tacle t\u00e9l\u00e9phon\u00e9?"},"content":{"rendered":"<h3>Droite et gauche sont coresponsables de la mont\u00e9e du FN<\/h3>\n<p>&nbsp;<\/p>\n<p><a href=\"http:\/\/blog.causeur.fr\/antidote\/files\/2014\/07\/taubira.jpg\"><img loading=\"lazy\" decoding=\"async\" class=\"alignleft size-medium wp-image-2902\" src=\"http:\/\/blog.causeur.fr\/antidote\/files\/2014\/07\/taubira-200x300.jpg\" alt=\"\" width=\"200\" height=\"300\" srcset=\"https:\/\/blog.causeur.fr\/antidote\/wp-content\/uploads\/sites\/9\/2014\/07\/taubira-200x300.jpg 200w, https:\/\/blog.causeur.fr\/antidote\/wp-content\/uploads\/sites\/9\/2014\/07\/taubira.jpg 220w\" sizes=\"auto, (max-width: 200px) 100vw, 200px\" \/><\/a>C\u2019est une pol\u00e9mique de notre \u00e9poque. Une phrase prononc\u00e9e lors d\u2019une \u00e9mission matinale qui, il y a encore quelques ann\u00e9es, n\u2019aurait pas fait trois lignes dans les journaux du lendemain. G\u00e9rald Darmanin, nomm\u00e9 C\u00e9sar du meilleur espoir de l\u2019UMP par Nicolas Sarkozy lui-m\u00eame, est le coupable. Invit\u00e9 mardi matin de LCI et Radio Classique, il a os\u00e9 comparer Christiane Taubira \u00e0 \u00ab un tract ambulant pour le FN \u00bb. Aussit\u00f4t, cette petite phrase sans relief a d\u00e9clench\u00e9 un flot de protestations digne des chroniques les plus pol\u00e9miques d\u2019Eric Zemmour. L\u2019apr\u00e8s-midi m\u00eame, le Premier ministre en personne saisit l\u2019occasion d\u2019une question de Darmanin pour interpeller directement et tr\u00e8s violemment le d\u00e9put\u00e9 fautif. Et mercredi matin, Christiane Taubira r\u00e9agit enfin \u2013 Twitter retenait son souffle ! La r\u00e9ponse du Garde des sceaux, escaladant ses petits poneys, manque singuli\u00e8rement de nuances puisqu\u2019elle accuse le d\u00e9put\u00e9 Darmanin d\u2019avoir prof\u00e9r\u00e9 des <a href=\"http:\/\/www.causeur.fr\/wp-content\/uploads\/2015\/03\/gerald-darmanin-taubira-fn.jpg\" target=\"_blank\" rel=\"noopener\"><span style=\"color: #0066cc\">\u00ab insultes et des d\u00e9chets de la pens\u00e9e humaine \u00bb. <\/span><\/a>D\u00e9chets de la pens\u00e9e humaine ! On ose \u00e0 peine imaginer ce qu\u2019il adviendrait si un \u00e9lu UMP osait emprunter cette s\u00e9mantique pour qualifier un homologue de gauche, au regard de ce que la d\u00e9claration inoffensive de Darmanin a pu susciter.<!--more--><\/p>\n<p>Qu\u2019a donc fait Darmanin mardi matin ? Il s\u2019est adonn\u00e9 au sport le plus pratiqu\u00e9 depuis trente ans par les \u00e9lus UMP et PS : renvoyer la responsabilit\u00e9 de la vague FN sur son adversaire. Tous le font avec une r\u00e9gularit\u00e9 impressionnante, et une fr\u00e9quence encore plus rapide depuis que Marine Le Pen en a acc\u00e9l\u00e9r\u00e9 la mont\u00e9e. Du c\u00f4t\u00e9 de l\u2019UMP, on rappelle le r\u00f4le de Mitterrand, du changement de mode de scrutin de 1986, des fameux chiffons rouges que la gauche agite, comme la perp\u00e9tuelle tentation d\u2019accorder le droit de vote aux \u00e9trangers ou, comme Darmanin le laissait penser, la volont\u00e9 de mettre en \u0153uvre des politiques p\u00e9nales laxistes. Du c\u00f4t\u00e9 du PS, on fustige les d\u00e9clarations FN-compatibles de dirigeants de droite, du \u00ab bruit et les odeurs \u00bb de Chirac au discours de Grenoble de Sarkozy, rappelant que les \u00e9lecteurs pr\u00e9f\u00e8rent toujours l\u2019original \u00e0 la copie (Christiane Taubira a d\u2019ailleurs entonn\u00e9 ce refrain l\u00e9gendaire dans la Cour de l\u2019Elys\u00e9e ce matin). Bref, rien de nouveau sous le soleil.<\/p>\n<p>Il y a une dizaine de jours, Christiane Taubira \u00e9tait l\u2019invit\u00e9e de l\u2019\u00e9mission de Laurent Ruquier sur France 2. On a d\u2019ailleurs pu assister \u00e0 la m\u00e9tamorphose, l\u2019espace d\u2019une petite heure, d\u2019Aymeric Caron, de fauve intransigeant en petit chaton affectueux. Spectacle r\u00e9jouissant : ce type est donc humain, il a des passions, et la ministre de la Justice en fait partie. Mais c\u2019est un peu plus tard, alors que Christiane Taubira avait quitt\u00e9 le plateau que, le fauve \u00e9tant de retour, le com\u00e9dien Fran\u00e7ois Rollin a expliqu\u00e9 \u2013dans un langage certes moins direct que celui de Darmanin- que les postures de Caron pouvaient tr\u00e8s bien alimenter le vote FN. Il y a quelques mois, Jean-Fran\u00e7ois Kahn venait pr\u00e9senter dans la m\u00eame \u00e9mission son dernier livre <em>Marine Le Pen leur dit merci<\/em>, et scandalisait lui aussi Caron en d\u00e9clarant que le chroniqueur deg\u00f4che pouvait se sentir concern\u00e9 par l\u2019interpellation du titre.<\/p>\n<p>Tout cela d\u00e9montre que Christiane Taubira subit cette accusation non pas parce qu\u2019elle est \u00ab femme et noire \u00bb, comme le d\u00e9clarait ce pauvre Razzy Hammadi, qui ne sait plus quoi inventer pour faire parler de lui. On le r\u00e9p\u00e8te : tout le monde accuse tout le monde de faire le jeu du FN, sans doute avec raison, puisque le PS et l\u2019UMP ont bien des choses \u00e0 se reprocher dans des proportions qui restent \u00e0 d\u00e9terminer, comme disait Jean Gabin dans <em>Le Pr\u00e9sident<\/em>. Si Christiane Taubira est tr\u00e8s souvent la cible des critiques venues de l\u2019autre camp, c\u2019est parce qu\u2019elle s\u2019enorgueillit elle-m\u00eame d\u2019\u00eatre embl\u00e9matique de la gauche 2012-2015. Embl\u00e9matique gr\u00e2ce au mariage pour tous o\u00f9 elle fut \u00e0 la fois, efficace, talentueuse et clivante (mazette ! on dirait que je cause de Sarkozy p\u00e9riode 2002-2005 !).<\/p>\n<p>Embl\u00e9matique en raison de politique p\u00e9nale qu\u2019Aymeric Caron trouve \u00ab progressiste \u00bb, mais que la droite, ainsi que le ministre de l\u2019Int\u00e9rieur 2012-2014, un certain Manuel Valls,\u00a0jugeaient laxiste, comme le prouve une note de Beauvau en direction de l\u2019Elys\u00e9e \u00e0 l\u2019automne 2013. Bref, le pauvre Darmanin s\u2019est fait un nom, et nul doute que ce lynchage en place publique lui vaudra bien des lettres de soutien de la part de militants et \u00e9lecteurs droitiers. Christiane Taubira a pu conforter son immense ego en constatant qu\u2019elle est l\u2019ic\u00f4ne de la gauche dans ce qu\u2019elle a de plus juste et pure.<\/p>\n<p>En r\u00e9sum\u00e9, tout le monde est content. Surtout Marine Le Pen.<\/p>\n","protected":false},"excerpt":{"rendered":"<p>Droite et gauche sont coresponsables de la mont\u00e9e du FN &nbsp; C\u2019est une pol\u00e9mique de notre \u00e9poque. Une phrase prononc\u00e9e lors d\u2019une \u00e9mission matinale qui, il y a encore quelques ann\u00e9es, n\u2019aurait pas fait trois lignes dans les journaux du lendemain. G\u00e9rald Darmanin, nomm\u00e9 C\u00e9sar du meilleur espoir de l\u2019UMP par Nicolas Sarkozy lui-m\u00eame, est [&hellip;]<\/p>\n","protected":false},"author":10,"featured_media":0,"comment_status":"open","ping_status":"open","sticky":false,"template":"","format":"standard","meta":{"footnotes":""},"categories":[5],"tags":[],"class_list":{"0":"post-2983","1":"post","2":"type-post","3":"status-publish","4":"format-standard","6":"category-sulfate"},"_links":{"self":[{"href":"https:\/\/blog.causeur.fr\/antidote\/wp-json\/wp\/v2\/posts\/2983","targetHints":{"allow":["GET"]}}],"collection":[{"href":"https:\/\/blog.causeur.fr\/antidote\/wp-json\/wp\/v2\/posts"}],"about":[{"href":"https:\/\/blog.causeur.fr\/antidote\/wp-json\/wp\/v2\/types\/post"}],"author":[{"embeddable":true,"href":"https:\/\/blog.causeur.fr\/antidote\/wp-json\/wp\/v2\/users\/10"}],"replies":[{"embeddable":true,"href":"https:\/\/blog.causeur.fr\/antidote\/wp-json\/wp\/v2\/comments?post=2983"}],"version-history":[{"count":0,"href":"https:\/\/blog.causeur.fr\/antidote\/wp-json\/wp\/v2\/posts\/2983\/revisions"}],"wp:attachment":[{"href":"https:\/\/blog.causeur.fr\/antidote\/wp-json\/wp\/v2\/media?parent=2983"}],"wp:term":[{"taxonomy":"category","embeddable":true,"href":"https:\/\/blog.causeur.fr\/antidote\/wp-json\/wp\/v2\/categories?post=2983"},{"taxonomy":"post_tag","embeddable":true,"href":"https:\/\/blog.causeur.fr\/antidote\/wp-json\/wp\/v2\/tags?post=2983"}],"curies":[{"name":"wp","href":"https:\/\/api.w.org\/{rel}","templated":true}]}}