{"id":3045,"date":"2015-09-07T12:00:21","date_gmt":"2015-09-07T12:00:21","guid":{"rendered":"http:\/\/blog.causeur.fr\/antidote\/?p=3045"},"modified":"2021-04-26T16:10:13","modified_gmt":"2021-04-26T14:10:13","slug":"une-partie-de-campagne-avec-sarkozy","status":"publish","type":"post","link":"https:\/\/blog.causeur.fr\/antidote\/une-partie-de-campagne-avec-sarkozy-3045","title":{"rendered":"Une partie de campagne avec Sarkozy"},"content":{"rendered":"<h3>Libye, Syrie, r\u00e9forme territoriale\u00a0: l\u2019ex assume\u2026 ou presque<\/h3>\n<p>&nbsp;<\/p>\n<p><a href=\"http:\/\/blog.causeur.fr\/antidote\/files\/2015\/09\/20150905_122641.jpg\"><img loading=\"lazy\" decoding=\"async\" class=\"alignleft size-medium wp-image-3046\" src=\"http:\/\/blog.causeur.fr\/antidote\/files\/2015\/09\/20150905_122641-300x168.jpg\" alt=\"\" width=\"300\" height=\"168\" srcset=\"https:\/\/blog.causeur.fr\/antidote\/wp-content\/uploads\/sites\/9\/2015\/09\/20150905_122641-300x168.jpg 300w, https:\/\/blog.causeur.fr\/antidote\/wp-content\/uploads\/sites\/9\/2015\/09\/20150905_122641.jpg 816w\" sizes=\"auto, (max-width: 300px) 100vw, 300px\" \/><\/a>Ce fut un passage \u00e9clair. Nicolas Sarkozy devait imp\u00e9rativement reprendre un avion direction La Baule pour figurer sur la photo de famille avec ses bons amis Alain Jupp\u00e9 et Fran\u00e7ois Fillon. Alors, \u00e0 Gilley, \u00e0 quelques hectom\u00e8tres de la Suisse, l\u2019ancien Pr\u00e9sident n\u2019a pas donn\u00e9 de conf\u00e9rence de presse. Le chef des R\u00e9publicains est arriv\u00e9 \u00e0 la mairie pour une r\u00e9union avec le bureau d\u00e9partemental de son parti puis il a rejoint la grande f\u00eate champ\u00eatre traditionnelle de la f\u00e9d\u00e9ration d\u00e9partementale doubienne de son parti. Mille trois cents personnes l\u2019attendaient avec grand enthousiasme pour lancer la campagne des r\u00e9gionales. \u00c0 la tribune, l\u2019ancien ministre Alain Joyandet, qui a fait les frais de l\u2019accord LR-UDI aux r\u00e9gionales, voisine avec le centriste bourguignon Fran\u00e7ois Sauvadet, qui m\u00e8nera donc les listes de la droite et du centre. Pauvre Sauvadet\u00a0! Au moment o\u00f9 il croit prendre la parole, juste avant Nicolas Sarkozy, ce dernier s\u2019avance et bouscule le protocole. La photo de La Baule ne peut attendre. L\u2019infortun\u00e9e t\u00eate de liste prendra longuement la parole apr\u00e8s le d\u00e9part de l\u2019ex-pr\u00e9sident, dans un brouhaha insupportable. En vingt-sept ans de participation \u00e0 ce genre de r\u00e9union, je n\u2019ai jamais ressenti autant de compassion pour un \u00e9lu centriste.<!--more--><\/p>\n<p>Mais revenons au discours qui a pr\u00e9c\u00e9d\u00e9. Passons sur les fleurs que Nicolas Sarkozy se jette \u00e0 lui-m\u00eame, sur la remise en route du parti, son changement de nom, l\u2019organisation r\u00e9solue de la primaire (tous ne le pensent pas, puisque Jupp\u00e9, le lendemain, laisse filtrer encore quelques doutes), l\u2019hommage \u00e0 Eric Woerth, son nouveau chouchou qui l\u2019a accompagn\u00e9 et le suivra \u00e0 La Baule, une sorte d\u2019hommage \u00e0 lui-m\u00eame et \u00e0 son honneur bafou\u00e9, par identification subliminale. On ne s\u2019\u00e9tendra pas sur l\u2019avertissement \u00e0 ses futurs adversaires de la primaire\u00a0: \u00ab\u00a0Les \u00e9lections r\u00e9gionales ne doivent pas \u00eatre pollu\u00e9es par l\u2019\u00e9lection pr\u00e9sidentielle [\u2026] Si on a envie d\u2019en d\u00e9coudre, le moment viendra.\u00a0\u00bb En pronon\u00e7ant cette derni\u00e8re phrase, Nicolas Sarkozy n\u2019est pas loin de se l\u00e9cher les babines. L\u2019assistance, dont une certaine Claude que j\u2019ai interrog\u00e9e une demi-heure plus t\u00f4t, doit appr\u00e9cier (\u00ab\u00a0Jupp\u00e9 trop \u00e0 gauche, Fillon d\u00e9loyal\u00a0\u00bb etc.).<\/p>\n<p>Bien entendu, le pr\u00e9sident des R\u00e9publicains aborde le sujet de ces derniers jours. Il rappelle en pr\u00e9ambule\u00a0 la proposition qu\u2019il avait faite lors de la pr\u00e9sidentielle de 2012\u00a0: la n\u00e9gociation d\u2019un Schengen 2, que lui aurait souffl\u00e9e un certain Patrick Buisson. Petit pas de c\u00f4t\u00e9 \u2013 pour \u00e9chapper aux accusations de droitisation\u00a0? &#8211; il d\u00e9nonce la \u00ab\u00a0brutalit\u00e9\u00a0\u00bb et \u00ab\u00a0l\u2019inhumanit\u00e9\u00a0\u00bb de Marine Le Pen sur la question des migrants\u00a0: \u00ab\u00a0Nous appartenons tous \u00e0 l\u2019esp\u00e8ce humaine [\u2026] Nos racines sont chr\u00e9tiennes [\u2026] Je ne suis pas de ceux qui pensent qu\u2019exprimer un sentiment soit une faiblesse\u00a0[\u2026] quand je vois cette inhumanit\u00e9, je ne suis pas \u00e9tonn\u00e9 de ce qui se passe entre la fille et le p\u00e8re\u00a0\u00bb. Il \u00e9voque ensuite ce \u00ab\u00a0capitaine ballot\u00e9 sur une mer d\u00e9cha\u00een\u00e9e, sans rep\u00e8re et sans conviction\u00a0\u00bb. Ce sera l\u2019une de ses rares allusions \u00e0 Fran\u00e7ois Hollande. Puis il se lance dans un cours de d\u00e9mographie africaine, et d\u00e9gaine ses propositions pour \u00ab\u00a0non pas r\u00e9former mais refonder la politique migratoire\u00a0\u00bb.<\/p>\n<p>Pour Nicolas Sarkozy, il n\u2019est pas question de remettre en cause la tradition d\u2019asile politique. Mais, \u00e0 l\u2019instar de Valls, il appelle \u00e0 faire le tri entre les pers\u00e9cut\u00e9s et les migrants \u00e9conomiques. Schengen 2 permettrait d\u2019avoir les m\u00eames r\u00e8gles d\u2019octroi de l\u2019asile politique et de faire le tri dans des centres de r\u00e9tention, financ\u00e9s et g\u00e9r\u00e9s par l\u2019UE, situ\u00e9s dans des \u00ab\u00a0pays p\u00e9riph\u00e9riques\u00a0\u00bb, tels que \u00a0la Serbie (hors UE), la Bulgarie (hors Schengen) ou les Etats du Maghreb. Nicolas Sarkozy \u00e9tant press\u00e9, il n\u2019a pas le temps de nous expliquer comment il va contraindre lesdits pays \u00e0 h\u00e9berger ces centres. Dommage, \u00e7\u2019aurait \u00e9t\u00e9 bigrement int\u00e9ressant\u00a0!<\/p>\n<p>Mais Sarkozy a des yeux et des oreilles. Il se sait pilonn\u00e9 depuis des semaines par Marine Le Pen notamment sur le th\u00e8me\u00a0:\u00a0\u00ab\u00a0Si on en est l\u00e0, c\u2019est \u00e0 cause de <a href=\"http:\/\/www.causeur.fr\/les-cocus-de-benghazi-12593.html\">l\u2019intervention de Sarkozy en Libye<\/a> qui a d\u00e9stabilis\u00e9 la r\u00e9gion et ouvert la voie \u00e0 Daech et les migrations que nous connaissons aujourd\u2019hui\u00a0\u00bb. Un argument d\u00e9vastateur pour son image et son discours sur l\u2019immigration. Que peut faire Nicolas Sarkozy\u00a0? Un mea culpa\u00a0? Ce n\u2019est pas le genre de la maison. Alors il choisit d\u2019assumer. Non seulement l\u2019intervention libyenne, mais sa proposition formul\u00e9e en ao\u00fbt 2012, d\u2019ing\u00e9rence en Syrie \u00ab\u00a0pour soutenir l\u2019opposition mod\u00e9r\u00e9e\u00a0\u00bb. C\u2019est dit. Non seulement, Nicolas Sarkozy assume publiquement d\u2019avoir fait tomber Kadhafi, mais il regrette qu\u2019on n\u2019ait pas fait tomber Assad. Autrement dit, ce ne serait pas d\u2019un exc\u00e8s \u00a0d\u2019ing\u00e9rences que viennent les probl\u00e8mes du jour, mais d\u2019une carence d\u2019interventions ext\u00e9rieures. On croit entendre BHL. Et on est s\u00fbr de l\u2019entendre lorsque l\u2019orateur rappelle que Fran\u00e7ois Mitterrand a laiss\u00e9 tuer huit mille bosniaques. Evidemment, la logique de tout cela, c\u2019est qu\u2019il faut intervenir tr\u00e8s vite, et au sol, pour combattre Daech\u00a0: \u00ab\u00a0Si on fait la guerre, on la fait.\u00a0\u00bb<\/p>\n<p>Evidemment, Sarkozy passe sous silence les raisons du veto russe et chinois \u00e0 toute action militaire en Syrie\u00a0: c\u2019est parce que le mandat donn\u00e9 par l\u2019ONU pour sauver Benghazi a \u00e9t\u00e9 outrepass\u00e9 que Moscou et P\u00e9kin sont sur leurs gardes. Poutine et les Chinois avaient \u00e9t\u00e9 scandalis\u00e9s que la coalition franco-anglaise fasse tomber Kadhafi\u00a0; ils n\u2019allaient pas donner quitus \u00e0 une intervention dont le but \u00e0 peine voil\u00e9 \u00e9tait de faire tomber Assad, l\u2019alli\u00e9 traditionnel des Russes dans la r\u00e9gion.<\/p>\n<p>Sarkozy a beau camper sur une position \u00ab\u00a0b\u00e9hach\u00e8lienne\u00a0\u00bb,\u00a0 il n\u2019est pas certain que tout son parti soit derri\u00e8re lui. Demandez \u00e0 Jacques Myard ou Thierry Mariani qui ont r\u00e9cemment rencontr\u00e9 Bachar Al-Assad. Demandez \u00e0 Fran\u00e7ois Fillon et m\u00eame \u00e0 Alain Jupp\u00e9 (qui ne veut pas d\u2019intervention au sol et qui avait failli d\u00e9missionner du quai d\u2019Orsay en 2011, consid\u00e9rant que BHL d\u00e9vastait ses plates-bandes libyennes).<\/p>\n<p>L\u2019autre fait int\u00e9ressant de ce discours, c\u2019est un silence. Alors qu\u2019il venait lancer la campagne des \u00e9lections r\u00e9gionales dans la nouvelle r\u00e9gion fusionn\u00e9e Bourgogne-Franche Comt\u00e9, Sarkozy n\u2019a, \u00e0 aucun moment, \u00e9voqu\u00e9 la r\u00e9forme territoriale.<\/p>\n<p>Pourtant, il y a quelques mois, le m\u00eame avait clairement exprim\u00e9 son intention de remettre ce projet sur la table, fusions de r\u00e9gions comprises. Cette ligne, il la tient toujours mais a d\u00e9cid\u00e9 de ne pas le faire publiquement. Deux \u00e9lus LR m\u2019ont indiqu\u00e9 que leur chef avait d\u00e9clar\u00e9 \u00a0au cours d\u2019une pr\u00e9c\u00e9dente r\u00e9union \u00e0 huis-clos que l\u2019id\u00e9e d\u2019une r\u00e9gion allant, par exemple, d\u2019Aurillac \u00e0 l\u2019Alpe d\u2019Huez, \u00e9tait parfaitement ridicule. Sarkozy aurait confi\u00e9 aux cadres locaux du parti que la constitution de r\u00e9gions trop grandes et ing\u00e9rables avait maintenu m\u00e9caniquement les d\u00e9partements. En petit comit\u00e9, l\u2019ex-chef de l\u2019Etat avoue ne pas avoir renonc\u00e9 \u00e0 la r\u00e9forme qu\u2019il avait fait voter avant que Fran\u00e7ois Hollande ne l\u2019abroge sit\u00f4t \u00e9lu, une premi\u00e8re mouture qui fusionnait anciennes r\u00e9gions et d\u00e9partements \u00e0 travers un seul \u00e9chelon d\u2019\u00e9lus\u00a0: le conseiller territorial.<\/p>\n<p>Sans doute Sarkozy n\u2019en dit-il mot publiquement afin de ne pas polluer la campagne de candidats partisans r\u00e9solus des super-r\u00e9gions, comme Fran\u00e7ois Sauvadet. Le patron des R\u00e9publicains met donc, le temps de la campagne, un mouchoir sur ses convictions en mati\u00e8re de d\u00e9centralisation. Il les ressortira sans doute lors de la primaire pr\u00e9sidentielle. L\u00e0 encore, ce n\u2019est pas sans risque. Remettre en cause des r\u00e9gions qui auront alors leurs assembl\u00e9es et leurs ex\u00e9cutifs \u00e9lus peut \u00eatre difficile \u00e0 faire passer dans l\u2019opinion. Remettre le dentifrice dans le tube, comme chacun sait, n\u2019est pas chose ais\u00e9e.<\/p>\n<p>Tout compte fait, le bilan de cette journ\u00e9e est plut\u00f4t encourageant. Nicolas Sarkozy qui veut lutter contre la \u00ab\u00a0pens\u00e9e unique\u00a0\u00bb a des id\u00e9es et compte bien les faire partager. Avec un peu de chance, les d\u00e9bats de la primaire pourraient porter sur autre chose que le style et le bon teint des uns et des autres. De la g\u00e9opolitique, de l\u2019organisation territoriale\u2026 Pourquoi pas du devenir de l\u2019Ecole gr\u00e2ce aux positions diam\u00e9tralement oppos\u00e9es d\u2019Alain Jupp\u00e9 et de Bruno Le Maire\u00a0? Miam, cela donne presque envie\u00a0!<\/p>\n","protected":false},"excerpt":{"rendered":"<p>Libye, Syrie, r\u00e9forme territoriale\u00a0: l\u2019ex assume\u2026 ou presque &nbsp; Ce fut un passage \u00e9clair. Nicolas Sarkozy devait imp\u00e9rativement reprendre un avion direction La Baule pour figurer sur la photo de famille avec ses bons amis Alain Jupp\u00e9 et Fran\u00e7ois Fillon. Alors, \u00e0 Gilley, \u00e0 quelques hectom\u00e8tres de la Suisse, l\u2019ancien Pr\u00e9sident n\u2019a pas donn\u00e9 de [&hellip;]<\/p>\n","protected":false},"author":10,"featured_media":0,"comment_status":"open","ping_status":"open","sticky":false,"template":"","format":"standard","meta":{"footnotes":""},"categories":[4],"tags":[],"class_list":{"0":"post-3045","1":"post","2":"type-post","3":"status-publish","4":"format-standard","6":"category-oxygene"},"_links":{"self":[{"href":"https:\/\/blog.causeur.fr\/antidote\/wp-json\/wp\/v2\/posts\/3045","targetHints":{"allow":["GET"]}}],"collection":[{"href":"https:\/\/blog.causeur.fr\/antidote\/wp-json\/wp\/v2\/posts"}],"about":[{"href":"https:\/\/blog.causeur.fr\/antidote\/wp-json\/wp\/v2\/types\/post"}],"author":[{"embeddable":true,"href":"https:\/\/blog.causeur.fr\/antidote\/wp-json\/wp\/v2\/users\/10"}],"replies":[{"embeddable":true,"href":"https:\/\/blog.causeur.fr\/antidote\/wp-json\/wp\/v2\/comments?post=3045"}],"version-history":[{"count":0,"href":"https:\/\/blog.causeur.fr\/antidote\/wp-json\/wp\/v2\/posts\/3045\/revisions"}],"wp:attachment":[{"href":"https:\/\/blog.causeur.fr\/antidote\/wp-json\/wp\/v2\/media?parent=3045"}],"wp:term":[{"taxonomy":"category","embeddable":true,"href":"https:\/\/blog.causeur.fr\/antidote\/wp-json\/wp\/v2\/categories?post=3045"},{"taxonomy":"post_tag","embeddable":true,"href":"https:\/\/blog.causeur.fr\/antidote\/wp-json\/wp\/v2\/tags?post=3045"}],"curies":[{"name":"wp","href":"https:\/\/api.w.org\/{rel}","templated":true}]}}