{"id":3049,"date":"2015-09-16T12:00:37","date_gmt":"2015-09-16T12:00:37","guid":{"rendered":"http:\/\/blog.causeur.fr\/antidote\/?p=3049"},"modified":"2021-04-26T16:10:13","modified_gmt":"2021-04-26T14:10:13","slug":"regionales-le-ps-en-a-ras-le-front-republicain","status":"publish","type":"post","link":"https:\/\/blog.causeur.fr\/antidote\/regionales-le-ps-en-a-ras-le-front-republicain-3049","title":{"rendered":"R\u00e9gionales : le PS en a ras le front r\u00e9publicain"},"content":{"rendered":"<h3><strong>Face au FN, Cambad\u00e9lis change enfin de braquet<\/strong><\/h3>\n<p>&nbsp;<\/p>\n<p><a href=\"http:\/\/blog.causeur.fr\/antidote\/files\/2015\/09\/arkilovitch.jpg\"><img loading=\"lazy\" decoding=\"async\" class=\"alignleft size-medium wp-image-3051\" src=\"http:\/\/blog.causeur.fr\/antidote\/files\/2015\/09\/arkilovitch-300x168.jpg\" alt=\"\" width=\"300\" height=\"168\" srcset=\"https:\/\/blog.causeur.fr\/antidote\/wp-content\/uploads\/sites\/9\/2015\/09\/arkilovitch-300x168.jpg 300w, https:\/\/blog.causeur.fr\/antidote\/wp-content\/uploads\/sites\/9\/2015\/09\/arkilovitch-1024x576.jpg 1024w, https:\/\/blog.causeur.fr\/antidote\/wp-content\/uploads\/sites\/9\/2015\/09\/arkilovitch.jpg 1280w\" sizes=\"auto, (max-width: 300px) 100vw, 300px\" \/><\/a>Juin 2012, Carpentras. Madame Arkilovitch, candidate socialiste aux l\u00e9gislatives, arrive en troisi\u00e8me position derri\u00e8re Marion Mar\u00e9chal Le Pen (FN) et Jean-Michel Ferrand (UMP). Contrairement \u00e0 tous les candidats du PS plac\u00e9s dans cette situation, elle refuse de se retirer, et pr\u00e9sente sa candidature pour le second tour. Qualifi\u00e9e de \u00ab\u00a0candidate de la honte\u00a0\u00bb par SOS Racisme, d\u00e9savou\u00e9e par Martine Aubry encore aux commandes du PS, Catherine Arkilovitch se retirera de la vie politique \u00e9c\u0153ur\u00e9e, ce qui dispensera le PS de l\u2019exclure. Mais la proc\u00e9dure \u00e9tait certainement dans les tuyaux.<!--more--><\/p>\n<p>Pourtant, le raisonnement de Catherine Arkilovitch \u00e9tait juste. Pour elle, permettre l\u2019\u00e9lection du candidat de l\u2019UMP ultra-droitier Jean-Michel Ferrand plut\u00f4t que risquer de faire \u00e9lire la candidate frontiste \u00e9tait une faute politique. <a href=\"http:\/\/www.causeur.fr\/front-republicain-chirac-juppe-26796.html\" target=\"_blank\" rel=\"noopener\">Tout d\u2019abord parce que Jean-Michel Ferrand ne lui aurait pas accord\u00e9 la r\u00e9ciproque<\/a>. Ensuite, parce qu\u2019il n\u2019\u00e9tait pas forc\u00e9ment moins \u00e0 droite que Marion Mar\u00e9chal-Le Pen. Enfin, parce que le taux d\u2019abstention laissait une infime chance de l\u2019emporter et qu\u2019elle pouvait consid\u00e9rer \u00e0 bon droit que ses \u00e9lecteurs du premier tour ne l\u2019avaient pas mandat\u00e9e pour qu\u2019elle abandonne avant la fin du match, surtout contre son adversaire habituel. Au soir du second tour, avec la victoire de la petite-fille de Jean-Marie Le Pen, elle fut d\u2019autant plus montr\u00e9e du doigt et tra\u00een\u00e9e dans la boue. Lors des derni\u00e8res \u00e9lections municipales, quelques candidats socialistes, \u00e0 B\u00e9ziers notamment, l\u2019ont imit\u00e9. Ils ne souhaitaient pas \u00eatre aussi les cocus du front r\u00e9publicain. Montr\u00e9s du doigt, accus\u00e9s d\u2019avoir permis l\u2019\u00e9lection de Robert M\u00e9nard alors que leur retrait ne l\u2019aurait pas n\u00e9cessairement emp\u00each\u00e9e, il ont\u00a0 tenu bon, certains que leur disparition compl\u00e8te du conseil municipal constituait un suicide politique.<\/p>\n<p>Et puis vint ce week-end. Ce moment o\u00f9 Jean-Christophe Cambad\u00e9lis annon\u00e7a que, tout compte fait, d\u00e9cider d\u00e8s maintenant de s\u2019effacer derri\u00e8re Xavier Bertrand ou Christian Estrosi en cas de troisi\u00e8me place au soir du premier tour des r\u00e9gionales, et dispara\u00eetre ainsi pour six ans des conseils r\u00e9gionaux, n\u2019\u00e9tait finalement pas une si bonne id\u00e9e. Selon Alexandre Kara, \u00e9ditorialiste politique \u00e0 Europe 1, la d\u00e9cision aurait \u00e9t\u00e9 prise \u00e0 l\u2019Elys\u00e9e. Le front r\u00e9publicain, qui ne b\u00e9n\u00e9ficiait jusqu\u2019alors qu\u2019au candidat de droite pr\u00e9sent au deuxi\u00e8me tour contre le FN, est donc mort et enterr\u00e9. Le PS a d\u00e9cid\u00e9 de ne plus tomber dans le pi\u00e8ge qu\u2019il s\u2019\u00e9tait lui-m\u00eame tendu, croyant alors emb\u00eater la droite qui en \u00e9tait \u00e9lectoralement la seule b\u00e9n\u00e9ficiaire. Le PS ne veut plus \u00eatre cocu. C\u2019est officiel. Certes, il y a bien ce ministre \u00ab\u00a0influent et anonyme\u00a0\u00bb qui proposerait de sauver les apparences du front r\u00e9publicain en pr\u00f4nant une fusion des listes avec la droite dans ces deux r\u00e9gions d\u00e9cisives o\u00f9 Mesdames Le Pen peuvent l\u2019emporter.<\/p>\n<p>Le ministre en question, conscient que la disparition totale de la gauche dans des assembl\u00e9es r\u00e9gionales ressemblerait \u00e0 un suicide, propose de formaliser \u00ab\u00a0l\u2019UMPS ou le RPS\u00a0\u00bb provoquant le rire \u00e0 peine \u00e9touff\u00e9 de Florian Philippot. Camba se met en col\u00e8re. Il twitte\u00a0! Le ministre doit se nommer ou se taire\u00a0! Affaire class\u00e9e. D\u2019autant que seul un \u00e9lu LR, le s\u00e9nateur Lecerf, accueille favorablement la proposition.<\/p>\n<p>Mais il n\u2019y aura pas, soyons-en certains, de r\u00e9habilitation solennelle de celle qui avait montr\u00e9 la voie de la raison du cot\u00e9 de Carpentras. Alors que Jean-Christophe Cambad\u00e9lis vient d\u2019acter la mort officielle du \u00ab front r\u00e9publicain\u00a0\u00bb, sans que SOS Racisme ne moufte, Catherine Arkilovitch\u00a0 doit m\u00e9diter sur la fameuse citation d\u2019Edgar Faure\u00a0: \u00ab\u00a0avoir raison trop t\u00f4t est un grand tort\u00a0\u00bb.<\/p>\n","protected":false},"excerpt":{"rendered":"<p>Face au FN, Cambad\u00e9lis change enfin de braquet &nbsp; Juin 2012, Carpentras. Madame Arkilovitch, candidate socialiste aux l\u00e9gislatives, arrive en troisi\u00e8me position derri\u00e8re Marion Mar\u00e9chal Le Pen (FN) et Jean-Michel Ferrand (UMP). Contrairement \u00e0 tous les candidats du PS plac\u00e9s dans cette situation, elle refuse de se retirer, et pr\u00e9sente sa candidature pour le second [&hellip;]<\/p>\n","protected":false},"author":10,"featured_media":0,"comment_status":"open","ping_status":"open","sticky":false,"template":"","format":"standard","meta":{"footnotes":""},"categories":[5],"tags":[],"class_list":{"0":"post-3049","1":"post","2":"type-post","3":"status-publish","4":"format-standard","6":"category-sulfate"},"_links":{"self":[{"href":"https:\/\/blog.causeur.fr\/antidote\/wp-json\/wp\/v2\/posts\/3049","targetHints":{"allow":["GET"]}}],"collection":[{"href":"https:\/\/blog.causeur.fr\/antidote\/wp-json\/wp\/v2\/posts"}],"about":[{"href":"https:\/\/blog.causeur.fr\/antidote\/wp-json\/wp\/v2\/types\/post"}],"author":[{"embeddable":true,"href":"https:\/\/blog.causeur.fr\/antidote\/wp-json\/wp\/v2\/users\/10"}],"replies":[{"embeddable":true,"href":"https:\/\/blog.causeur.fr\/antidote\/wp-json\/wp\/v2\/comments?post=3049"}],"version-history":[{"count":0,"href":"https:\/\/blog.causeur.fr\/antidote\/wp-json\/wp\/v2\/posts\/3049\/revisions"}],"wp:attachment":[{"href":"https:\/\/blog.causeur.fr\/antidote\/wp-json\/wp\/v2\/media?parent=3049"}],"wp:term":[{"taxonomy":"category","embeddable":true,"href":"https:\/\/blog.causeur.fr\/antidote\/wp-json\/wp\/v2\/categories?post=3049"},{"taxonomy":"post_tag","embeddable":true,"href":"https:\/\/blog.causeur.fr\/antidote\/wp-json\/wp\/v2\/tags?post=3049"}],"curies":[{"name":"wp","href":"https:\/\/api.w.org\/{rel}","templated":true}]}}