{"id":3052,"date":"2015-09-24T12:00:42","date_gmt":"2015-09-24T12:00:42","guid":{"rendered":"http:\/\/blog.causeur.fr\/antidote\/?p=3052"},"modified":"2021-04-26T16:10:13","modified_gmt":"2021-04-26T14:10:13","slug":"bygmalion-la-guerre-sarkozy-cope-est-declaree","status":"publish","type":"post","link":"https:\/\/blog.causeur.fr\/antidote\/bygmalion-la-guerre-sarkozy-cope-est-declaree-3052","title":{"rendered":"Bygmalion: la guerre Sarkozy-Cop\u00e9 est d\u00e9clar\u00e9e"},"content":{"rendered":"<h3>Qui va garder les sarkop\u00e9istes?<\/h3>\n<h3><\/h3>\n<p><a href=\"http:\/\/blog.causeur.fr\/antidote\/files\/2015\/09\/sarkop\u00e9.jpg\"><img loading=\"lazy\" decoding=\"async\" class=\"alignleft size-medium wp-image-3053\" src=\"http:\/\/blog.causeur.fr\/antidote\/files\/2015\/09\/sarkop\u00e9-300x150.jpg\" alt=\"\" width=\"300\" height=\"150\" srcset=\"https:\/\/blog.causeur.fr\/antidote\/wp-content\/uploads\/sites\/9\/2015\/09\/sarkop\u00e9-300x150.jpg 300w, https:\/\/blog.causeur.fr\/antidote\/wp-content\/uploads\/sites\/9\/2015\/09\/sarkop\u00e9.jpg 318w\" sizes=\"auto, (max-width: 300px) 100vw, 300px\" \/><\/a>Chez les R\u00e9publicains, la guerre est vraiment d\u00e9clar\u00e9e. Nous n\u2019\u00e9voquerons le duel entre Nicolas Sarkozy et Alain Jupp\u00e9. Ni m\u00eame l\u2019affrontement entre Nicolas Sarkozy et Fran\u00e7ois Fillon. Non, c\u2019est d\u2019une autre guerre qu\u2019il est question ici. Elle est judiciaire et elle oppose Nicolas Sarkozy et Jean-Fran\u00e7ois Cop\u00e9.<\/p>\n<p>Nicolas Sarkozy a \u00e9t\u00e9 entendu par la police au sujet de l\u2019affaire Bygmalion. Rappelons que cette affaire avait provoqu\u00e9 le d\u00e9part de Jean-Fran\u00e7ois Cop\u00e9 et la nouvelle \u00e9lection du pr\u00e9sident de l\u2019UMP, \u00e0 laquelle l\u2019ancien pr\u00e9sident de la R\u00e9publique s\u2019\u00e9tait finalement pr\u00e9sent\u00e9, pr\u00e9cipitant son retour dans l\u2019ar\u00e8ne politique. <!--more-->A l\u2019\u00e9poque, l\u2019avocat de l\u2019un des associ\u00e9s de Bygmalion avait reconnu que son client avait \u00e9t\u00e9 contraint de facturer des fausses prestations \u00e0 l\u2019UMP afin de compenser la non-facturation sur le compte de campagne de Nicolas Sarkozy (campagne 2012), maquillant ainsi un d\u00e9passement de dix-huit millions d\u2019euros du plafond des d\u00e9penses autoris\u00e9es par la loi. Le bras droit de Jean-Fran\u00e7ois Cop\u00e9, J\u00e9r\u00f4me Lavrilleux, qui \u00e9tait aussi directeur-adjoint de la campagne de Nicolas Sarkozy, avait confirm\u00e9 le lendemain \u00e0 la t\u00e9l\u00e9vision.<\/p>\n<p>Depuis lors, deux th\u00e8ses s\u2019affrontent, ou plut\u00f4t trois. La premi\u00e8re, c\u2019est celle de Ma\u00eetre Maisonneuve, avocat de Guy Alves, qui co-dirigeait Bygmalion, confirm\u00e9e par J\u00e9r\u00f4me Lavrilleux, que nous venons de d\u00e9tailler. La seconde, c\u2019est celle du \u00ab tr\u00e9sor de guerre de Cop\u00e9 \u00bb. Lavrilleux mentirait et les dix-huit millions factur\u00e9s \u00e0 tort \u00e0 l\u2019UMP auraient \u00e9t\u00e9 d\u00e9tourn\u00e9s afin de financer les projets de carri\u00e8re de Jean-Fran\u00e7ois Cop\u00e9, gr\u00e2ce \u00e0 la complicit\u00e9 de ses amis de Bygmalion. La troisi\u00e8me th\u00e8se serait un savant m\u00e9lange des deux pr\u00e9c\u00e9dentes dans des proportions qui resteraient \u00e0 d\u00e9terminer.<\/p>\n<p>Il faut pr\u00e9ciser que J\u00e9r\u00f4me Lavrilleux n\u2019a jamais accus\u00e9 Nicolas Sarkozy d\u2019\u00eatre au courant du syst\u00e8me de fausse facturation qu\u2019il d\u00e9crit. Il a vis\u00e9 son directeur de campagne, le pr\u00e9fet Guillaume Lambert. Quant \u00e0 Jean-Fran\u00e7ois Cop\u00e9, il a toujours dit tomber des nues. Nicolas Sarkozy n\u2019a pas les pudeurs de Lavrilleux et Cop\u00e9. Il a toujours laiss\u00e9 entendre qu\u2019il ne croyait pas au d\u00e9passement des frais de campagne ; ce qui valait implicitement adh\u00e9sion \u00e0 la th\u00e8se du \u00ab tr\u00e9sor de guerre \u00bb. Mais lors de l\u2019audition dont la presse s\u2019est fait l\u2019\u00e9cho mercredi, il est entr\u00e9 dans le domaine de l\u2019explicite. Il a charg\u00e9 Cop\u00e9, cet homme qui \u00ab a toujours travaill\u00e9 avec Bygmalion \u00bb, et s\u2019est \u00e9tonn\u00e9 que l\u2019ex-secr\u00e9taire g\u00e9n\u00e9ral de l\u2019UMP \u00ab \u00e9tait tenu inform\u00e9 de [son] compte de campagne par J\u00e9r\u00f4me Lavrilleux \u00bb. Et surtout, il a soutenu son directeur de campagne Guillaume Lambert, dont la responsabilit\u00e9 \u00e9tait point\u00e9e par Lavrilleux. Pour Nicolas Sarkozy, il n\u2019y a pas pu avoir de d\u00e9passement des frais de campagne. La fausse facturation de dix-huit millions d\u2019euros a donc profit\u00e9 \u00e0 d\u2019autres causes qu\u2019au financement de sa campagne \u00e9lectorale. Suite aux r\u00e9v\u00e9lations de L\u2019Obs, Jean-Fran\u00e7ois Cop\u00e9 a dit ne pas vouloir croire que Nicolas Sarkozy avait pu tenir de tels propos devant la police. Apr\u00e8s tout, il n\u2019a jamais mis en cause l\u2019ancien pr\u00e9sident. Que ce dernier le charge devant la police, c\u2019est un coup tr\u00e8s rude.<\/p>\n<p>Trois questions se posent d\u00e9sormais.<\/p>\n<p>Primo, quelle va \u00eatre l\u2019attitude de Jean-Fran\u00e7ois Cop\u00e9 ? Apr\u00e8s tout, la soci\u00e9t\u00e9 Bygmalion a \u00e9t\u00e9 liquid\u00e9e. Cela ne colle gu\u00e8re avec une entreprise qui collecte un tr\u00e9sor de guerre. Si ce dernier existe, o\u00f9 est-il ? On ne sait malheureusement pas o\u00f9 en est l\u2019enqu\u00eate sur l\u2019existence d\u2019un tel d\u00e9tournement. A-t-elle seulement d\u00e9but\u00e9 ? Si ce n\u2019est pas le cas, Nicolas Sarkozy vient en tout cas de conseiller aimablement \u00e0 la justice de le faire\u2026 Toujours est-il que l\u2019accusation de d\u00e9tournement de fonds d\u2019un tel montant va sans doute amener Cop\u00e9 \u00e0 contre-attaquer. Il a d\u00e9j\u00e0 d\u00e9montr\u00e9 en d\u2019autres circonstances (souvenons-nous de la guerre avec Fillon) qu\u2019il n\u2019\u00e9tait pas du genre \u00e0 se laisser marcher sur les pieds. Quant \u00e0 J\u00e9r\u00f4me Lavrilleux, ce n\u2019est pas pour rien qu\u2019il a \u00e9t\u00e9 qualifi\u00e9 de \u00ab grenade d\u00e9goupill\u00e9e \u00bb par certains pontes de l\u2019ex-UMP. Le fait que Nicolas Sarkozy apporte son soutien \u00e0 Guillaume Lambert et renvoie Lavrilleux et Cop\u00e9 \u00e0 leurs affaires avec Bygmalion a d\u00fb \u00eatre ressenti comme une humiliation supr\u00eame. De toute \u00e9vidence, ces deux-l\u00e0 ne demeureront pas inertes.<\/p>\n<p>Deuxio, quelles r\u00e9percussions sur la primaire ? Tout d\u00e9pendra d\u2019abord de l\u2019avancement de l\u2019enqu\u00eate. Et si comme cette fois, les PV d\u2019audition arrivent sur la place publique au gr\u00e9 de l\u2019int\u00e9r\u00eat des diff\u00e9rentes parties, cela risque de ne pas \u00eatre triste. Il y a quelques jours, commen\u00e7ait \u00e0 bruisser la rumeur d\u2019une candidature de Jean-Fran\u00e7ois Cop\u00e9. Nous n\u2019y croyons pas une seconde. En revanche, son ralliement \u00e0 Jupp\u00e9 et son retour d\u00e9finitif dans le giron chiraquien historique semble davantage cr\u00e9dible. Pas s\u00fbr, d\u2019ailleurs, que le maire de Bordeaux appr\u00e9cie d\u2019\u00eatre bruyamment soutenu par une personnalit\u00e9 \u00e0 l\u2019image aussi ab\u00eem\u00e9e.<\/p>\n<p>Tertio, que vont devenir les \u00ab sarkop\u00e9istes \u00bb ? Cette cat\u00e9gorie \u00e9tait n\u00e9e lors de l\u2019affrontement entre Cop\u00e9 et Fillon. L\u2019ex-pr\u00e9sident avait soutenu le premier contre le second. Et on avait vu en premi\u00e8re ligne des partisans z\u00e9l\u00e9s qui se pr\u00e9sentaient comme autant sarkozystes que cop\u00e9istes. C\u2019\u00e9tait notamment le cas de Nadine Morano (qui semble depuis quelques mois prendre ses distances avec Nicolas Sarkozy, jusqu\u2019\u00e0 envisager une candidature \u00e0 la primaire), sa coll\u00e8gue de Meurthe et Moselle Val\u00e9rie Debord, S\u00e9bastien Huygue, aujourd\u2019hui porte-parole de LR nomm\u00e9 par Sarkozy, ou encore Roger Karoutchi. Comment se positionneront tous ces gens quand la guerre fera rage ?<\/p>\n<p>Qu\u2019on le veuille ou non, Bygmalion demeure le plus gros caillou dans la chaussure de Nicolas Sarkozy dans sa route vers la reconqu\u00eate. Sauf si on trouve l\u2019\u00e9ventuel \u00ab tr\u00e9sor de guerre \u00bb cop\u00e9iste, la th\u00e8se du maquillage du d\u00e9passement de compte de campagne semble devoir \u00eatre la piste privil\u00e9gi\u00e9e du p\u00f4le financier. Et m\u00eame si on ne parvient pas \u00e0 prouver que Nicolas Sarkozy \u00e9tait au courant de ce tour de passe-passe, il restera toujours un doute, renforc\u00e9 par le fait que tout le monde conna\u00eet ses pr\u00e9dispositions en mati\u00e8re d\u2019\u00e9valuation de ce que peuvent co\u00fbter des meetings, lui-m\u00eame en ayant organis\u00e9 des centaines pour d\u2019autres que lui. C\u2019est certainement la raison pour laquelle il a d\u00e9cid\u00e9 de d\u00e9clarer la guerre \u00e0 Cop\u00e9 qu\u2019il n\u2019a jamais port\u00e9 dans son c\u0153ur, au risque de provoquer des dommages collat\u00e9raux importants et d\u2019\u00e9corner son image toute neuve de gentil rassembleur des R\u00e9publicains.<\/p>\n","protected":false},"excerpt":{"rendered":"<p>Qui va garder les sarkop\u00e9istes? Chez les R\u00e9publicains, la guerre est vraiment d\u00e9clar\u00e9e. Nous n\u2019\u00e9voquerons le duel entre Nicolas Sarkozy et Alain Jupp\u00e9. Ni m\u00eame l\u2019affrontement entre Nicolas Sarkozy et Fran\u00e7ois Fillon. Non, c\u2019est d\u2019une autre guerre qu\u2019il est question ici. Elle est judiciaire et elle oppose Nicolas Sarkozy et Jean-Fran\u00e7ois Cop\u00e9. Nicolas Sarkozy a [&hellip;]<\/p>\n","protected":false},"author":10,"featured_media":0,"comment_status":"open","ping_status":"open","sticky":false,"template":"","format":"standard","meta":{"footnotes":""},"categories":[4],"tags":[],"class_list":{"0":"post-3052","1":"post","2":"type-post","3":"status-publish","4":"format-standard","6":"category-oxygene"},"_links":{"self":[{"href":"https:\/\/blog.causeur.fr\/antidote\/wp-json\/wp\/v2\/posts\/3052","targetHints":{"allow":["GET"]}}],"collection":[{"href":"https:\/\/blog.causeur.fr\/antidote\/wp-json\/wp\/v2\/posts"}],"about":[{"href":"https:\/\/blog.causeur.fr\/antidote\/wp-json\/wp\/v2\/types\/post"}],"author":[{"embeddable":true,"href":"https:\/\/blog.causeur.fr\/antidote\/wp-json\/wp\/v2\/users\/10"}],"replies":[{"embeddable":true,"href":"https:\/\/blog.causeur.fr\/antidote\/wp-json\/wp\/v2\/comments?post=3052"}],"version-history":[{"count":0,"href":"https:\/\/blog.causeur.fr\/antidote\/wp-json\/wp\/v2\/posts\/3052\/revisions"}],"wp:attachment":[{"href":"https:\/\/blog.causeur.fr\/antidote\/wp-json\/wp\/v2\/media?parent=3052"}],"wp:term":[{"taxonomy":"category","embeddable":true,"href":"https:\/\/blog.causeur.fr\/antidote\/wp-json\/wp\/v2\/categories?post=3052"},{"taxonomy":"post_tag","embeddable":true,"href":"https:\/\/blog.causeur.fr\/antidote\/wp-json\/wp\/v2\/tags?post=3052"}],"curies":[{"name":"wp","href":"https:\/\/api.w.org\/{rel}","templated":true}]}}