{"id":3055,"date":"2015-10-01T12:18:22","date_gmt":"2015-10-01T12:18:22","guid":{"rendered":"http:\/\/blog.causeur.fr\/antidote\/?p=3055"},"modified":"2021-04-26T16:10:13","modified_gmt":"2021-04-26T14:10:13","slug":"la-catalogne-futur-pays-membre-de-lue","status":"publish","type":"post","link":"https:\/\/blog.causeur.fr\/antidote\/la-catalogne-futur-pays-membre-de-lue-3055","title":{"rendered":"La Catalogne, futur pays membre de l\u2019UE?"},"content":{"rendered":"<h3>L\u2019Europe des r\u00e9gions \u00e0 l\u2019\u00e9preuve du s\u00e9paratisme<\/h3>\n<p>&nbsp;<\/p>\n<p><a href=\"http:\/\/blog.causeur.fr\/antidote\/files\/2015\/10\/catalogne.jpg\"><img loading=\"lazy\" decoding=\"async\" class=\"alignleft size-medium wp-image-3056\" src=\"http:\/\/blog.causeur.fr\/antidote\/files\/2015\/10\/catalogne-300x150.jpg\" alt=\"\" width=\"300\" height=\"150\" srcset=\"https:\/\/blog.causeur.fr\/antidote\/wp-content\/uploads\/sites\/9\/2015\/10\/catalogne-300x150.jpg 300w, https:\/\/blog.causeur.fr\/antidote\/wp-content\/uploads\/sites\/9\/2015\/10\/catalogne.jpg 318w\" sizes=\"auto, (max-width: 300px) 100vw, 300px\" \/><\/a>\u00ab Quoi qu\u2019il arrive, la Corse restera europ\u00e9enne \u00bb. Cette d\u00e9claration avait cr\u00e9\u00e9 un toll\u00e9 il y a plus de vingt ans, alors que Pierre Joxe souhaitait \u00e0 la m\u00eame \u00e9poque introduire la notion de \u00ab peuple corse \u00bb dans le Droit fran\u00e7ais, ce que censura fort justement le Conseil constitutionnel. C\u2019\u00e9tait aussi l\u2019\u00e9poque o\u00f9 s\u2019installait le fameux \u00ab comit\u00e9 des r\u00e9gions \u00bb, auquel le trait\u00e9 de Maastricht avait donn\u00e9 la facult\u00e9 de donner son avis sur tous les textes de la Commission europ\u00e9enne. L\u2019auteur de cette d\u00e9claration, c\u2019\u00e9tait Jacques Delors, le P\u00e8re de l\u2019Europe d\u2019aujourd\u2019hui, qui envisageait tranquillement le d\u00e9part de la Corse de la R\u00e9publique, pourvu qu\u2019elle rest\u00e2t dans l\u2019Union europ\u00e9enne.<!--more--> Ce jeu des institutions europ\u00e9ennes avec les r\u00e9gions, la facult\u00e9 nouvelle de ces deux \u00e9chelons de se parler par-dessus l\u2019\u00e9paule des Etats-Nations n\u2019a pas cess\u00e9. \u00ab A Bruxelles, j\u2019enl\u00e8ve le haut, et le bas \u00e0 Ajaccio \u00bb, plaisantait William Abitbol, conseiller de Charles Pasqua. L\u2019Etat-Nation devait \u00eatre mis \u00e0 poil. Litt\u00e9ralement. Mais la crise financi\u00e8re l\u2019a remis \u00e0 la mode, et depuis, la Commission semble \u00e0 la remorque. A force de passer par-dessus l\u2019\u00e9paule de leur Etat-Nation, certaines identit\u00e9s r\u00e9gionales ont pris de l\u2019assurance, au point de r\u00e9clamer aujourd\u2019hui l\u2019ind\u00e9pendance : La Flandre avant-hier, L\u2019Ecosse hier, la Catalogne aujourd\u2019hui, et d\u2019autres encore demain. L\u2019Union europ\u00e9enne r\u00e9colte aujourd\u2019hui les fruits de son jeu dangereux. Elle s\u2019affole. Voil\u00e0 que les institutions de Bruxelles, enfin conscientes du danger que les s\u00e9paratismes font peser sur la stabilit\u00e9 du continent, menacent. Ceux qui se s\u00e9pareraient de leur Etat membre de l\u2019UE, la Catalogne, comme l\u2019Ecosse au moment de son r\u00e9f\u00e9rendum, sortiraient aussi de l\u2019Union europ\u00e9enne et de l\u2019euro. Et il faudrait \u00e0 ces nouveaux Etats d\u00e9poser une candidature qui prendrait des ann\u00e9es \u00e0 aboutir. De m\u00eame, Nicolas Sarkozy est all\u00e9 apporter son soutien aux tenants de l\u2019unit\u00e9 espagnole. Il y a sept ans, le m\u00eame s\u2019\u00e9tait fait tancer par Madrid pour avoir reconnu unilat\u00e9ralement l\u2019ind\u00e9pendance du Kosovo. Les pyromanes sont devenus pompiers.<\/p>\n<p>Car c\u2019est bien d\u2019un feu qu\u2019il s\u2019agit. Peut-on vraiment exclure pour l\u2019Espagne un sc\u00e9nario \u00e0 la yougoslave ? Songeons que si les partis favorables \u00e0 l\u2019ind\u00e9pendance catalane ont obtenu la majorit\u00e9 en si\u00e8ges aux \u00e9lections de dimanche, ils n\u2019ont pas obtenu la majorit\u00e9 en voix. Nous sommes en pr\u00e9sence d\u2019une r\u00e9gion coup\u00e9e en deux moiti\u00e9s de poids \u00e9quivalents. Pense-t-on que Madrid acceptera une s\u00e9paration de velours de type tch\u00e9coslovaque, alors que le Pays basque ne demanderait alors qu\u2019\u00e0 imiter les Catalans ? Et si finalement Madrid c\u00e9dait, la Catalogne ind\u00e9pendante souhaitera-t-elle ensuite sa r\u00e9unification ? R\u00e9clamera-t-elle Perpignan et Collioure ? Alors que de doux r\u00eaveurs pensent d\u00e9j\u00e0 \u00e0 r\u00e9cup\u00e9rer le FC Barcelone dans la Ligue 1 fran\u00e7aise, prenons garde \u00e0 ce que notre pays ne devienne pas rapidement une victime collat\u00e9rale d\u2019une \u00e9ventuelle d\u00e9claration d\u2019ind\u00e9pendance catalane.<\/p>\n<p>Quant \u00e0 l\u2019Union europ\u00e9enne, elle finirait par s\u2019\u00e9crouler sur la t\u00eate de ses architectes imprudents, qui avaient tant pris soin d\u2019affaiblir les murs porteurs de la construction.<\/p>\n","protected":false},"excerpt":{"rendered":"<p>L\u2019Europe des r\u00e9gions \u00e0 l\u2019\u00e9preuve du s\u00e9paratisme &nbsp; \u00ab Quoi qu\u2019il arrive, la Corse restera europ\u00e9enne \u00bb. Cette d\u00e9claration avait cr\u00e9\u00e9 un toll\u00e9 il y a plus de vingt ans, alors que Pierre Joxe souhaitait \u00e0 la m\u00eame \u00e9poque introduire la notion de \u00ab peuple corse \u00bb dans le Droit fran\u00e7ais, ce que censura fort [&hellip;]<\/p>\n","protected":false},"author":10,"featured_media":0,"comment_status":"open","ping_status":"open","sticky":false,"template":"","format":"standard","meta":{"footnotes":""},"categories":[5],"tags":[],"class_list":{"0":"post-3055","1":"post","2":"type-post","3":"status-publish","4":"format-standard","6":"category-sulfate"},"_links":{"self":[{"href":"https:\/\/blog.causeur.fr\/antidote\/wp-json\/wp\/v2\/posts\/3055","targetHints":{"allow":["GET"]}}],"collection":[{"href":"https:\/\/blog.causeur.fr\/antidote\/wp-json\/wp\/v2\/posts"}],"about":[{"href":"https:\/\/blog.causeur.fr\/antidote\/wp-json\/wp\/v2\/types\/post"}],"author":[{"embeddable":true,"href":"https:\/\/blog.causeur.fr\/antidote\/wp-json\/wp\/v2\/users\/10"}],"replies":[{"embeddable":true,"href":"https:\/\/blog.causeur.fr\/antidote\/wp-json\/wp\/v2\/comments?post=3055"}],"version-history":[{"count":0,"href":"https:\/\/blog.causeur.fr\/antidote\/wp-json\/wp\/v2\/posts\/3055\/revisions"}],"wp:attachment":[{"href":"https:\/\/blog.causeur.fr\/antidote\/wp-json\/wp\/v2\/media?parent=3055"}],"wp:term":[{"taxonomy":"category","embeddable":true,"href":"https:\/\/blog.causeur.fr\/antidote\/wp-json\/wp\/v2\/categories?post=3055"},{"taxonomy":"post_tag","embeddable":true,"href":"https:\/\/blog.causeur.fr\/antidote\/wp-json\/wp\/v2\/tags?post=3055"}],"curies":[{"name":"wp","href":"https:\/\/api.w.org\/{rel}","templated":true}]}}