{"id":3058,"date":"2015-10-08T07:00:56","date_gmt":"2015-10-08T07:00:56","guid":{"rendered":"http:\/\/blog.causeur.fr\/antidote\/?p=3058"},"modified":"2021-04-26T16:10:13","modified_gmt":"2021-04-26T14:10:13","slug":"nadine-morano-bouc-emissaire-des-politiques","status":"publish","type":"post","link":"https:\/\/blog.causeur.fr\/antidote\/nadine-morano-bouc-emissaire-des-politiques-3058","title":{"rendered":"Nadine Morano, bouc \u00e9missaire des politiques?"},"content":{"rendered":"<h3>De Valls \u00e0 NKM, la valse des gadins<\/h3>\n<p>&nbsp;<\/p>\n<p><a href=\"http:\/\/blog.causeur.fr\/antidote\/files\/2009\/10\/morano2.jpg\"><img loading=\"lazy\" decoding=\"async\" class=\"alignleft size-full wp-image-417\" src=\"http:\/\/blog.causeur.fr\/antidote\/files\/2009\/10\/morano2.jpg\" alt=\"\" width=\"160\" height=\"240\" \/><\/a>Depuis une dizaine de jours, la politique fran\u00e7aise tourne autour de Nadine Morano. Et le moins qu\u2019on puisse dire, c\u2019est que c\u2019est plut\u00f4t divertissant. Tous les personnages, et pas seulement celle que Guy Carlier surnommait affectueusement sa \u00ab\u00a0chanson populaire\u00a0\u00bb, s\u2019en donnent \u00e0 c\u0153ur joie. Et si \u00e7a se trouve, l\u2019histoire n\u2019est pas encore finie.<\/p>\n<p>Mais reprenons. L\u2019autre samedi, Nadine Morano a cit\u00e9 approximativement le G\u00e9n\u00e9ral de Gaulle \u00e0 propos de la France, un \u00ab\u00a0pays de race blanche\u00a0\u00bb. Nous ne reviendrons pas sur le fond du d\u00e9bat et pr\u00e9f\u00e9rons laisser la parole \u00e0 Hubert V\u00e9drine qui a sagement rappel\u00e9 d\u2019anciennes phrases de Jules Ferry et de L\u00e9on Blum afin de souligner que le lynchage de l\u2019ancienne ministre ne valait pas mieux que ces citations sorties de leur contexte.<\/p>\n<p>\u00c0 sa d\u00e9charge, la d\u00e9put\u00e9 europ\u00e9enne a soulag\u00e9 l\u2019infortun\u00e9e Ma\u00eftena Biraben en la suppl\u00e9ant au pilori m\u00e9diatique sur lequel elle \u00e9tait expos\u00e9e depuis trois jours. D\u2019un autre c\u00f4t\u00e9, Morano devient l\u2019\u00e9g\u00e9rie de toute une droitosph\u00e8re qui oublie subitement son militantisme en faveur de la GPA, du statut de beau-parent et de l\u2019euthanasie, ce que la gauche soci\u00e9tale ingrate qui lui tape dessus \u00e0 bras raccourcis omet \u00e9galement. On oublie aussi que Nadine Morano a d\u00e9but\u00e9 l\u2019an dernier sa campagne europ\u00e9enne en s\u2019inclinant devant les cendres de Robert Schuman, qui n\u2019\u00e9tait pas pr\u00e9cis\u00e9ment la cup of tea du G\u00e9n\u00e9ral. Pour une gaulliste intransigeante, il y a tout de m\u00eame mieux.<!--more--><\/p>\n<p>Voil\u00e0 que Manuel Valls himself s\u2019en m\u00eale apr\u00e8s quatre jours de mise \u00e0 mort m\u00e9diatique. Devant la repr\u00e9sentation nationale, il explique sur un ton encore plus martial que d\u2019habitude \u2013c\u2019est dire s\u2019il m\u2019a fichu les jetons- qu\u2019il ne \u00ab\u00a0faut plus accepter aucun d\u00e9rapage\u00a0!\u00a0\u00bb. Chez moi, la peur a bien vite laiss\u00e9 place \u00e0 une franche hilarit\u00e9, puisque je me souviens que le m\u00eame Manuel Valls avait \u00e9t\u00e9 fustig\u00e9 en place publique pour \u00ab\u00a0un d\u00e9rapage scandaleux\u00a0\u00bb par Faouzi Lamdaoui qui s\u2019exprimait au nom du Parti Socialiste. Alors maire d\u2019Evry en marge du PS, il avait demand\u00e9 qu\u2019on mette davantage de \u00ab\u00a0whites et de blancos\u00a0\u00bb sur son march\u00e9. On m\u2019a expliqu\u00e9 que cela n\u2019avait absolument rien \u00e0 voir avec le \u00ab\u00a0d\u00e9rapage\u00a0\u00bb de Morano, que Valls d\u00e9non\u00e7ait alors la s\u00e9gr\u00e9gation urbaine, cette fameuse apartheid \u00e0 laquelle il fera plus tard allusion. Il n\u2019en avait pas moins \u00e9t\u00e9 accus\u00e9 du fameux d\u00e9lit de d\u00e9rapage, ce qui aurait pu le rendre plus compr\u00e9hensif avec Nadine Morano. Mais la compassion n\u2019est pas le fort de notre Premier ministre qui a en plus la satisfaction de voir son accusateur d\u2019alors, Faouzi Lamdaoui, devant les tribunaux ces jours-ci. \u00ab\u00a0La routourne tourne\u00a0\u00bb, comme dirait Frank Rib\u00e9ry\u00a0!<\/p>\n<p>Du c\u00f4t\u00e9 des R\u00e9publicains, le haro sur Morano n\u2019est pas loin de rivaliser avec celui de la gauche puisque Jupp\u00e9, NKM et bien d\u2019autres viennent jeter quelques tomates \u00e0 leur bonne copine qui se trouvait t\u00eate de liste aux \u00e9lections r\u00e9gionales en Meurthe-et-Moselle. Nicolas Sarkozy, plus en tr\u00e8s bons termes avec son ex-porte-flingues, est bien emb\u00eat\u00e9 et nous gratifie aussi d\u2019une citation qui ne devrait pas \u00e9chapper au Prix de l\u2019humour politique\u00a0: \u00ab\u00a0Je demande que tout le monde ma\u00eetrise son vocabulaire\u00a0\u00bb. C\u2019est vrai qu\u2019il nous y avait habitu\u00e9s, lui. Afin de mettre en pratique cette amicale injonction, NKM se pr\u00e9cipite au Grand Journal pour qualifier les climatosceptiques de \u00ab\u00a0connards\u00a0\u00bb. Cela r\u00e9chauffe le c\u0153ur de voir \u00e0 quel point les demandes du chef sont ex\u00e9cut\u00e9es. Reste que le chef ne sait plus \u00e0 quel saint se vouer. D\u2019un c\u00f4t\u00e9, il doit d\u00e9barquer Morano de la liste des r\u00e9gionales pour ne pas mettre en p\u00e9ril les accords LR-UDI et offrir la r\u00e9gion \u00e0 Florian Philippot, de l\u2019autre, il sait que sa base soutient largement la d\u00e9put\u00e9e europ\u00e9enne. Du coup, il a l\u2019id\u00e9e ing\u00e9nieuse d\u2019utiliser le mot \u00ab\u00a0chienlit\u00a0\u00bb \u00e0 propos du conflit Air France, afin de montrer \u00e0 son bon peuple LR que lui aussi sait citer le G\u00e9n\u00e9ral de Gaulle. Son camarade Valls a \u00e9t\u00e9 bon prince en entrant dans le jeu de r\u00f4les et d\u00e9non\u00e7ant \u00ab\u00a0un mot dangereux\u00a0\u00bb. Mais l\u2019ex-pr\u00e9sident n\u2019en est pas rest\u00e9 l\u00e0. Il a fait savoir que Nadine Morano pourra rester t\u00eate de liste aux r\u00e9gionales si elle manifeste publiquement ses regrets par \u00e9crit. En somme, le principal du coll\u00e8ge a assis l\u2019\u00e9l\u00e8ve de cinqui\u00e8me blonde avec des couettes et lui demande d\u2019\u00e9crire sa lettre d\u2019excuses. Je n\u2019ai rencontr\u00e9 Nadine Morano qu\u2019une seule fois et cela suffit \u00e0 me convaincre qu\u2019elle go\u00fbte peu l\u2019id\u00e9e d\u2019\u00eatre consid\u00e9r\u00e9e comme une gamine de douze ans. Nicolas Sarkozy attendait cette missive hier soir, mais la lettre n\u2019est jamais arriv\u00e9e.<\/p>\n<p>Au contraire, Morano en a rajout\u00e9 plusieurs couches. D\u2019abord en rappelant \u00e0 Nicolas Sarkozy ses propres \u00e9carts de vocabulaire, ensuite en appelant \u00e0 la rescousse \u00ab\u00a0son amie plus noire qu\u2019une Arabe\u00a0\u00bb, laquelle serait choqu\u00e9e par ce qui lui arrive. La sc\u00e8ne nous rappelle furieusement celle jou\u00e9e par Jean Gabin dans <em>Le Pr\u00e9sident<\/em>\u00a0: \u00ab\u00a0Chaque antis\u00e9mite \u00e0 son Juif, donc chaque anticl\u00e9rical peut bien avoir son cur\u00e9\u00a0\u00bb.<\/p>\n<p>Aux derni\u00e8res nouvelles, Nadine Morano s\u2019appr\u00eaterait \u00e0 clouer notre bec \u00e0 tous en publiant un livre opportun\u00e9ment intitul\u00e9 <em>L\u2019amiti\u00e9 en noir et blanc<\/em>, co-\u00e9crit avec sa copine. Un de mes amis chroniqueurs, que je ne d\u00e9noncerai pas, m\u00eame sous la torture, m\u2019a dit souhaiter bien du plaisir \u00e0 leur \u00ab\u00a0n\u00e8gre\u00a0\u00bb.<\/p>\n","protected":false},"excerpt":{"rendered":"<p>De Valls \u00e0 NKM, la valse des gadins &nbsp; Depuis une dizaine de jours, la politique fran\u00e7aise tourne autour de Nadine Morano. Et le moins qu\u2019on puisse dire, c\u2019est que c\u2019est plut\u00f4t divertissant. Tous les personnages, et pas seulement celle que Guy Carlier surnommait affectueusement sa \u00ab\u00a0chanson populaire\u00a0\u00bb, s\u2019en donnent \u00e0 c\u0153ur joie. Et si [&hellip;]<\/p>\n","protected":false},"author":10,"featured_media":0,"comment_status":"open","ping_status":"open","sticky":false,"template":"","format":"standard","meta":{"footnotes":""},"categories":[4],"tags":[],"class_list":{"0":"post-3058","1":"post","2":"type-post","3":"status-publish","4":"format-standard","6":"category-oxygene"},"_links":{"self":[{"href":"https:\/\/blog.causeur.fr\/antidote\/wp-json\/wp\/v2\/posts\/3058","targetHints":{"allow":["GET"]}}],"collection":[{"href":"https:\/\/blog.causeur.fr\/antidote\/wp-json\/wp\/v2\/posts"}],"about":[{"href":"https:\/\/blog.causeur.fr\/antidote\/wp-json\/wp\/v2\/types\/post"}],"author":[{"embeddable":true,"href":"https:\/\/blog.causeur.fr\/antidote\/wp-json\/wp\/v2\/users\/10"}],"replies":[{"embeddable":true,"href":"https:\/\/blog.causeur.fr\/antidote\/wp-json\/wp\/v2\/comments?post=3058"}],"version-history":[{"count":0,"href":"https:\/\/blog.causeur.fr\/antidote\/wp-json\/wp\/v2\/posts\/3058\/revisions"}],"wp:attachment":[{"href":"https:\/\/blog.causeur.fr\/antidote\/wp-json\/wp\/v2\/media?parent=3058"}],"wp:term":[{"taxonomy":"category","embeddable":true,"href":"https:\/\/blog.causeur.fr\/antidote\/wp-json\/wp\/v2\/categories?post=3058"},{"taxonomy":"post_tag","embeddable":true,"href":"https:\/\/blog.causeur.fr\/antidote\/wp-json\/wp\/v2\/tags?post=3058"}],"curies":[{"name":"wp","href":"https:\/\/api.w.org\/{rel}","templated":true}]}}