{"id":3068,"date":"2015-11-09T08:00:23","date_gmt":"2015-11-09T08:00:23","guid":{"rendered":"http:\/\/blog.causeur.fr\/antidote\/?p=3068"},"modified":"2021-04-26T16:10:13","modified_gmt":"2021-04-26T14:10:13","slug":"regionales-mornes-plaines","status":"publish","type":"post","link":"https:\/\/blog.causeur.fr\/antidote\/regionales-mornes-plaines-3068","title":{"rendered":"R\u00e9gionales, mornes plaines"},"content":{"rendered":"<h3><a href=\"http:\/\/blog.causeur.fr\/antidote\/files\/2013\/03\/parti_socialiste_28juin_2008_afp.jpg\"><img loading=\"lazy\" decoding=\"async\" class=\"alignleft size-medium wp-image-2695\" src=\"http:\/\/blog.causeur.fr\/antidote\/files\/2013\/03\/parti_socialiste_28juin_2008_afp-300x137.jpg\" alt=\"\" width=\"300\" height=\"137\" srcset=\"https:\/\/blog.causeur.fr\/antidote\/wp-content\/uploads\/sites\/9\/2013\/03\/parti_socialiste_28juin_2008_afp-300x137.jpg 300w, https:\/\/blog.causeur.fr\/antidote\/wp-content\/uploads\/sites\/9\/2013\/03\/parti_socialiste_28juin_2008_afp-440x200.jpg 440w, https:\/\/blog.causeur.fr\/antidote\/wp-content\/uploads\/sites\/9\/2013\/03\/parti_socialiste_28juin_2008_afp.jpg 628w\" sizes=\"auto, (max-width: 300px) 100vw, 300px\" \/><\/a>Abstention et vote FN: on prend les m\u00eames\u2026<\/h3>\n<p>&nbsp;<\/p>\n<p>Une campagne r\u00e9gionale qui n\u2019int\u00e9resse pas grand-monde\u00a0? Cela ne date pas d\u2019aujourd\u2019hui. Je me souviens de 1998, apr\u00e8s que Philippe S\u00e9guin avait pris la t\u00eate du RPR. La premi\u00e8re campagne \u00e9lectorale qu&rsquo;il dut organiser fut les r\u00e9gionales. C\u2019est peu dire qu\u2019il n\u2019\u00e9tait pas passionn\u00e9 par ce scrutin. \u00ab\u00a0Qui va repeindre les lyc\u00e9es\u00a0?\u00a0\u00bb interrogeait-il avec une pointe de m\u00e9pris pour l\u2019institution r\u00e9gionale \u00e0 laquelle il ne croyait gu\u00e8re. Finalement, ces \u00e9lections lui pos\u00e8rent grand souci mais juste apr\u00e8s le scrutin. Dans plusieurs r\u00e9gions, mode de scrutin proportionnel aidant, certains pr\u00e9sidents de droite souhait\u00e8rent en effet conserver leur si\u00e8ge avec l\u2019aide du FN, ce qui f\u00e2cha S\u00e9guin pour de bon. S\u2019allier au FN pour repeindre les lyc\u00e9es\u00a0? S\u00e9guin trouvait \u00e7a surr\u00e9aliste\u00a0!<!--more--><\/p>\n<p>Dix-sept ans apr\u00e8s, les \u00e9lections r\u00e9gionales ne passionnent toujours pas les foules et le FN reste la seule attraction de la campagne. Mais pourquoi donc les \u00e9lections r\u00e9gionales affichent-elles toujours (avec les \u00e9lections europ\u00e9ennes) les taux d\u2019abstention les plus forts (si l\u2019on excepte 1986, alors que le scrutin \u00e9tait coupl\u00e9 avec des \u00e9lections l\u00e9gislatives d\u00e9cisives)\u00a0? Evidemment, les comp\u00e9tences de la r\u00e9gion sont peu connues et ne suscitent pas beaucoup l\u2019int\u00e9r\u00eat des \u00e9lecteurs. Mais surtout, et on l\u2019oublie souvent, l\u2019exercice de la d\u00e9mocratie r\u00e9clame un sentiment d\u2019appartenance important que le d\u00e9coupage r\u00e9gional ne garantit pas toujours. Des constructions artificielles comme Midi-Pyr\u00e9n\u00e9es, Rh\u00f4ne-Alpes, Centre ou PACA, peinent \u00e0 susciter un tel sentiment. M\u00eame les citoyens des r\u00e9gions historiquement marqu\u00e9es, comme la Bretagne, n\u2019\u00e9prouvent qu\u2019un faible sentiment d\u2019appartenance, du fait de l\u2019absence de la Loire-Atlantique\u00a0: pas facile de s\u2019identifier \u00e0 une r\u00e9gion d\u00e9membr\u00e9e.<\/p>\n<p>Ce d\u00e9ficit de sentiment d\u2019appartenance est essentiel. Les communes et les d\u00e9partements pr\u00e9existaient \u00e0 l\u2019exercice de la d\u00e9mocratie en leur sein. Les citoyens ont donc eu du temps pour construire l\u2019identification. Pour la r\u00e9gion, c\u2019\u00e9tait d\u00e9j\u00e0 plus difficile \u00e0 l\u2019origine. Avant d\u2019\u00eatre \u00e9rig\u00e9e en collectivit\u00e9 territoriale par les lois de d\u00e9centralisation (1982-1985), la r\u00e9gion existait avec le m\u00eame d\u00e9coupage sous la forme de CODER, et avait \u00e9t\u00e9 dot\u00e9e de quelques comp\u00e9tences. Rien de folichon mais c\u2019\u00e9tait d\u00e9j\u00e0 \u00e7a. Or, dans ces \u00e9lections de d\u00e9cembre 2015, on demande aux \u00e9lecteurs de venir voter pour des r\u00e9gions qui viennent d\u2019\u00eatre cr\u00e9\u00e9es et qui n\u2019ont jamais exist\u00e9 (hormis pour cinq d\u2019entre elles). Bref, on met la charrue avant les b\u0153ufs.<\/p>\n<p>Qui plus est, le d\u00e9coupage semble avoir \u00e9t\u00e9 r\u00e9alis\u00e9 sur un coin de table en fonction des int\u00e9r\u00eats \u00e9lectoraux du parti au pouvoir, ce qui laisse augurer d\u2019un taux de participation encore plus catastrophique que d\u2019habitude.<\/p>\n<p>Franchement, qui voudrait se d\u00e9placer pour savoir qui dirigera la Bourgogne-Franche-Comt\u00e9, de Saint-Claude, orient\u00e9e vers le Lyonnais, \u00e0 Sens, tourn\u00e9e vers la r\u00e9gion parisienne ? Que pensera l\u2019\u00e9lecteur de ces mastodontes informes que sont les r\u00e9gions Languedoc-Roussillon-Midi-Pyr\u00e9n\u00e9es, qui court de Villeneuve-l\u00e8s-Avignon \u00e0 Tarbes, ou Aquitaine-Limousin-Poitou-Charentes, qui englobe le bocage bressuirais et le Pays basque\u00a0? Pas \u00e9tonnant que le chaland reste chez lui plut\u00f4t que de s\u2019int\u00e9resser \u00e0 ce \u00ab\u00a0machin\u00a0\u00bb\u00a0! Ne pas comprendre l\u2019un des ressorts les plus importants du m\u00e9canisme d\u00e9mocratique aboutit \u00e0 ce genre d\u2019\u00e9cueil. Mais apr\u00e8s tout, on est habitu\u00e9\u00a0: ceux qui ont d\u00e9coup\u00e9 ces territoires et organis\u00e9 ces \u00e9lections sont les m\u00eames qui croient d\u00e9cr\u00e9ter depuis des ann\u00e9es un \u00ab\u00a0peuple europ\u00e9en\u00a0\u00bb inexistant.<\/p>\n<p>En fait, la seule chose qui int\u00e9resse le monde politico-m\u00e9diatique, c\u2019est le r\u00f4le que le FN va jouer dans le scrutin. Toute la question est de savoir si le Front national remportera une, plusieurs ou aucune r\u00e9gion, et s\u2019il y aura ou non front r\u00e9publicain ou pas. L\u2019issue de ces \u00e9lections n\u2019a rien de r\u00e9gionale puisqu\u2019elle influera sur le cours de l\u2019\u00e9lection reine, \u00e0 savoir la pr\u00e9sidentielle.<\/p>\n<p>Ainsi, parmi les rares personnes \u00e0 s\u2019int\u00e9resser \u00e0 la campagne, on trouve les partisans d\u2019une victoire du FN dans au moins une r\u00e9gion afin de montrer \u00e0 la France ce que pourrait signifier l\u2019arriv\u00e9e de ce parti \u00e0 l\u2019Elys\u00e9e dix-huit mois plus tard. Ceux-l\u00e0 se font certainement quelques illusions. Marine ou Marion Le Pen n\u2019auront pas mat\u00e9riellement le temps de repeindre en brun tous les lyc\u00e9es de leurs r\u00e9gions respectives.<\/p>\n","protected":false},"excerpt":{"rendered":"<p>Abstention et vote FN: on prend les m\u00eames\u2026 &nbsp; Une campagne r\u00e9gionale qui n\u2019int\u00e9resse pas grand-monde\u00a0? Cela ne date pas d\u2019aujourd\u2019hui. Je me souviens de 1998, apr\u00e8s que Philippe S\u00e9guin avait pris la t\u00eate du RPR. La premi\u00e8re campagne \u00e9lectorale qu&rsquo;il dut organiser fut les r\u00e9gionales. C\u2019est peu dire qu\u2019il n\u2019\u00e9tait pas passionn\u00e9 par ce [&hellip;]<\/p>\n","protected":false},"author":10,"featured_media":0,"comment_status":"open","ping_status":"open","sticky":false,"template":"","format":"standard","meta":{"footnotes":""},"categories":[5],"tags":[],"class_list":{"0":"post-3068","1":"post","2":"type-post","3":"status-publish","4":"format-standard","6":"category-sulfate"},"_links":{"self":[{"href":"https:\/\/blog.causeur.fr\/antidote\/wp-json\/wp\/v2\/posts\/3068","targetHints":{"allow":["GET"]}}],"collection":[{"href":"https:\/\/blog.causeur.fr\/antidote\/wp-json\/wp\/v2\/posts"}],"about":[{"href":"https:\/\/blog.causeur.fr\/antidote\/wp-json\/wp\/v2\/types\/post"}],"author":[{"embeddable":true,"href":"https:\/\/blog.causeur.fr\/antidote\/wp-json\/wp\/v2\/users\/10"}],"replies":[{"embeddable":true,"href":"https:\/\/blog.causeur.fr\/antidote\/wp-json\/wp\/v2\/comments?post=3068"}],"version-history":[{"count":0,"href":"https:\/\/blog.causeur.fr\/antidote\/wp-json\/wp\/v2\/posts\/3068\/revisions"}],"wp:attachment":[{"href":"https:\/\/blog.causeur.fr\/antidote\/wp-json\/wp\/v2\/media?parent=3068"}],"wp:term":[{"taxonomy":"category","embeddable":true,"href":"https:\/\/blog.causeur.fr\/antidote\/wp-json\/wp\/v2\/categories?post=3068"},{"taxonomy":"post_tag","embeddable":true,"href":"https:\/\/blog.causeur.fr\/antidote\/wp-json\/wp\/v2\/tags?post=3068"}],"curies":[{"name":"wp","href":"https:\/\/api.w.org\/{rel}","templated":true}]}}