{"id":309,"date":"2009-06-13T18:44:00","date_gmt":"2009-06-13T17:44:00","guid":{"rendered":"http:\/\/carnet.causeur.fr\/antidote\/?p=309"},"modified":"2021-04-26T16:12:03","modified_gmt":"2021-04-26T14:12:03","slug":"vous-aviez-ditsanctuaire","status":"publish","type":"post","link":"https:\/\/blog.causeur.fr\/antidote\/vous-aviez-ditsanctuaire-309","title":{"rendered":"Vous aviez dit&#8230;sanctuaire ?"},"content":{"rendered":"<p>Un ancien ministre de Jacques Chirac confiait lundi \u00e0 l&rsquo;un des mes bons amis : <em>\u00ab\u00a0Le petit ne va plus se sentir\u00a0\u00bb<\/em>. On n&rsquo;a pas tard\u00e9 \u00e0 s&rsquo;en apercevoir.<\/p>\n<p>S&rsquo;exprimant dans un \u00e9tablissement scolaire de Gennevilliers mercredi, il s&rsquo;est prononc\u00e9 pour l&rsquo;ouverture des lyc\u00e9es les fins de semaine et pendant les vacances. Vous avez bien lu. Il y a quelques semaines \u00e0 peine, le m\u00eame homme r\u00e9clamait l&rsquo;ardente n\u00e9cessit\u00e9 de sanc-tua-ri-ser ces m\u00eames \u00e9tablissements. Il faut dire que nous avions assist\u00e9 \u00e0 des intrusions de bandes munies de battes de base-ball ou \u00e0 des poignardages de professeurs. Cette sanctuarisation \u00e9tait d\u00e9clin\u00e9e en diverses propositions comme la cr\u00e9ation de brigades sp\u00e9cialis\u00e9es dans l&rsquo;\u00e9ducation nationale, l&rsquo;attribution du statut d&rsquo;officier de police judiciaire aux proviseurs, l&rsquo;autorisation donn\u00e9e \u00e0 ces derniers d&rsquo;ordonner la fouille des \u00e9l\u00e8ves et l&rsquo;installation de portiques d\u00e9tecteurs de m\u00e9taux \u00e0 l&rsquo;entr\u00e9e des \u00e9tablissements.<\/p>\n<p>Et hop ! De trop ouverts, au crime et \u00e0 la d\u00e9linquance, voil\u00e0 que nos lyc\u00e9es deviennent trop ferm\u00e9s. Ils sont boucl\u00e9s pendant cinq mois, vacances et cong\u00e9s de fin de semaine compris[1. Dans un souci de mod\u00e9ration, il n&rsquo;a pas \u00e9voqu\u00e9 la nuit, ce qui porterait son \u00e9valuation de l&rsquo;occupation des lyc\u00e9es \u00e0 trois mois seulement sur douze]. Il ne s&rsquo;agit pas d&rsquo;une bonne utilisation des deniers et investissement publics, nous dit le Pr\u00e9sident de la R\u00e9publique. On pourrait lui r\u00e9torquer que mobiliser des adultes pour encadrer les \u00e9l\u00e8ves dans ces moments l\u00e0 co\u00fbterait sans doute beaucoup plus cher au contribuable que la triste observation de b\u00e2timent vide quand il n&rsquo;y a pas \u00e9cole. Stop ! Monsieur le Pr\u00e9sident a la parade ! Il va\u00a0 confier aux lyc\u00e9ens les clefs du lyc\u00e9e ! Pour faire tourner le cin\u00e9-club, ouvrir la biblioth\u00e8que, la salle de spectacle\u00a0 et organiser des comp\u00e9titions dans les \u00e9quipements sportifs. Cela les responsabilisera, ajoute t-il. Devront-ils donc, logiquement aussi, se fouiller entre eux, g\u00e9rer le portique d\u00e9tecteur de m\u00e9taux, se former \u00e0 la r\u00e9ception des bandes du quartier voisin[2. Il va de soi que ces propositions s&rsquo;appliquent en premier lieu aux \u00e9tablissements situ\u00e9s dans les quartiers difficiles. Dans les lyc\u00e9es du centre-ville, les \u00e9l\u00e8ves ont davantage les moyens d&rsquo;aller au vrai cin\u00e9ma, d&rsquo;aller voir des vrais spectacles et de faire du sport dans des clubs] ?<\/p>\n<p>Certains esprits chagrins verront dans ce changement de discours le simple fait que, les \u00e9lections europ\u00e9ennes pass\u00e9es, le th\u00e8me de la s\u00e9curit\u00e9 des \u00e9tablissements scolaires devient moins prioritaire. Je dois \u00e9crire que je ne suis pas certain de partager leur point de vue. Dans sa volont\u00e9 de faire des \u00ab\u00a0coups\u00a0\u00bb, de g\u00e9rer l&rsquo;agenda m\u00e9diatique, de cr\u00e9er sans cesse l&rsquo;\u00e9v\u00e8nement, Nicolas Sarkozy proc\u00e8de ainsi sur tous les sujets aussi bien en contexte \u00e9lectoral qu&rsquo;en p\u00e9riode hors-\u00e9lectorale. Afin d&rsquo;occuper le journaliste, il dit tout et, surtout, il dit n&rsquo;importe quoi.<\/p>\n<p>Dans le cadre de la modification constitutionnelle, le Pr\u00e9sident de la R\u00e9publique s&rsquo;exprimera bient\u00f4t devant les deux assembl\u00e9es r\u00e9unies en congr\u00e8s. Il s&rsquo;agit, d&rsquo;apr\u00e8s l&rsquo;Elys\u00e9e, de <em>\u00ab\u00a0mettre son action en perspective\u00a0\u00bb<\/em>. Mort de rire.<\/p>\n","protected":false},"excerpt":{"rendered":"<p>Quelques semaines apr\u00e8s avoir propos\u00e9 de sanctuariser les \u00e9tablissements, Nicolas Sarkozy demande maintenant \u00e0 ce qu&rsquo;ils soient ouverts et g\u00e9r\u00e9s par les lyc\u00e9ens hors p\u00e9riodes scolaires.<\/p>\n","protected":false},"author":10,"featured_media":0,"comment_status":"open","ping_status":"closed","sticky":false,"template":"","format":"standard","meta":{"footnotes":""},"categories":[5],"tags":[],"class_list":{"0":"post-309","1":"post","2":"type-post","3":"status-publish","4":"format-standard","6":"category-sulfate"},"_links":{"self":[{"href":"https:\/\/blog.causeur.fr\/antidote\/wp-json\/wp\/v2\/posts\/309","targetHints":{"allow":["GET"]}}],"collection":[{"href":"https:\/\/blog.causeur.fr\/antidote\/wp-json\/wp\/v2\/posts"}],"about":[{"href":"https:\/\/blog.causeur.fr\/antidote\/wp-json\/wp\/v2\/types\/post"}],"author":[{"embeddable":true,"href":"https:\/\/blog.causeur.fr\/antidote\/wp-json\/wp\/v2\/users\/10"}],"replies":[{"embeddable":true,"href":"https:\/\/blog.causeur.fr\/antidote\/wp-json\/wp\/v2\/comments?post=309"}],"version-history":[{"count":0,"href":"https:\/\/blog.causeur.fr\/antidote\/wp-json\/wp\/v2\/posts\/309\/revisions"}],"wp:attachment":[{"href":"https:\/\/blog.causeur.fr\/antidote\/wp-json\/wp\/v2\/media?parent=309"}],"wp:term":[{"taxonomy":"category","embeddable":true,"href":"https:\/\/blog.causeur.fr\/antidote\/wp-json\/wp\/v2\/categories?post=309"},{"taxonomy":"post_tag","embeddable":true,"href":"https:\/\/blog.causeur.fr\/antidote\/wp-json\/wp\/v2\/tags?post=309"}],"curies":[{"name":"wp","href":"https:\/\/api.w.org\/{rel}","templated":true}]}}